{"id":1533,"date":"2015-04-28T19:06:31","date_gmt":"2015-04-28T19:06:31","guid":{"rendered":"http:\/\/blogs.hoy.es\/moterosdehoy\/?p=1533"},"modified":"2015-04-28T19:06:31","modified_gmt":"2015-04-28T19:06:31","slug":"segundo-festival-rolling-custom-rock-de-plasencia","status":"publish","type":"post","link":"https:\/\/blogs.hoy.es\/moterosdehoy\/2015\/04\/28\/segundo-festival-rolling-custom-rock-de-plasencia\/","title":{"rendered":"Segundo Festival Rolling Custom Rock de Plasencia"},"content":{"rendered":"<p>Estamos entrando en Mayo y en Plasencia (C\u00e1ceres) tenemos un gran evento, en el se unen buena m\u00fasica y ambiente motero. Aunque no hace falta tener moto para disfrutar del evento.<\/p>\n<p><a href=\"\/moterosdehoy\/wp-content\/uploads\/sites\/45\/2015\/04\/2015-mayo-Plasencia.jpg\"><img loading=\"lazy\" class=\"alignleft size-medium wp-image-1534\" title=\"2015 mayo Plasencia\" src=\"\/moterosdehoy\/wp-content\/uploads\/sites\/45\/2015\/04\/2015-mayo-Plasencia.jpg\" alt=\"\" width=\"300\" height=\"251\" srcset=\"https:\/\/static-blogs.hoy.es\/wp-content\/uploads\/sites\/45\/2015\/04\/2015-mayo-Plasencia.jpg 460w, https:\/\/static-blogs.hoy.es\/wp-content\/uploads\/sites\/45\/2015\/04\/2015-mayo-Plasencia-300x251.jpg 300w\" sizes=\"(max-width: 300px) 100vw, 300px\" \/><\/a>El s\u00e1bado d\u00eda 2 de mayo 2015, nos han organizado un festival que continuando en la l\u00ednea del a\u00f1o anterior, cuando tuvo lugar su primera edici\u00f3n, tendr\u00e1 lugar en el recinto ferial y es accesible para personas con discapacidad auditiva y\/o f\u00edsica, pues como dicen sus organizadores &#8220;todo el mundo tiene derecho a disfrutar de la m\u00fasica&#8221;<\/p>\n<p>Para \u00e9sta segunda edici\u00f3n nos han preparado un cartel en el que re\u00fanen rock de nuestra casa (Extremadura), pero sin abandonar a los dem\u00e1s, en total siete grupos que dejar\u00e1n huella, entre ellos, The Brew, Toreros Muertos, Star Mafia Boy, Farragua, Los Brazos, Contrabanda y Celda 47.<\/p>\n<p>Para poder acceder dispones de unas entradas de 20 euros y 15 en venta anticipada, adem\u00e1s los moteros disponemos de unos pack en los que incluyen zona de acampada, con consumiciones, zona de aparcamiento vigilado, pins y parches conmemorativos&#8230; por 20 euros o 30 \u20ac si prefieres con comida y cena incluida.<\/p>\n<p>Si quieres saber todo lo que incluyen los pack moteros o m\u00e1s informaci\u00f3n del evento, <a title=\"Web de Rolling Custom Rock\" href=\"http:\/\/rollingcustomrock.es\/\" target=\"_blank\" rel=\"external nofollow\">lo encontrar\u00e1s en su web<\/a>.<\/p>\n<p>Un fin de semana cargado de buena m\u00fasica, tengas moto o no, p\u00e1sate y no te arrepentir\u00e1s.<\/p>\n<p>Saludos y r\u00e1fagas.<\/p>\n<p>&nbsp;<\/p>\n<!-- AddThis Advanced Settings generic via filter on the_content --><!-- AddThis Share Buttons generic via filter on the_content -->","protected":false},"excerpt":{"rendered":"<p>Estamos entrando en Mayo y en Plasencia (C\u00e1ceres) tenemos un gran evento, en el se unen buena m\u00fasica y ambiente motero. Aunque no hace falta tener moto para disfrutar del evento. El s\u00e1bado d\u00eda 2 de mayo 2015, nos han organizado un festival que continuando en la l\u00ednea del a\u00f1o anterior, cuando tuvo lugar su [&hellip;]<!-- AddThis Advanced Settings generic via filter on get_the_excerpt --><!-- AddThis Share Buttons generic via filter on get_the_excerpt --><\/p>\n","protected":false},"author":49,"featured_media":0,"comment_status":"open","ping_status":"closed","sticky":false,"template":"","format":"standard","meta":[],"categories":[13],"tags":[403,611,622,733],"_links":{"self":[{"href":"https:\/\/blogs.hoy.es\/moterosdehoy\/wp-json\/wp\/v2\/posts\/1533"}],"collection":[{"href":"https:\/\/blogs.hoy.es\/moterosdehoy\/wp-json\/wp\/v2\/posts"}],"about":[{"href":"https:\/\/blogs.hoy.es\/moterosdehoy\/wp-json\/wp\/v2\/types\/post"}],"author":[{"embeddable":true,"href":"https:\/\/blogs.hoy.es\/moterosdehoy\/wp-json\/wp\/v2\/users\/49"}],"replies":[{"embeddable":true,"href":"https:\/\/blogs.hoy.es\/moterosdehoy\/wp-json\/wp\/v2\/comments?post=1533"}],"version-history":[{"count":0,"href":"https:\/\/blogs.hoy.es\/moterosdehoy\/wp-json\/wp\/v2\/posts\/1533\/revisions"}],"wp:attachment":[{"href":"https:\/\/blogs.hoy.es\/moterosdehoy\/wp-json\/wp\/v2\/media?parent=1533"}],"wp:term":[{"taxonomy":"category","embeddable":true,"href":"https:\/\/blogs.hoy.es\/moterosdehoy\/wp-json\/wp\/v2\/categories?post=1533"},{"taxonomy":"post_tag","embeddable":true,"href":"https:\/\/blogs.hoy.es\/moterosdehoy\/wp-json\/wp\/v2\/tags?post=1533"}],"curies":[{"name":"wp","href":"https:\/\/api.w.org\/{rel}","templated":true}]}}