{"id":1536,"date":"2015-04-29T17:03:52","date_gmt":"2015-04-29T17:03:52","guid":{"rendered":"http:\/\/blogs.hoy.es\/moterosdehoy\/?p=1536"},"modified":"2015-04-29T17:03:52","modified_gmt":"2015-04-29T17:03:52","slug":"reunion-motera-en-campillo-de-llerena","status":"publish","type":"post","link":"https:\/\/blogs.hoy.es\/moterosdehoy\/2015\/04\/29\/reunion-motera-en-campillo-de-llerena\/","title":{"rendered":"Reuni\u00f3n Motera en Campillo de Llerena"},"content":{"rendered":"<p>Bajo el nombre de &#8220;I Reuni\u00f3n motera <a title=\"Campillo de Llerena en wikipedia\" href=\"http:\/\/es.wikipedia.org\/wiki\/Campillo_de_Llerena\" target=\"_blank\" rel=\"external nofollow\">Campillo de Llerena<\/a>&#8220;, nos traen para los<strong> d\u00edas 2 y 3 de mayo<\/strong> 2015 una quedada en la piscina municipal de su localidad, Campillo de Llerena (Badajoz).<\/p>\n<p><a href=\"\/moterosdehoy\/wp-content\/uploads\/sites\/45\/2015\/04\/2015-mayo-Campillo-de-Llerena.jpg\"><img loading=\"lazy\" class=\"alignleft size-medium wp-image-1537\" title=\"2015 mayo Campillo de Llerena\" src=\"\/moterosdehoy\/wp-content\/uploads\/sites\/45\/2015\/04\/2015-mayo-Campillo-de-Llerena.jpg\" alt=\"\" width=\"225\" height=\"300\" srcset=\"https:\/\/static-blogs.hoy.es\/wp-content\/uploads\/sites\/45\/2015\/04\/2015-mayo-Campillo-de-Llerena.jpg 720w, https:\/\/static-blogs.hoy.es\/wp-content\/uploads\/sites\/45\/2015\/04\/2015-mayo-Campillo-de-Llerena-225x300.jpg 225w\" sizes=\"(max-width: 225px) 100vw, 225px\" \/><\/a>El punto de encuentro ser\u00e1 en la propia piscina municipal de la localidad a partir de las 22 horas del s\u00e1bado d\u00eda 2 de mayo, donde posteriormente habr\u00e1 una actuaci\u00f3n del grupo de rock DELTOYA, tributo de Extremoduro, para todo el p\u00fablico.<\/p>\n<p>Para evitar desplazamientos, en el propio recinto habr\u00e1 zona de acampada y duchas, y para el domingo programaci\u00f3n de quedada motera:<\/p>\n<p>&#8211; A partir de las 09:00 horas desayuno.<\/p>\n<p>&#8211; Despu\u00e9s ruta por la zona, con parada en Magila, donde habr\u00e1 un refrigerio.<\/p>\n<p>&#8211; De regreso a Campillo de Llerena, comida, copas, premios&#8230; Para poder acceder a todo ello hay una <strong>inscripci\u00f3n de 12 euros<\/strong>.<\/p>\n<p>En fin, todo lo necesario para pasar un buen d\u00eda entre colegas y buena gente que puedas conocer. Para m\u00e1s informaci\u00f3n dispones de telf de contacto en el cartel.<\/p>\n<p>Saludos y r\u00e1fagas.<\/p>\n<!-- AddThis Advanced Settings generic via filter on the_content --><!-- AddThis Share Buttons generic via filter on the_content -->","protected":false},"excerpt":{"rendered":"<p>Bajo el nombre de &#8220;I Reuni\u00f3n motera Campillo de Llerena&#8220;, nos traen para los d\u00edas 2 y 3 de mayo 2015 una quedada en la piscina municipal de su localidad, Campillo de Llerena (Badajoz). El punto de encuentro ser\u00e1 en la propia piscina municipal de la localidad a partir de las 22 horas del s\u00e1bado [&hellip;]<!-- AddThis Advanced Settings generic via filter on get_the_excerpt --><!-- AddThis Share Buttons generic via filter on get_the_excerpt --><\/p>\n","protected":false},"author":49,"featured_media":0,"comment_status":"open","ping_status":"closed","sticky":false,"template":"","format":"standard","meta":[],"categories":[13],"tags":[332,611,622,841],"_links":{"self":[{"href":"https:\/\/blogs.hoy.es\/moterosdehoy\/wp-json\/wp\/v2\/posts\/1536"}],"collection":[{"href":"https:\/\/blogs.hoy.es\/moterosdehoy\/wp-json\/wp\/v2\/posts"}],"about":[{"href":"https:\/\/blogs.hoy.es\/moterosdehoy\/wp-json\/wp\/v2\/types\/post"}],"author":[{"embeddable":true,"href":"https:\/\/blogs.hoy.es\/moterosdehoy\/wp-json\/wp\/v2\/users\/49"}],"replies":[{"embeddable":true,"href":"https:\/\/blogs.hoy.es\/moterosdehoy\/wp-json\/wp\/v2\/comments?post=1536"}],"version-history":[{"count":0,"href":"https:\/\/blogs.hoy.es\/moterosdehoy\/wp-json\/wp\/v2\/posts\/1536\/revisions"}],"wp:attachment":[{"href":"https:\/\/blogs.hoy.es\/moterosdehoy\/wp-json\/wp\/v2\/media?parent=1536"}],"wp:term":[{"taxonomy":"category","embeddable":true,"href":"https:\/\/blogs.hoy.es\/moterosdehoy\/wp-json\/wp\/v2\/categories?post=1536"},{"taxonomy":"post_tag","embeddable":true,"href":"https:\/\/blogs.hoy.es\/moterosdehoy\/wp-json\/wp\/v2\/tags?post=1536"}],"curies":[{"name":"wp","href":"https:\/\/api.w.org\/{rel}","templated":true}]}}