{"id":1542,"date":"2015-05-09T07:32:36","date_gmt":"2015-05-09T07:32:36","guid":{"rendered":"http:\/\/blogs.hoy.es\/moterosdehoy\/?p=1542"},"modified":"2015-05-09T07:32:36","modified_gmt":"2015-05-09T07:32:36","slug":"concentracion-mototuristica-villa-de-alconchel","status":"publish","type":"post","link":"https:\/\/blogs.hoy.es\/moterosdehoy\/2015\/05\/09\/concentracion-mototuristica-villa-de-alconchel\/","title":{"rendered":"Concentraci\u00f3n mototur\u00edstica Villa de Alconchel"},"content":{"rendered":"<p>Para los que no conozc\u00e1is <a title=\"Alconchel en wikipedia\" href=\"http:\/\/es.wikipedia.org\/wiki\/Alconchel\" target=\"_blank\" rel=\"external nofollow\">Alconchel<\/a>, es una localidad situada en el suroeste de la provincia de Badajoz, a medio camino entre las localidades de Olivenza y Jerez de los Caballeros, y a unos 45 km de Badajoz.<\/p>\n<p><a href=\"\/moterosdehoy\/wp-content\/uploads\/sites\/45\/2015\/05\/2015-mayo-Alconchel.jpg\"><img loading=\"lazy\" class=\"alignleft size-medium wp-image-1543\" title=\"2015 mayo Alconchel\" src=\"\/moterosdehoy\/wp-content\/uploads\/sites\/45\/2015\/05\/2015-mayo-Alconchel.jpg\" alt=\"\" width=\"300\" height=\"207\" srcset=\"https:\/\/static-blogs.hoy.es\/wp-content\/uploads\/sites\/45\/2015\/05\/2015-mayo-Alconchel.jpg 960w, https:\/\/static-blogs.hoy.es\/wp-content\/uploads\/sites\/45\/2015\/05\/2015-mayo-Alconchel-300x208.jpg 300w, https:\/\/static-blogs.hoy.es\/wp-content\/uploads\/sites\/45\/2015\/05\/2015-mayo-Alconchel-768x531.jpg 768w\" sizes=\"(max-width: 300px) 100vw, 300px\" \/><\/a>Es una localidad que no llega a los dos mil habitantes, pero que durante la pr\u00f3xima semana de seguro que tendr\u00e1 muchos m\u00e1s, pues se encuentra en sus ferias y dentro de las actividades del propio Ayuntamiento nos traen una concentraci\u00f3n motera.<\/p>\n<p>La concentraci\u00f3n tendr\u00e1 lugar en la localidad entre los <strong>d\u00edas 16 y 17 de mayo<\/strong>, que con <strong>3 euros de inscripci\u00f3n<\/strong> anuncian el siguiente programa:<\/p>\n<ul>\n<li>\u00a0Bolsa de regalos<\/li>\n<li>\u00a0Degustaciones de comida<\/li>\n<li>\u00a0Cata de vinos<\/li>\n<li>\u00a0Cena barbacoa el s\u00e1bado<\/li>\n<li>\u00a0Comida con paella el domingo<\/li>\n<li>\u00a0Concierto &#8220;Los Barbaritas&#8221;<\/li>\n<li>\u00a0Exposici\u00f3n de motos cl\u00e1sicas<\/li>\n<li>\u00a0Visitas guiadas<\/li>\n<li>\u00a0Ruta por Alqueva<\/li>\n<li>\u00a0<strong>Albergue gratuito para los primeros inscritos<\/strong><\/li>\n<\/ul>\n<p>Como se puede apreciar todo lo necesario para pasar un buen fin de semana con las tres &#8220;B&#8221;, Bueno, Bonito y Barato.<\/p>\n<p>Para los que no hay\u00e1is ido nunca a la concentraci\u00f3n de Alconchel os dir\u00e9 que hace a\u00f1os, muchos, antes del posible efecto 2.000 en la localidad se organizaban unas concentraciones moteras que eran la env\u00eda de todas las dem\u00e1s de la zona, mucha fiesta y muchas motos. Luego como suele pasar por nuestras tierras cuando algo funciona hay que fastidiarlo y sin saber ni como ni porqu\u00e9, se dejaron de hacer all\u00ed concentraciones, incluso disolvi\u00e9ndose el grupo motero que hab\u00eda. A\u00fan recuerdo que en una de las ocasiones que fui se me revent\u00f3 el escape de mi moto, por entonces una <a title=\"Im\u00e1genes de la Kawa GPX 600R\" href=\"https:\/\/www.google.es\/search?q=Kawasaki+GPX+600R&#038;es_sm=93&#038;tbm=isch&#038;tbo=u&#038;source=univ&#038;sa=X&#038;ei=0bdNVZ2sGcniUaKKgdAH&#038;ved=0CCEQsAQ&#038;biw=1366&#038;bih=667\" rel=\"external nofollow\">Kawasaki GPX 600R<\/a>, con un escape Yoshimura, se me acaban de poner los pelos de punta solo de pensar como sonaba. Pero a lo que iba, la pe\u00f1a motera de la localidad se volc\u00f3 conmigo y sacaron cinta americana como para envolver la moto, as\u00ed pude ponerlo en el escape y regresar para casa. \u00c9se es el esp\u00edritu motero, ayudar, rutear, pasarlo bien y como dice mi amigo BROS &#8220;Y PUUUUNTO&#8221;, hay mucho motero que dice serlo por tener una o varias motos y &#8220;eso&#8221; solo es alguien que tiene moto.<\/p>\n<p>Es de agradecer al Ayuntamiento de la localidad que se vuelque con nosotros, los moteros, y haga el esfuerzo para que vuelva a ser un gran lugar para moteros y aficionados apasionados de las motos.<\/p>\n<p>Si necesitas m\u00e1s informaci\u00f3n en el propio cartel tienes opciones de contacto con la organizaci\u00f3n.<\/p>\n<p><a title=\"Enlace al facebook de Moteros de Hoy\" href=\"https:\/\/www.facebook.com\/moteroshoy\" target=\"_blank\" rel=\"external nofollow\">Saludos y r\u00e1fagas<\/a>.<\/p>\n<!-- AddThis Advanced Settings generic via filter on the_content --><!-- AddThis Share Buttons generic via filter on the_content -->","protected":false},"excerpt":{"rendered":"<p>Para los que no conozc\u00e1is Alconchel, es una localidad situada en el suroeste de la provincia de Badajoz, a medio camino entre las localidades de Olivenza y Jerez de los Caballeros, y a unos 45 km de Badajoz. Es una localidad que no llega a los dos mil habitantes, pero que durante la pr\u00f3xima semana [&hellip;]<!-- AddThis Advanced Settings generic via filter on get_the_excerpt --><!-- AddThis Share Buttons generic via filter on get_the_excerpt --><\/p>\n","protected":false},"author":49,"featured_media":0,"comment_status":"open","ping_status":"closed","sticky":false,"template":"","format":"standard","meta":[],"categories":[13],"tags":[247,607,622,624],"_links":{"self":[{"href":"https:\/\/blogs.hoy.es\/moterosdehoy\/wp-json\/wp\/v2\/posts\/1542"}],"collection":[{"href":"https:\/\/blogs.hoy.es\/moterosdehoy\/wp-json\/wp\/v2\/posts"}],"about":[{"href":"https:\/\/blogs.hoy.es\/moterosdehoy\/wp-json\/wp\/v2\/types\/post"}],"author":[{"embeddable":true,"href":"https:\/\/blogs.hoy.es\/moterosdehoy\/wp-json\/wp\/v2\/users\/49"}],"replies":[{"embeddable":true,"href":"https:\/\/blogs.hoy.es\/moterosdehoy\/wp-json\/wp\/v2\/comments?post=1542"}],"version-history":[{"count":0,"href":"https:\/\/blogs.hoy.es\/moterosdehoy\/wp-json\/wp\/v2\/posts\/1542\/revisions"}],"wp:attachment":[{"href":"https:\/\/blogs.hoy.es\/moterosdehoy\/wp-json\/wp\/v2\/media?parent=1542"}],"wp:term":[{"taxonomy":"category","embeddable":true,"href":"https:\/\/blogs.hoy.es\/moterosdehoy\/wp-json\/wp\/v2\/categories?post=1542"},{"taxonomy":"post_tag","embeddable":true,"href":"https:\/\/blogs.hoy.es\/moterosdehoy\/wp-json\/wp\/v2\/tags?post=1542"}],"curies":[{"name":"wp","href":"https:\/\/api.w.org\/{rel}","templated":true}]}}