{"id":1565,"date":"2015-05-19T09:23:45","date_gmt":"2015-05-19T09:23:45","guid":{"rendered":"http:\/\/blogs.hoy.es\/moterosdehoy\/?p=1565"},"modified":"2015-05-19T09:23:45","modified_gmt":"2015-05-19T09:23:45","slug":"quedada-motera-en-villafranco-del-guadiana-badajoz","status":"publish","type":"post","link":"https:\/\/blogs.hoy.es\/moterosdehoy\/2015\/05\/19\/quedada-motera-en-villafranco-del-guadiana-badajoz\/","title":{"rendered":"Quedada motera en Villafranco del Guadiana (Badajoz)"},"content":{"rendered":"<p>Los d\u00edas 29 y 30 de mayo tendr\u00e1 lugar una quedada motera en la localidad de <a title=\"Villafranco del Guadiana en wikipedia\" href=\"http:\/\/es.wikipedia.org\/wiki\/Villafranco_del_Guadiana\" target=\"_blank\" rel=\"external nofollow\">Villafranco del Guadiana<\/a> (Badajoz).<\/p>\n<div id=\"attachment_1566\" style=\"width: 243px\" class=\"wp-caption alignleft\"><a href=\"\/moterosdehoy\/wp-content\/uploads\/sites\/45\/2015\/05\/2015-mayo-Villafranco-del-guadiana.jpg\"><img aria-describedby=\"caption-attachment-1566\" loading=\"lazy\" class=\"size-medium wp-image-1566\" title=\"2015 mayo Villafranco del guadiana\" src=\"\/moterosdehoy\/wp-content\/uploads\/sites\/45\/2015\/05\/2015-mayo-Villafranco-del-guadiana.jpg\" alt=\"\" width=\"233\" height=\"300\" srcset=\"https:\/\/static-blogs.hoy.es\/wp-content\/uploads\/sites\/45\/2015\/05\/2015-mayo-Villafranco-del-guadiana.jpg 718w, https:\/\/static-blogs.hoy.es\/wp-content\/uploads\/sites\/45\/2015\/05\/2015-mayo-Villafranco-del-guadiana-234x300.jpg 234w\" sizes=\"(max-width: 233px) 100vw, 233px\" \/><\/a><p id=\"caption-attachment-1566\" class=\"wp-caption-text\">Cartel del evento<\/p><\/div>\n<p>El <strong>viernes 29<\/strong> comenzar\u00e1 la fiesta sobre las 22:30 horas, con la bienvenida del MotoClub Angie Lee de M\u00f3stoles, seguido de concierto en Bocanroll.<\/p>\n<p>Para el <strong>s\u00e1bado<\/strong> ya tienen preparadas m\u00e1s actividades, entre ellas:<\/p>\n<p>Entre 09:30 y 10:30 h. desayuno en Restaurante Virgen de la Ribera.<\/p>\n<p>A las 10:30 h. ruta motera, que se alargar\u00e1 hasta las 13:30 h.<\/p>\n<p>13:30 h. <strong>paellada gratis<\/strong> en Nuevo Bar Tu Casa, donde habr\u00e1 m\u00fasica por DJ.<\/p>\n<p>20:30 h. actuaci\u00f3n del grupo &#8220;Los Flamenkos&#8221;<\/p>\n<p>De seguro que se pasar\u00e1 un rato fenomenal entre amigos, adem\u00e1s al estar a un paso de Badajoz seguro que se acerca mucho curioso.<\/p>\n<p>Saludos y r\u00e1fagas.<\/p>\n<!-- AddThis Advanced Settings generic via filter on the_content --><!-- AddThis Share Buttons generic via filter on the_content -->","protected":false},"excerpt":{"rendered":"<p>Los d\u00edas 29 y 30 de mayo tendr\u00e1 lugar una quedada motera en la localidad de Villafranco del Guadiana (Badajoz). El viernes 29 comenzar\u00e1 la fiesta sobre las 22:30 horas, con la bienvenida del MotoClub Angie Lee de M\u00f3stoles, seguido de concierto en Bocanroll. Para el s\u00e1bado ya tienen preparadas m\u00e1s actividades, entre ellas: Entre [&hellip;]<!-- AddThis Advanced Settings generic via filter on get_the_excerpt --><!-- AddThis Share Buttons generic via filter on get_the_excerpt --><\/p>\n","protected":false},"author":49,"featured_media":0,"comment_status":"open","ping_status":"closed","sticky":false,"template":"","format":"standard","meta":[],"categories":[13],"tags":[64,622,626,824],"_links":{"self":[{"href":"https:\/\/blogs.hoy.es\/moterosdehoy\/wp-json\/wp\/v2\/posts\/1565"}],"collection":[{"href":"https:\/\/blogs.hoy.es\/moterosdehoy\/wp-json\/wp\/v2\/posts"}],"about":[{"href":"https:\/\/blogs.hoy.es\/moterosdehoy\/wp-json\/wp\/v2\/types\/post"}],"author":[{"embeddable":true,"href":"https:\/\/blogs.hoy.es\/moterosdehoy\/wp-json\/wp\/v2\/users\/49"}],"replies":[{"embeddable":true,"href":"https:\/\/blogs.hoy.es\/moterosdehoy\/wp-json\/wp\/v2\/comments?post=1565"}],"version-history":[{"count":0,"href":"https:\/\/blogs.hoy.es\/moterosdehoy\/wp-json\/wp\/v2\/posts\/1565\/revisions"}],"wp:attachment":[{"href":"https:\/\/blogs.hoy.es\/moterosdehoy\/wp-json\/wp\/v2\/media?parent=1565"}],"wp:term":[{"taxonomy":"category","embeddable":true,"href":"https:\/\/blogs.hoy.es\/moterosdehoy\/wp-json\/wp\/v2\/categories?post=1565"},{"taxonomy":"post_tag","embeddable":true,"href":"https:\/\/blogs.hoy.es\/moterosdehoy\/wp-json\/wp\/v2\/tags?post=1565"}],"curies":[{"name":"wp","href":"https:\/\/api.w.org\/{rel}","templated":true}]}}