{"id":1567,"date":"2015-05-20T09:15:04","date_gmt":"2015-05-20T09:15:04","guid":{"rendered":"http:\/\/blogs.hoy.es\/moterosdehoy\/?p=1567"},"modified":"2015-05-20T09:15:04","modified_gmt":"2015-05-20T09:15:04","slug":"v-ruta-por-la-vera-caceres","status":"publish","type":"post","link":"https:\/\/blogs.hoy.es\/moterosdehoy\/2015\/05\/20\/v-ruta-por-la-vera-caceres\/","title":{"rendered":"V Ruta por la Vera (C\u00e1ceres)"},"content":{"rendered":"<p>El club motero &#8220;El Myzil&#8221; de la localidad de <a title=\"Villanueva de la Vera en wikipedia\" href=\"http:\/\/es.wikipedia.org\/wiki\/Villanueva_de_la_Vera\" target=\"_blank\" rel=\"external nofollow\">Villanueva de la Vera<\/a> (C\u00e1ceres) nos tiene preparada su quinta ruta por La Vera.<\/p>\n<div id=\"attachment_1568\" style=\"width: 235px\" class=\"wp-caption alignleft\"><a href=\"\/moterosdehoy\/wp-content\/uploads\/sites\/45\/2015\/05\/2015-mayo-La-Vera.jpg\"><img aria-describedby=\"caption-attachment-1568\" loading=\"lazy\" class=\"size-medium wp-image-1568\" title=\"2015 mayo La Vera\" src=\"\/moterosdehoy\/wp-content\/uploads\/sites\/45\/2015\/05\/2015-mayo-La-Vera.jpg\" alt=\"\" width=\"225\" height=\"300\" srcset=\"https:\/\/static-blogs.hoy.es\/wp-content\/uploads\/sites\/45\/2015\/05\/2015-mayo-La-Vera.jpg 720w, https:\/\/static-blogs.hoy.es\/wp-content\/uploads\/sites\/45\/2015\/05\/2015-mayo-La-Vera-225x300.jpg 225w\" sizes=\"(max-width: 225px) 100vw, 225px\" \/><\/a><p id=\"caption-attachment-1568\" class=\"wp-caption-text\">Cartel del evento<\/p><\/div>\n<p>A simple vista parece una ruta de un grupo motero, pero nada m\u00e1s lejos de la realidad. Dentro del programa tienen preparados conciertos de rock, tanto para la noche del viernes, como para la del s\u00e1bado, por supuesto que habr\u00e1 ruta motera, pero tambi\u00e9n la habr\u00e1 senderista, y adem\u00e1s tendr\u00e1n un quir\u00f3fano para hacer Tattoo, todo ello por una inscripci\u00f3n de 15 euros, que adem\u00e1s te dar\u00e1 acceso a una camiseta, una comida y siete consumiciones.<\/p>\n<p>Dentro del programa tienen previsto:<\/p>\n<p><strong>VIERNES 29<\/strong><\/p>\n<p>&#8211; 19:30 h. Apertura de inscripciones en la zona de acampada (piscina municipal)<\/p>\n<p>&#8211; 21:00 h. Aperitivo de bienvenida a los clubes moteros.<\/p>\n<p>&#8211; 22:30 h. Concierto de rock &#038; roll.<\/p>\n<p><strong>S\u00c1BADO 30<\/strong><\/p>\n<p>&#8211; 11:30 h. Ruta motera, tendr\u00e1 dos paradas con aperitivo.<\/p>\n<p>&#8211; 14:30 h. Ca\u00f1itas en la plaza.<\/p>\n<p>&#8211; 15:30 h. Almuerzo en la carpa.<\/p>\n<p>-18:00 h. Ruta senderista, buenas vistas y mucha agua.<\/p>\n<p>&#8211; 21:30 h. Concierto de rock &#038; roll.<\/p>\n<p>Para los que no quieran descanso, durante todo el d\u00eda habr\u00e1 m\u00fasica y mercadillo motero. Est\u00e1 claro que el buen rollo est\u00e1 garantizado, no dudes en pasar por all\u00ed y disfrutarlo, seguro que los Villanovenses o como se llaman coloquialmente Partochos har\u00e1n que te sientas como en casa. Adem\u00e1s sino conoces la zona es una \u00e9poca preciosa, pues sus paisajes llenos de gargantas, robledales, casta\u00f1ares, monte bajo y dehesas, as\u00ed como su naturaleza modificada, por los cultivos de tabaco y pimiento, te dar\u00e1n infinidad de panor\u00e1micas que te agradecer\u00e1n llevar la c\u00e1mara fotogr\u00e1fica.<\/p>\n<p>Saludos y r\u00e1fagas.<\/p>\n<!-- AddThis Advanced Settings generic via filter on the_content --><!-- AddThis Share Buttons generic via filter on the_content -->","protected":false},"excerpt":{"rendered":"<p>El club motero &#8220;El Myzil&#8221; de la localidad de Villanueva de la Vera (C\u00e1ceres) nos tiene preparada su quinta ruta por La Vera. A simple vista parece una ruta de un grupo motero, pero nada m\u00e1s lejos de la realidad. Dentro del programa tienen preparados conciertos de rock, tanto para la noche del viernes, como [&hellip;]<!-- AddThis Advanced Settings generic via filter on get_the_excerpt --><!-- AddThis Share Buttons generic via filter on get_the_excerpt --><\/p>\n","protected":false},"author":49,"featured_media":0,"comment_status":"open","ping_status":"closed","sticky":false,"template":"","format":"standard","meta":[],"categories":[13],"tags":[362,622,878,976],"_links":{"self":[{"href":"https:\/\/blogs.hoy.es\/moterosdehoy\/wp-json\/wp\/v2\/posts\/1567"}],"collection":[{"href":"https:\/\/blogs.hoy.es\/moterosdehoy\/wp-json\/wp\/v2\/posts"}],"about":[{"href":"https:\/\/blogs.hoy.es\/moterosdehoy\/wp-json\/wp\/v2\/types\/post"}],"author":[{"embeddable":true,"href":"https:\/\/blogs.hoy.es\/moterosdehoy\/wp-json\/wp\/v2\/users\/49"}],"replies":[{"embeddable":true,"href":"https:\/\/blogs.hoy.es\/moterosdehoy\/wp-json\/wp\/v2\/comments?post=1567"}],"version-history":[{"count":0,"href":"https:\/\/blogs.hoy.es\/moterosdehoy\/wp-json\/wp\/v2\/posts\/1567\/revisions"}],"wp:attachment":[{"href":"https:\/\/blogs.hoy.es\/moterosdehoy\/wp-json\/wp\/v2\/media?parent=1567"}],"wp:term":[{"taxonomy":"category","embeddable":true,"href":"https:\/\/blogs.hoy.es\/moterosdehoy\/wp-json\/wp\/v2\/categories?post=1567"},{"taxonomy":"post_tag","embeddable":true,"href":"https:\/\/blogs.hoy.es\/moterosdehoy\/wp-json\/wp\/v2\/tags?post=1567"}],"curies":[{"name":"wp","href":"https:\/\/api.w.org\/{rel}","templated":true}]}}