{"id":1571,"date":"2015-05-20T10:38:59","date_gmt":"2015-05-20T10:38:59","guid":{"rendered":"http:\/\/blogs.hoy.es\/moterosdehoy\/?p=1571"},"modified":"2015-05-20T10:38:59","modified_gmt":"2015-05-20T10:38:59","slug":"xviii-concentracion-motera-serranitos-fregenal-de-la-sierra-badajoz","status":"publish","type":"post","link":"https:\/\/blogs.hoy.es\/moterosdehoy\/2015\/05\/20\/xviii-concentracion-motera-serranitos-fregenal-de-la-sierra-badajoz\/","title":{"rendered":"XVIII Concentraci\u00f3n motera Serranitos, Fregenal de la Sierra (Badajoz)"},"content":{"rendered":"<p>La Pe\u00f1a Motera &#8220;<a title=\"Web de Los Vend\u00edos\" href=\"http:\/\/www.losvendios.com\/\" target=\"_blank\" rel=\"external nofollow\">Los Vend\u00edos<\/a>&#8221; de la localidad de <a title=\"Fregenal de la Sierra en wikipedia\" href=\"http:\/\/es.wikipedia.org\/wiki\/Fregenal_de_la_Sierra\" target=\"_blank\" rel=\"external nofollow\">Fregenal de la Sierra<\/a> (Badajoz), nos trae un a\u00f1o m\u00e1s su conocida concentraci\u00f3n motera, con \u00e9sta ocasi\u00f3n ya ser\u00e1 nada menos que la n\u00famero dieciocho, y tendr\u00e1 lugar los <strong>d\u00edas 29, 30 y 31 de mayo<\/strong> 2015.<\/p>\n<div id=\"attachment_1572\" style=\"width: 223px\" class=\"wp-caption alignleft\"><a href=\"\/moterosdehoy\/wp-content\/uploads\/sites\/45\/2015\/05\/2015-mayo-Fregenal-de-la-Sierra.jpg\"><img aria-describedby=\"caption-attachment-1572\" loading=\"lazy\" class=\"size-medium wp-image-1572\" title=\"2015 mayo Fregenal de la Sierra\" src=\"\/moterosdehoy\/wp-content\/uploads\/sites\/45\/2015\/05\/2015-mayo-Fregenal-de-la-Sierra.jpg\" alt=\"\" width=\"213\" height=\"300\" srcset=\"https:\/\/static-blogs.hoy.es\/wp-content\/uploads\/sites\/45\/2015\/05\/2015-mayo-Fregenal-de-la-Sierra.jpg 345w, https:\/\/static-blogs.hoy.es\/wp-content\/uploads\/sites\/45\/2015\/05\/2015-mayo-Fregenal-de-la-Sierra-214x300.jpg 214w\" sizes=\"(max-width: 213px) 100vw, 213px\" \/><\/a><p id=\"caption-attachment-1572\" class=\"wp-caption-text\">Cartel del evento<\/p><\/div>\n<p>Como en a\u00f1os anteriores el buen rollo motero est\u00e1 garantizado. Es una concentraci\u00f3n con solera y eso se puede apreciar en la buena organizaci\u00f3n. Para \u00e9sta ocasi\u00f3n nos tienen preparado un fin de semana repleto de actividades, con un programa pensado por moteros y para moteros, con el fin de que disfrutemos lo m\u00e1ximo posible de las motos y del pueblo de Fregenal y su gente, que como siempre seguro que se volcar\u00e1n con todos nosotros.<\/p>\n<p>Dentro del programa habr\u00e1\u00a0rutas por la zona con degustaci\u00f3n de ib\u00e9ricos, parrillada, paella, fiesta motera,\u00a0zona de acampada en la piscina municipal, y muchos m\u00e1s ingredientes.<\/p>\n<p>Este a\u00f1o como novedad el Domingo tendr\u00e1n exposici\u00f3n de coches cl\u00e1sicos y se compartir\u00e1 la jornada con ellos en la ruta y en la comida, gracias a la asociaci\u00f3n de coches clasicos Tentuclasicos.<\/p>\n<p><span style=\"text-decoration: underline;\"><strong>PROGRAMA<\/strong><\/span>:<\/p>\n<p><strong><em>VIERNES, 29 MAYO<\/em><\/strong><\/p>\n<p><em>-21,00 horas. Apertura de inscripciones en la carpa del Paseo de la Constituci\u00f3n y de la acampada gratuita y vigilada en el Complejo Deportivo Municipal.<br \/>\n-22,00 horas.\u00a0<span style=\"text-decoration: underline;\">Montaditos gratuitos<\/span>\u00a0en la carpa del Paseo de la Constituci\u00f3n. Servicio de barra con buena m\u00fasica.<\/em><\/p>\n<p><strong><em>SABADO, 30 MAYO<\/em><\/strong><\/p>\n<p><em>-11,00 horas. Apertura de inscripciones en la carpa del Paseo de la Constituci\u00f3n.<br \/>\n-15,00 horas. Paella gratuita en la carpa del Paseo de la Constituci\u00f3n para todos los inscritos. Servicio de bar con m\u00fasica y buen ambiente.<br \/>\n-19,00 horas. Arrancada al un\u00edsono de motos y comienzo de la ruta bar\u00edtima-tur\u00edstica por la zona, con copitas y abundante tapeo ib\u00e9rico en varias paradas.<\/em><\/p>\n<p><em>-22,30 horas. Cena con serranitos ib\u00e9ricos, bebida y helado en el Complejo Mallorca.<br \/>\n-00,00 horas.\u00a0<strong><span style=\"text-decoration: underline;\">Fiesta motera en la carpa de la concentraci\u00f3n del Paseo de la Constituci\u00f3n<\/span>.\u00a0<\/strong>\u00a0DJ animador, habr\u00e1 regalos y azafatas, show er\u00f3tico mixto\/integral , hasta altas horas de la madrugada.<\/em><\/p>\n<p><strong><em>DOMINGO, 31 MAYO<\/em><\/strong><\/p>\n<p><em>-De 9,00 a 11,30 horas. Desayuno con churros o tostadas en Churrer\u00eda-Chocolater\u00eda Los Remedios en el Jard\u00edn.<\/em><\/p>\n<p><em>-9,30 horas.Exposici\u00f3n de coches cl\u00e1sicos en la plaza de toros.<br \/>\n-10,30 horas. Aperturas de inscripciones en la carpa del Paseo de la Constituci\u00f3n.<br \/>\n-12,00 horas. Ruta tur\u00edstica-bar\u00edtima por la zona con copitas (refrescos, cervezas con y cerveza sin) y abundante tapeo ib\u00e9rico en diferentes paradas.<br \/>\n-15,00 horas. Comida motera en Complejo Mallorca con bebida, ensalada, 1\u00ba plato, 2\u00ba plato y postre. Durante la comida se har\u00e1 la entrega de los trofeos y degustaremos dulces t\u00edpicos del pueblo ofrecidos por Dulcer\u00eda Risco. Despedida y hasta el a\u00f1o que viene.<\/em><\/p>\n<p>Tendr\u00e1n una<strong> inscripci\u00f3n de 28 euros<\/strong>, para fin de semana o s\u00e1bado y domingo, que te dar\u00e1 derecho a:<\/p>\n<p><em>-Copa de bienvenida.<br \/>\n-Bolsa de regalo (camisetas, pin, etc)<br \/>\n-Acampada vigilada en c\u00e9sped a la sombra, ba\u00f1os y duchas con agua caliente.<br \/>\n-Parrillada del Viernes.<br \/>\n-Paella\u00a0 del S\u00e1bado mediod\u00eda.<br \/>\n-Rutas S\u00e1bado y Domingo, 7 paradas con copa y degustaci\u00f3n de productos\u00a0 ib\u00e9ricos.<br \/>\n-Cena del S\u00e1bado en Complejo Mallorca con serranitos ib\u00e9ricos, bebida y helado.<br \/>\n-Fiesta motera en la carpa de la concentraci\u00f3n con m\u00fasica y show \u00e9rotico masculino y femenino.<br \/>\n-Desayuno del Domingo<br \/>\n-Comida del domingo en Complejo Mallorca con ensalada, primer y segundo plato, helado y bebida.<br \/>\n-Degustaci\u00f3n de pasteles t\u00edpicos de la zona.<br \/>\n-Trofeos y regalos.<\/em><\/p>\n<p>Tambi\u00e9n tendr\u00e1n una <strong>inscripci\u00f3n de 15 euros<\/strong>, para un s\u00f3lo d\u00eda.<a href=\"\/moterosdehoy\/wp-content\/uploads\/sites\/45\/2015\/05\/2015-Serranitos-y-cl\u00e1sicos.jpg\"><img loading=\"lazy\" class=\"alignright size-medium wp-image-1573\" title=\"2015 Serranitos y cl\u00e1sicos\" src=\"\/moterosdehoy\/wp-content\/uploads\/sites\/45\/2015\/05\/2015-Serranitos-y-cl\u00e1sicos.jpg\" alt=\"\" width=\"283\" height=\"300\" srcset=\"https:\/\/static-blogs.hoy.es\/wp-content\/uploads\/sites\/45\/2015\/05\/2015-Serranitos-y-cl\u00e1sicos.jpg 1187w, https:\/\/static-blogs.hoy.es\/wp-content\/uploads\/sites\/45\/2015\/05\/2015-Serranitos-y-cl\u00e1sicos-283x300.jpg 283w, https:\/\/static-blogs.hoy.es\/wp-content\/uploads\/sites\/45\/2015\/05\/2015-Serranitos-y-cl\u00e1sicos-768x814.jpg 768w, https:\/\/static-blogs.hoy.es\/wp-content\/uploads\/sites\/45\/2015\/05\/2015-Serranitos-y-cl\u00e1sicos-966x1024.jpg 966w\" sizes=\"(max-width: 283px) 100vw, 283px\" \/><\/a><\/p>\n<p>Dentro de los trofeos los habr\u00e1 para:<\/p>\n<p><em>-Al motero m\u00e1s lejano.<br \/>\n-Al motero m\u00e1s joven.<br \/>\n-Al motero de m\u00e1s edad.<br \/>\n-Al moto-club con m\u00e1s inscritos.<br \/>\n-Al 2\u00ba moto-club con m\u00e1s inscritos.<br \/>\n-Al 3\u00ba moto-club con m\u00e1s inscritos.<br \/>\n-A la moto m\u00e1s antigua documentada.<br \/>\n-Al moto-club internacional con m\u00e1s inscritos.<br \/>\n-Al 2\u00ba moto-club internacional con m\u00e1s inscritos..<br \/>\n-Trofeo Serranitos.<\/em><em><\/em><\/p>\n<p><em>\u00a0&#8211; Y dentro de la novedad de coches cl\u00e1sicos: Coche m\u00e1s antiguo documentado.\u00a0<\/em><em>Conductor de coche mayor.\u00a0<\/em><em>Conductor de coche m\u00e1s lejano.\u00a0<\/em><em>Club de coche con m\u00e1s inscritos.<\/em><\/p>\n<p>Saludos y r\u00e1fagas.<\/p>\n<!-- AddThis Advanced Settings generic via filter on the_content --><!-- AddThis Share Buttons generic via filter on the_content -->","protected":false},"excerpt":{"rendered":"<p>La Pe\u00f1a Motera &#8220;Los Vend\u00edos&#8221; de la localidad de Fregenal de la Sierra (Badajoz), nos trae un a\u00f1o m\u00e1s su conocida concentraci\u00f3n motera, con \u00e9sta ocasi\u00f3n ya ser\u00e1 nada menos que la n\u00famero dieciocho, y tendr\u00e1 lugar los d\u00edas 29, 30 y 31 de mayo 2015. Como en a\u00f1os anteriores el buen rollo motero est\u00e1 [&hellip;]<!-- AddThis Advanced Settings generic via filter on get_the_excerpt --><!-- AddThis Share Buttons generic via filter on get_the_excerpt --><\/p>\n","protected":false},"author":49,"featured_media":0,"comment_status":"open","ping_status":"closed","sticky":false,"template":"","format":"standard","meta":[],"categories":[13],"tags":[208,611,622,626,768,902,930],"_links":{"self":[{"href":"https:\/\/blogs.hoy.es\/moterosdehoy\/wp-json\/wp\/v2\/posts\/1571"}],"collection":[{"href":"https:\/\/blogs.hoy.es\/moterosdehoy\/wp-json\/wp\/v2\/posts"}],"about":[{"href":"https:\/\/blogs.hoy.es\/moterosdehoy\/wp-json\/wp\/v2\/types\/post"}],"author":[{"embeddable":true,"href":"https:\/\/blogs.hoy.es\/moterosdehoy\/wp-json\/wp\/v2\/users\/49"}],"replies":[{"embeddable":true,"href":"https:\/\/blogs.hoy.es\/moterosdehoy\/wp-json\/wp\/v2\/comments?post=1571"}],"version-history":[{"count":0,"href":"https:\/\/blogs.hoy.es\/moterosdehoy\/wp-json\/wp\/v2\/posts\/1571\/revisions"}],"wp:attachment":[{"href":"https:\/\/blogs.hoy.es\/moterosdehoy\/wp-json\/wp\/v2\/media?parent=1571"}],"wp:term":[{"taxonomy":"category","embeddable":true,"href":"https:\/\/blogs.hoy.es\/moterosdehoy\/wp-json\/wp\/v2\/categories?post=1571"},{"taxonomy":"post_tag","embeddable":true,"href":"https:\/\/blogs.hoy.es\/moterosdehoy\/wp-json\/wp\/v2\/tags?post=1571"}],"curies":[{"name":"wp","href":"https:\/\/api.w.org\/{rel}","templated":true}]}}