{"id":1576,"date":"2015-05-26T22:18:25","date_gmt":"2015-05-26T22:18:25","guid":{"rendered":"http:\/\/blogs.hoy.es\/moterosdehoy\/?p=1576"},"modified":"2015-05-26T22:18:25","modified_gmt":"2015-05-26T22:18:25","slug":"6a-convivencia-motera-alvarado-badajoz","status":"publish","type":"post","link":"https:\/\/blogs.hoy.es\/moterosdehoy\/2015\/05\/26\/6a-convivencia-motera-alvarado-badajoz\/","title":{"rendered":"6\u00aa Convivencia motera Alvarado (Badajoz)"},"content":{"rendered":"<p>Ya est\u00e1 listo el cartel para la sexta convivencia motera en <a title=\"Alvarado en wikipedia\" href=\"http:\/\/es.wikipedia.org\/wiki\/Alvarado_%28Badajoz%29\" target=\"_blank\" rel=\"external nofollow\">Alvarado<\/a>, que de seguro ser\u00e1 todo un \u00e9xito, pues a pesar de ser ya un gran encuentro motero cada a\u00f1o el boca a boca llega a m\u00e1s rincones, y por ello acuden m\u00e1s moteros.<\/p>\n<p><a href=\"\/moterosdehoy\/wp-content\/uploads\/sites\/45\/2015\/05\/2015-junio-Alvarado_.jpg\"><img loading=\"lazy\" class=\"alignleft size-medium wp-image-1577\" title=\"2015 junio Alvarado_\" src=\"\/moterosdehoy\/wp-content\/uploads\/sites\/45\/2015\/05\/2015-junio-Alvarado_.jpg\" alt=\"\" width=\"213\" height=\"300\" srcset=\"https:\/\/static-blogs.hoy.es\/wp-content\/uploads\/sites\/45\/2015\/05\/2015-junio-Alvarado_.jpg 682w, https:\/\/static-blogs.hoy.es\/wp-content\/uploads\/sites\/45\/2015\/05\/2015-junio-Alvarado_-213x300.jpg 213w\" sizes=\"(max-width: 213px) 100vw, 213px\" \/><\/a>Es una convivencia para echar el d\u00eda y tendr\u00e1 lugar el domingo 14 de junio 2015, una vez m\u00e1s de la mano de Los Torremotos, que llevan meses trabajando para que como en ediciones anteriores la convivencia sea un \u00e9xito y pueda disfrutarla todo el que aparezca. Como se puede ver en el propio cartel hay muchos colaboradores, que todos han aportado algo para conseguir que la comida sea gratuita para los asistentes. Hay que tener muy en cuenta que la localidad cuenta con una poblaci\u00f3n en torno a cuatrocientos habitantes, por lo que hay que valorar mucho que se vuelquen en el evento.<\/p>\n<p>PROGRAMA:<\/p>\n<p>&#8211; 10:00h. <strong>DESAYUNO<\/strong> en Mes\u00f3n el Sitio (Alvarado)<\/p>\n<p>&#8211; 11:00h. <strong>RUTA<\/strong> de unos 80 km, detallada en el cartel. Al regreso a Alvarado se realizar\u00e1 una parada en el Bar &#8220;Cecilio&#8221; donde se pinchar\u00e1 un barril. Finalizando la ruta sobre las 13:00 h.<\/p>\n<p>&#8211; <strong>COMIDA<\/strong>, ser\u00e1 al lado del Bar de &#8220;Guille&#8221; donde habr\u00e1 comida variada, vino, calimocho y cerveza hasta agotar existencia TOTALMENTE GRATIS.<\/p>\n<p>Adem\u00e1s para amenizar la tarde estar\u00e1 la actuaci\u00f3n de un grupo de rock.<\/p>\n<p>Es <strong>importante<\/strong> que record\u00e9is llevar algo, tendr\u00e1n recogida de alimentos &#8220;<strong>KILO SOLIDARIO<\/strong>&#8220;, colabora aportando alimentos no perecederos como aceites, legumbres, pasta, azucar&#8230;<\/p>\n<p>Los m\u00e1s madrugadores dir\u00e1n que el desayuno comienza tarde, pero tener en cuenta que la mayor\u00eda de los asistentes se desplazar\u00e1n desde fuera, por lo que da tiempo a que pueda llegar el personal.<\/p>\n<p>Saludos y r\u00e1fagas.<\/p>\n<!-- AddThis Advanced Settings generic via filter on the_content --><!-- AddThis Share Buttons generic via filter on the_content -->","protected":false},"excerpt":{"rendered":"<p>Ya est\u00e1 listo el cartel para la sexta convivencia motera en Alvarado, que de seguro ser\u00e1 todo un \u00e9xito, pues a pesar de ser ya un gran encuentro motero cada a\u00f1o el boca a boca llega a m\u00e1s rincones, y por ello acuden m\u00e1s moteros. Es una convivencia para echar el d\u00eda y tendr\u00e1 lugar [&hellip;]<!-- AddThis Advanced Settings generic via filter on get_the_excerpt --><!-- AddThis Share Buttons generic via filter on get_the_excerpt --><\/p>\n","protected":false},"author":49,"featured_media":0,"comment_status":"open","ping_status":"closed","sticky":false,"template":"","format":"standard","meta":[],"categories":[13],"tags":[310,613,622,626],"_links":{"self":[{"href":"https:\/\/blogs.hoy.es\/moterosdehoy\/wp-json\/wp\/v2\/posts\/1576"}],"collection":[{"href":"https:\/\/blogs.hoy.es\/moterosdehoy\/wp-json\/wp\/v2\/posts"}],"about":[{"href":"https:\/\/blogs.hoy.es\/moterosdehoy\/wp-json\/wp\/v2\/types\/post"}],"author":[{"embeddable":true,"href":"https:\/\/blogs.hoy.es\/moterosdehoy\/wp-json\/wp\/v2\/users\/49"}],"replies":[{"embeddable":true,"href":"https:\/\/blogs.hoy.es\/moterosdehoy\/wp-json\/wp\/v2\/comments?post=1576"}],"version-history":[{"count":0,"href":"https:\/\/blogs.hoy.es\/moterosdehoy\/wp-json\/wp\/v2\/posts\/1576\/revisions"}],"wp:attachment":[{"href":"https:\/\/blogs.hoy.es\/moterosdehoy\/wp-json\/wp\/v2\/media?parent=1576"}],"wp:term":[{"taxonomy":"category","embeddable":true,"href":"https:\/\/blogs.hoy.es\/moterosdehoy\/wp-json\/wp\/v2\/categories?post=1576"},{"taxonomy":"post_tag","embeddable":true,"href":"https:\/\/blogs.hoy.es\/moterosdehoy\/wp-json\/wp\/v2\/tags?post=1576"}],"curies":[{"name":"wp","href":"https:\/\/api.w.org\/{rel}","templated":true}]}}