{"id":1579,"date":"2015-05-27T16:43:51","date_gmt":"2015-05-27T16:43:51","guid":{"rendered":"http:\/\/blogs.hoy.es\/moterosdehoy\/?p=1579"},"modified":"2015-05-27T16:43:51","modified_gmt":"2015-05-27T16:43:51","slug":"xx-concentracion-motera-en-herrera-del-duque-badajoz","status":"publish","type":"post","link":"https:\/\/blogs.hoy.es\/moterosdehoy\/2015\/05\/27\/xx-concentracion-motera-en-herrera-del-duque-badajoz\/","title":{"rendered":"XX Concentraci\u00f3n motera en Herrera del Duque (Badajoz)"},"content":{"rendered":"<p>Ya est\u00e1 todo preparado para un buen fin de semana motero en <a title=\"Herrera del Duque en wikipedia\" href=\"http:\/\/es.wikipedia.org\/wiki\/Herrera_del_Duque\" target=\"_blank\" rel=\"external nofollow\">Herrera del Duque<\/a> (Badajoz).<br \/>\n<a href=\"\/moterosdehoy\/wp-content\/uploads\/sites\/45\/2015\/05\/2015-junio-Herrera-del-Duque-21.jpg\"><img loading=\"lazy\" class=\"alignleft size-medium wp-image-1581\" title=\"2015 junio Herrera del Duque (2)\" src=\"\/moterosdehoy\/wp-content\/uploads\/sites\/45\/2015\/05\/2015-junio-Herrera-del-Duque-21.jpg\" alt=\"\" width=\"226\" height=\"300\" srcset=\"https:\/\/static-blogs.hoy.es\/wp-content\/uploads\/sites\/45\/2015\/05\/2015-junio-Herrera-del-Duque-21.jpg 544w, https:\/\/static-blogs.hoy.es\/wp-content\/uploads\/sites\/45\/2015\/05\/2015-junio-Herrera-del-Duque-21-227x300.jpg 227w\" sizes=\"(max-width: 226px) 100vw, 226px\" \/><\/a>Como anuncia su cartel y bajo el t\u00edtulo de &#8220;XX Concentraci\u00f3n Nacional de Motos&#8221; el fin de semana del <strong>12 al 14 de junio<\/strong> 2015, tendr\u00e1 lugar su vig\u00e9sima concentraci\u00f3n, todo un referente en la zona.<\/p>\n<p>Ser\u00e1 un fin de semana de fiesta, m\u00fasica, rutas&#8230; con posibilidad de acampada en el recinto de la piscina municipal, estar\u00e1n todos los ingredientes necesarios para estar c\u00f3modo y no desear que pasen las horas.<\/p>\n<p>Tienen <strong>programa<\/strong> para los tres d\u00edas, aqu\u00ed os lo dejo:<\/p>\n<p><strong>VIERNES 12 junio:<\/strong><\/p>\n<p>&#8211; 20:30h Recibimiento en la piscina municipal a los que deseen inscribirse y acampar, all\u00ed habr\u00e1, servicios, duchas, bar y piscina.<\/p>\n<p>&#8211; 21:30h Visita al puerto del Castillo, donde se podr\u00e1 disfrutar de la puesta de sol, e inauguraci\u00f3n de la XX Edici\u00f3n, con discurso del Presidente.<\/p>\n<p>-22:15 Degustaci\u00f3n en la Posada.<\/p>\n<p>&#8211; 22:45h. Degustaci\u00f3n en mes\u00f3n La Palmera.<\/p>\n<p>&#8211; 23:15h. Degustaci\u00f3n en mes\u00f3n V Rueda.<\/p>\n<p>&#8211; 24:00h Actuaci\u00f3n en directo de Taberna Ruta 66.<\/p>\n<p><strong>\u00a0S\u00c1BADO 13 junio:<\/strong><\/p>\n<p>&#8211; De 11 a 21 horas estar\u00e1n disponibles las inscripciones.<\/p>\n<p>&#8211; 12:30 Recorrido paisaj\u00edstico, con degustaci\u00f3n Escarapuche &#8220;La Barca&#8221;.<\/p>\n<p>&#8211; 13:30 Foto oficial en el puerto Consolaci\u00f3n.<\/p>\n<p>&#8211; 14:00 Degustaci\u00f3n de Caldereta de Cordero en mes\u00f3n La Cueva.<\/p>\n<p>&#8211; 18:00 Pruebas de habilidades en la piscina municipal.<\/p>\n<p>&#8211; 19:00 Recorrido callejero, con tres paradas:<\/p>\n<ul>\n<li>1\u00aa Parada: Recibimiento de Autoridades en el Palacio de Cultura.<\/li>\n<li>2\u00aa Parada: Exhibici\u00f3n de acrobacias por &#8220;Emilio Zamora&#8221;<\/li>\n<li>3\u00aa Parada: Para degustar sangr\u00eda y caldereta extreme\u00f1a en la Plaza de Espa\u00f1a.<\/li>\n<\/ul>\n<p>&#8211; 22:30 Cena en la Piscina Municipal, con sorteo de regalos.<\/p>\n<p>&#8211; 01:00 Discoteca, gogos, regalos, con fiesta para los inscritos gratis.<\/p>\n<p><strong>DOMINGO 14 junio:<\/strong><\/p>\n<p>&#8211; De 09 a 11 de nuevo apertura de inscripciones.<\/p>\n<p>&#8211; 09:30 Desayuno en la Piscina Municipal.<\/p>\n<p>&#8211; 10:45 Recorrido con tres paradas:<\/p>\n<ul>\n<li>1\u00aa Parada: Degustaci\u00f3n en Albergue S. Mat\u00edas (Castiblanco)<\/li>\n<li>2\u00aa Parada: Sangr\u00eda y tapas en el camping &#8220;Puerto Pe\u00f1a&#8221;<\/li>\n<li>3\u00aa Parada: Plato de paella y cerveza en &#8220;El Espol\u00f3n&#8221;<\/li>\n<\/ul>\n<p>&#8211; 14:30 Comida en la Piscina Municipal y entrega de trofeos.<\/p>\n<p>Habr\u00e1n dos tipos de <strong>INSCRIPCIONES, completo 25\u20ac y s\u00f3lo domingo 12\u20ac<\/strong>, lo que incluye una bolsa de llegada con camiseta, pin, pegatina, tikes, programas informativos, publicidad de la zona y derecho a la acampada.<\/p>\n<p>Dentro de los trofeos los habr\u00e1n muy variados, entre ellos al trail, custom, deportiva y ciclomotor m\u00e1s lejanos, al triker o sidecar, a la moto con m\u00e1s a\u00f1os, a la m\u00e1s nueva, Moto Club m\u00e1s inscritos, m\u00e1s original, m\u00e1s enrrollao, segundo m\u00e1s inscritos, al abuelo motero, al padre motero, al motero m\u00e1s joven, m\u00e1s original, m\u00e1s marchoso, m\u00e1s marchosa, a la bandera, a la mascota, Mister y Miss concentraci\u00f3n, al chaleco con m\u00e1s pin, a la pareja, al motero con m\u00e1s tripa, primer motero inscrito y prueba de habilidad de la concentra. Como puedes ver hay muchas opciones para que te puedas llevar un trofeo.<\/p>\n<p>Ves guardando el fin de semana y a disfrutarlo.<\/p>\n<p>Saludos y r\u00e1fagas.<\/p>\n<!-- AddThis Advanced Settings generic via filter on the_content --><!-- AddThis Share Buttons generic via filter on the_content -->","protected":false},"excerpt":{"rendered":"<p>Ya est\u00e1 todo preparado para un buen fin de semana motero en Herrera del Duque (Badajoz). Como anuncia su cartel y bajo el t\u00edtulo de &#8220;XX Concentraci\u00f3n Nacional de Motos&#8221; el fin de semana del 12 al 14 de junio 2015, tendr\u00e1 lugar su vig\u00e9sima concentraci\u00f3n, todo un referente en la zona. Ser\u00e1 un fin [&hellip;]<!-- AddThis Advanced Settings generic via filter on get_the_excerpt --><!-- AddThis Share Buttons generic via filter on get_the_excerpt --><\/p>\n","protected":false},"author":49,"featured_media":0,"comment_status":"open","ping_status":"closed","sticky":false,"template":"","format":"standard","meta":[],"categories":[13],"tags":[211,357,613,622,624],"_links":{"self":[{"href":"https:\/\/blogs.hoy.es\/moterosdehoy\/wp-json\/wp\/v2\/posts\/1579"}],"collection":[{"href":"https:\/\/blogs.hoy.es\/moterosdehoy\/wp-json\/wp\/v2\/posts"}],"about":[{"href":"https:\/\/blogs.hoy.es\/moterosdehoy\/wp-json\/wp\/v2\/types\/post"}],"author":[{"embeddable":true,"href":"https:\/\/blogs.hoy.es\/moterosdehoy\/wp-json\/wp\/v2\/users\/49"}],"replies":[{"embeddable":true,"href":"https:\/\/blogs.hoy.es\/moterosdehoy\/wp-json\/wp\/v2\/comments?post=1579"}],"version-history":[{"count":0,"href":"https:\/\/blogs.hoy.es\/moterosdehoy\/wp-json\/wp\/v2\/posts\/1579\/revisions"}],"wp:attachment":[{"href":"https:\/\/blogs.hoy.es\/moterosdehoy\/wp-json\/wp\/v2\/media?parent=1579"}],"wp:term":[{"taxonomy":"category","embeddable":true,"href":"https:\/\/blogs.hoy.es\/moterosdehoy\/wp-json\/wp\/v2\/categories?post=1579"},{"taxonomy":"post_tag","embeddable":true,"href":"https:\/\/blogs.hoy.es\/moterosdehoy\/wp-json\/wp\/v2\/tags?post=1579"}],"curies":[{"name":"wp","href":"https:\/\/api.w.org\/{rel}","templated":true}]}}