{"id":158,"date":"2012-07-02T22:45:35","date_gmt":"2012-07-02T22:45:35","guid":{"rendered":"http:\/\/blogs.hoy.es\/moterosdehoy\/?p=158"},"modified":"2012-07-02T22:45:35","modified_gmt":"2012-07-02T22:45:35","slug":"concentraciones-y-quedadas-en-julio-2012","status":"publish","type":"post","link":"https:\/\/blogs.hoy.es\/moterosdehoy\/2012\/07\/02\/concentraciones-y-quedadas-en-julio-2012\/","title":{"rendered":"Concentraciones y quedadas en julio 2012"},"content":{"rendered":"<p><span style=\"text-decoration: underline;\">Relaci\u00f3n de concentraciones y quedadas moteras a lo largo de\u00a0<strong>julio<\/strong>\u00a02012 dentro de\u00a0<strong>Extremadura<\/strong>:<\/span><\/p>\n<p>D\u00edas<strong>\u00a0<\/strong><strong>6, 7 y 8 <\/strong><strong>de<\/strong>\u00a0julio \u2013 <a href=\"https:\/\/blogs.hoy.es\/moterosdehoy\/2012\/06\/30\/concentracion-motera-121-gorilitas-en-fuente-del-maestre\/\" target=\"_blank\">12+1\u00aa Concentraci\u00f3n motera \u201cGorilitas\u201d<\/a> <strong>Fuente del Maestre\u00a0<strong>(Badajoz)<\/strong><\/strong><\/p>\n<p>D\u00edas<strong> 6, 7 y 8<\/strong> de julio \u2013 <a href=\"https:\/\/blogs.hoy.es\/moterosdehoy\/2012\/07\/04\/xi-concentracion-de-motos-comarca-vegas-bajas-del-guadiana\/\" target=\"_blank\">11\u00aa Concentraci\u00f3n motera \u201cVegas Bajas\u201d<\/a> <strong>Puebla de la Calzada (Badajoz)<\/strong><\/p>\n<p>D\u00eda <strong>14<\/strong> de julio &#8211; <a href=\"https:\/\/blogs.hoy.es\/moterosdehoy\/2012\/07\/11\/ii-kedada-motera-en-deleitosa-caceres\/\" target=\"_blank\">2\u00aa kedada motera en <\/a><strong><a href=\"https:\/\/blogs.hoy.es\/moterosdehoy\/2012\/07\/11\/ii-kedada-motera-en-deleitosa-caceres\/\" target=\"_blank\">Deleitosa<\/a> (C\u00e1ceres)<\/strong><\/p>\n<p>D\u00edas <strong>14 y 15<\/strong> de julio \u2013 <a href=\"https:\/\/blogs.hoy.es\/moterosdehoy\/2012\/07\/09\/iii-concentracion-motera-en-valdebotoa\/\" target=\"_blank\">3\u00aa Concentraci\u00f3n motera en <\/a><strong><a href=\"https:\/\/blogs.hoy.es\/moterosdehoy\/2012\/07\/09\/iii-concentracion-motera-en-valdebotoa\/\" target=\"_blank\">Valdebotoa<\/a> (Badajoz)<\/strong><\/p>\n<p>D\u00edas <strong>27, 28 y 29<\/strong> de julio \u2013 <a href=\"https:\/\/blogs.hoy.es\/moterosdehoy\/2012\/07\/13\/27-28-y-29-de-julio-concentracion-motera-en-jaraiz-de-la-vera\/\" target=\"_blank\">24\u00aa Concentraci\u00f3n nacional de motos en <\/a><strong><a href=\"https:\/\/blogs.hoy.es\/moterosdehoy\/2012\/07\/13\/27-28-y-29-de-julio-concentracion-motera-en-jaraiz-de-la-vera\/\" target=\"_blank\">Jara\u00edz de la Vera<\/a> (C\u00e1ceres) &#8212; <span style=\"text-decoration: underline;\">RECOMENDADA<\/span><\/strong><\/p>\n<p><a href=\"\/moterosdehoy\/wp-content\/uploads\/sites\/45\/2012\/07\/Chicas-en-lavando-moto.jpg\"><img loading=\"lazy\" class=\"aligncenter size-medium wp-image-159\" title=\"Chicas en lavando moto\" src=\"\/moterosdehoy\/wp-content\/uploads\/sites\/45\/2012\/07\/Chicas-en-lavando-moto.jpg\" alt=\"\" width=\"300\" height=\"242\" srcset=\"https:\/\/static-blogs.hoy.es\/wp-content\/uploads\/sites\/45\/2012\/07\/Chicas-en-lavando-moto.jpg 600w, https:\/\/static-blogs.hoy.es\/wp-content\/uploads\/sites\/45\/2012\/07\/Chicas-en-lavando-moto-300x243.jpg 300w\" sizes=\"(max-width: 300px) 100vw, 300px\" \/><\/a><\/p>\n<p><span style=\"text-decoration: underline;\">Concentraciones y quedadas moteras a lo largo de\u00a0<strong>julio<\/strong>\u00a02012\u00a0<strong>fuera de Extremadura<\/strong>:<\/span><\/p>\n<p>D\u00edas<strong>\u00a0<\/strong><strong>30<\/strong>\u00a0de junio y\u00a0<strong>1<\/strong>\u00a0de julio \u2013 <a href=\"https:\/\/blogs.hoy.es\/moterosdehoy\/2012\/06\/30\/concentracion-motera-en-fuengirola-40-aniversario\/\" target=\"_blank\">Concentraci\u00f3n motera en <\/a><strong><a href=\"https:\/\/blogs.hoy.es\/moterosdehoy\/2012\/06\/30\/concentracion-motera-en-fuengirola-40-aniversario\/\" target=\"_blank\">Fuengirola<\/a>\u00a0<strong>(M\u00e1laga)<\/strong><\/strong>\u00a0y fiesta de cumplea\u00f1os &#8220;40 aniversario&#8221;<\/p>\n<p>D\u00eda <strong>1<\/strong> de julio \u2013 9\u00aa Concentraci\u00f3n mototur\u00edstica en <strong>Cartaya (Huelva)<!--more--><\/strong><\/p>\n<p>D\u00eda<strong> 6<\/strong> de julio \u2013 Butifarrada Posta Xipreret, en <strong>Vallirana (Barcelona)<\/strong><\/p>\n<p>D\u00edas <strong>6, 7 y 8<\/strong> de julio \u2013 <a href=\"https:\/\/blogs.hoy.es\/moterosdehoy\/2012\/07\/06\/xxiv-concentracion-motera-en-yuncler-toledo\/\" target=\"_blank\">24\u00aa Concentraci\u00f3n motera en <\/a><strong><a href=\"https:\/\/blogs.hoy.es\/moterosdehoy\/2012\/07\/06\/xxiv-concentracion-motera-en-yuncler-toledo\/\" target=\"_blank\">Yuncler<\/a> (Toledo)<\/strong><\/p>\n<p>D\u00eda <strong>7<\/strong> de julio \u2013 Harley Days, en <strong>Montjuic (Barcelona)<\/strong><\/p>\n<p>D\u00eda <strong>7<\/strong> de julio \u2013 2\u00aa Ruta nocturna <strong>Benalup Casas Viejas (C\u00e1diz)<\/strong><\/p>\n<p>D\u00edas <strong>7 y 8<\/strong> de julio \u2013 <a href=\"https:\/\/blogs.hoy.es\/moterosdehoy\/2012\/07\/01\/v-concentracion-moto-turistica-internacional-en-o-grove\/\" target=\"_blank\">5\u00aa Concentraci\u00f3n moto-tur\u00edstica internacional en <\/a><strong><a href=\"https:\/\/blogs.hoy.es\/moterosdehoy\/2012\/07\/01\/v-concentracion-moto-turistica-internacional-en-o-grove\/\" target=\"_blank\">O Grove<\/a> (Pontevedra)<\/strong><\/p>\n<p>D\u00edas <strong>7 y 8<\/strong> de julio \u2013 1\u00aa Concentraci\u00f3n Madre\u00f1omoto <strong>Taverga (Asturias)<\/strong><\/p>\n<p>D\u00edas <strong>7 y 8 <\/strong>de julio \u2013 3\u00aa Fiesta motera <strong>Casas Ib\u00e1\u00f1ez (Albacete)<\/strong><\/p>\n<p>D\u00edas <strong>7 y 8<\/strong> de julio \u2013 5\u00aa Kedada motera en <strong>\u00cdscar (Valladolid)<\/strong><\/p>\n<p>D\u00eda <strong>8<\/strong> de julio \u2013 1\u00aa Kedada motera en Vila dos viaductos, <strong>Redondela (Pontevedra)<\/strong><\/p>\n<p>D\u00edas <strong>19, 20, 21 y 22<\/strong> de julio \u2013 <a href=\"http:\/\/motorvsmotor.com\/2012\/01\/23\/la-concentracion-motera-de-faro-portugal-2012-ya-tiene-fechas\/\" target=\"_blank\" rel=\"external nofollow\">31\u00aa Concentraci\u00f3n internacional de motos en <\/a><strong><a href=\"http:\/\/motorvsmotor.com\/2012\/01\/23\/la-concentracion-motera-de-faro-portugal-2012-ya-tiene-fechas\/\" target=\"_blank\" rel=\"external nofollow\">Faro<\/a> (Portugal) &#8212; <span style=\"text-decoration: underline;\">RECOMENDADA<\/span><\/strong><\/p>\n<p>&nbsp;<\/p>\n<p>Poco a poco ir\u00e9 poniendo los enlaces a las concentraciones que aqu\u00ed aparecen e ir\u00e9 a\u00f1adiendo m\u00e1s.<\/p>\n<p><strong>\u00a0 \u00a0Saludos y r\u00e1fagas.<\/strong><\/p>\n<!-- AddThis Advanced Settings generic via filter on the_content --><!-- AddThis Share Buttons generic via filter on the_content -->","protected":false},"excerpt":{"rendered":"<p>Relaci\u00f3n de concentraciones y quedadas moteras a lo largo de\u00a0julio\u00a02012 dentro de\u00a0Extremadura: D\u00edas\u00a06, 7 y 8 de\u00a0julio \u2013 12+1\u00aa Concentraci\u00f3n motera \u201cGorilitas\u201d Fuente del Maestre\u00a0(Badajoz) D\u00edas 6, 7 y 8 de julio \u2013 11\u00aa Concentraci\u00f3n motera \u201cVegas Bajas\u201d Puebla de la Calzada (Badajoz) D\u00eda 14 de julio &#8211; 2\u00aa kedada motera en Deleitosa (C\u00e1ceres) D\u00edas [&hellip;]<!-- AddThis Advanced Settings generic via filter on get_the_excerpt --><!-- AddThis Share Buttons generic via filter on get_the_excerpt --><\/p>\n","protected":false},"author":49,"featured_media":0,"comment_status":"open","ping_status":"closed","sticky":false,"template":"","format":"standard","meta":[],"categories":[5,13],"tags":[258,271,534,622,629,639],"_links":{"self":[{"href":"https:\/\/blogs.hoy.es\/moterosdehoy\/wp-json\/wp\/v2\/posts\/158"}],"collection":[{"href":"https:\/\/blogs.hoy.es\/moterosdehoy\/wp-json\/wp\/v2\/posts"}],"about":[{"href":"https:\/\/blogs.hoy.es\/moterosdehoy\/wp-json\/wp\/v2\/types\/post"}],"author":[{"embeddable":true,"href":"https:\/\/blogs.hoy.es\/moterosdehoy\/wp-json\/wp\/v2\/users\/49"}],"replies":[{"embeddable":true,"href":"https:\/\/blogs.hoy.es\/moterosdehoy\/wp-json\/wp\/v2\/comments?post=158"}],"version-history":[{"count":0,"href":"https:\/\/blogs.hoy.es\/moterosdehoy\/wp-json\/wp\/v2\/posts\/158\/revisions"}],"wp:attachment":[{"href":"https:\/\/blogs.hoy.es\/moterosdehoy\/wp-json\/wp\/v2\/media?parent=158"}],"wp:term":[{"taxonomy":"category","embeddable":true,"href":"https:\/\/blogs.hoy.es\/moterosdehoy\/wp-json\/wp\/v2\/categories?post=158"},{"taxonomy":"post_tag","embeddable":true,"href":"https:\/\/blogs.hoy.es\/moterosdehoy\/wp-json\/wp\/v2\/tags?post=158"}],"curies":[{"name":"wp","href":"https:\/\/api.w.org\/{rel}","templated":true}]}}