{"id":1582,"date":"2015-05-30T15:00:24","date_gmt":"2015-05-30T15:00:24","guid":{"rendered":"http:\/\/blogs.hoy.es\/moterosdehoy\/?p=1582"},"modified":"2015-05-30T15:00:24","modified_gmt":"2015-05-30T15:00:24","slug":"dia-nacional-de-la-moto-en-espana-2","status":"publish","type":"post","link":"https:\/\/blogs.hoy.es\/moterosdehoy\/2015\/05\/30\/dia-nacional-de-la-moto-en-espana-2\/","title":{"rendered":"D\u00eda nacional de la moto en Espa\u00f1a"},"content":{"rendered":"<p>El colectivo motero llevamos varios a\u00f1os luchando por conseguir un &#8220;D\u00cdA NACIONAL DE LA MOTO Y LOS MOTEROS EN ESPA\u00d1A&#8221; pues en muchos pa\u00edses del mundo lo hay, hace poco los \u00faltimos que lo han celebrado fueron Colombia y nuestra vecina Portugal.<\/p>\n<p><a href=\"\/moterosdehoy\/wp-content\/uploads\/sites\/45\/2015\/05\/Tony-M\u00e1rquez-Moteros-de-Hoy.jpg\"><img loading=\"lazy\" class=\"alignleft size-medium wp-image-1583\" title=\"Tony M\u00e1rquez Moteros de Hoy\" src=\"\/moterosdehoy\/wp-content\/uploads\/sites\/45\/2015\/05\/Tony-M\u00e1rquez-Moteros-de-Hoy.jpg\" alt=\"\" width=\"300\" height=\"199\" srcset=\"https:\/\/static-blogs.hoy.es\/wp-content\/uploads\/sites\/45\/2015\/05\/Tony-M\u00e1rquez-Moteros-de-Hoy.jpg 960w, https:\/\/static-blogs.hoy.es\/wp-content\/uploads\/sites\/45\/2015\/05\/Tony-M\u00e1rquez-Moteros-de-Hoy-300x200.jpg 300w, https:\/\/static-blogs.hoy.es\/wp-content\/uploads\/sites\/45\/2015\/05\/Tony-M\u00e1rquez-Moteros-de-Hoy-768x511.jpg 768w\" sizes=\"(max-width: 300px) 100vw, 300px\" \/><\/a>Gracias a la Comisi\u00f3n sobre Seguridad Vial y Movilidad Sostenible, el pasado mi\u00e9rcoles 27 de mayo se aprob\u00f3 por unanimidad en el Congreso de los Diputados una propuesta no de Ley para que se declare el <strong>segundo domingo de junio de cada a\u00f1o como D\u00eda Nacional de la Moto<\/strong>.<\/p>\n<p>El objetivo de tener nuestro d\u00eda no es tener un festivo m\u00e1s, cosa que en nuestro pa\u00eds precisamente no es que hayan pocos, se busca concienciar a todos los implicados en la Seguridad Vial sobre la debilidad que presentan las motocicletas frente a otros veh\u00edculos en caso de accidente, incluy\u00e9ndonos conductores y usuarios de motocicletas. Para ello ya hay un lema &#8220;T\u00fa seguridad vial se refuerza con tu ejemplo&#8221;<\/p>\n<p>Actualmente en Espa\u00f1a hay censados m\u00e1s de 4 millones de usuarios de motocicletas, por lo que se hace patente la institucionalizaci\u00f3n de este d\u00eda para concienciar a los conductores debido al alto n\u00famero de accidentes y sobre todo sus graves consecuencias. Hay que recordar que nosotros mismos somos el carenado o paragolpes del veh\u00edculo, pues en caso de accidente no estamos protegidos como en otro tipo de veh\u00edculos.<\/p>\n<p>Recordando cifras, en Espa\u00f1a en el a\u00f1o pasado hubieron 169 muertos en accidentes de motocicleta y 18 en ciclomotor, cifras que fueron inferiores a las del 2013, cuando se produjeron 301 muertes, las estad\u00edsticas indican que vamos bien encaminados pero no por eso hay que olvidar la seguridad, al contrario, hay que seguir reforz\u00e1ndola para que contin\u00faen bajando. Todos queremos regresar a casa.<\/p>\n<p>El \u00faltimo <strong>accidente<\/strong> de \u00e9ste a\u00f1o en el que est\u00e9 implicado un motorista con <strong>resultado de muerte<\/strong>, fue ayer d\u00eda 29 de mayo. Un <strong>Guardia Civil de Tr\u00e1fico<\/strong> cuando se encontraba de servicio sufri\u00f3 una colisi\u00f3n frontal con una furgoneta, del mismo el motorista falleci\u00f3 en el acto. Es evidente que ning\u00fan motero estamos exentos de riesgo y hay que minimizarlo al m\u00e1ximo. El accidente sufri\u00f3 en la provincia de Murcia, concretamente entre las localidades de Jumilla y Yecla. <strong>Descanse en paz<\/strong>.<\/p>\n<p>Por ello debemos unirnos y hacer que el pr\u00f3ximo domingo 14 de junio sea el primer d\u00eda nacional de la moto en Espa\u00f1a, es f\u00e1cil, simplemente busca las concentraciones que hayan y \u00fanete, en ellas se dar\u00e1 a conocer que se puede tratar del primer d\u00eda de una gran celebraci\u00f3n. Dentro de Extremadura tenemos tres concentraciones ese domingo, dos de fin de semana y una solo de domingo:<a href=\"\/moterosdehoy\/wp-content\/uploads\/sites\/45\/2015\/05\/2015-junio-Herrera-del-Duque.jpg\"><img loading=\"lazy\" class=\"alignright size-thumbnail wp-image-1584\" title=\"2015-junio-Herrera-del-Duque\" src=\"\/moterosdehoy\/wp-content\/uploads\/sites\/45\/2015\/05\/2015-junio-Herrera-del-Duque.jpg\" alt=\"\" width=\"150\" height=\"150\" \/><\/a><\/p>\n<p><strong>Del 12 al 14 de junio<\/strong>, la <a title=\"XX Concentraci\u00f3n motera Herrera del Duque\" href=\"https:\/\/blogs.hoy.es\/moterosdehoy\/2015\/05\/27\/xx-concentracion-motera-en-herrera-del-duque-badajoz\/\" target=\"_blank\">XX cocentracion nacional de motos en <strong>Herrera del Duque<\/strong><\/a>, all\u00ed la pe\u00f1a motera &#8220;El Ciervo Alado-Deliada&#8221; nos tiene preparado un buen fin de semana con m\u00fasica, mucha fiesta y posibilidad de acampada en el recinto de la piscina municipal.<\/p>\n<p><a href=\"\/moterosdehoy\/wp-content\/uploads\/sites\/45\/2015\/05\/2015-junio-Calamonte.jpg\"><img loading=\"lazy\" class=\"alignleft size-thumbnail wp-image-1585\" title=\"2015-junio-Calamonte\" src=\"\/moterosdehoy\/wp-content\/uploads\/sites\/45\/2015\/05\/2015-junio-Calamonte.jpg\" alt=\"\" width=\"150\" height=\"150\" \/><\/a>Del 12 al 14 de junio, la 11\u00aa Concentraci\u00f3n motera ciudad de Calamonte. Ser\u00e1 organizada por el Motoclub &#8220;Ah\u00ed va la liebre&#8221; conjuntamente con neum\u00e1ticos Molina. Es una concentraci\u00f3n que lleva el sello de Femotex en el cartel, por lo que es de preveer que otros clubs pertenecientes a dicha federaci\u00f3n se har\u00e1n aparecer por all\u00ed.<\/p>\n<p>En Extremadura el tema Clubs y Motos, en el que se puede incluir Federaci\u00f3n, es algo complicado, el personal motero anda a su bola, salvo algunos M.C. que est\u00e1n surgiendo ahora y que s\u00ed respetan su club, pues para poder llegar a pertenecer a \u00e9l cuesta mucho trabajo y se valora. Un club o federaci\u00f3n en el que cualquiera puede entrar y hacerse socio solo por el mero echo de reunir alguna condici\u00f3n no sirve para nada y a la larga solo da problemas. Tengo que decir que hay muchas pe\u00f1as moteras, motoclubs o cualquier otra definici\u00f3n que se quieran dar, que si se respetan y est\u00e1n unidos, por mencionar alguno tenemos los &#8220;Buitres Leonaos&#8221; en C\u00e1ceres. Llevan a\u00f1os y seguro que seguir\u00e1n muchos m\u00e1s. Por cierto \u00e9ste a\u00f1o la concentraci\u00f3n de los buitres ser\u00e1 del 18 al 20 de septiembre nuevamente en C\u00e1ceres, ve apunt\u00e1ndola en la agenda.<a href=\"\/moterosdehoy\/wp-content\/uploads\/sites\/45\/2015\/05\/2015-junio-Alvarado.jpg\"><img loading=\"lazy\" class=\"alignright size-thumbnail wp-image-1586\" title=\"2015-junio-Alvarado\" src=\"\/moterosdehoy\/wp-content\/uploads\/sites\/45\/2015\/05\/2015-junio-Alvarado.jpg\" alt=\"\" width=\"150\" height=\"150\" \/><\/a><\/p>\n<p>El <strong>domingo 14 de junio<\/strong>, tenemos otra concentraci\u00f3n y en \u00e9ste caso se ha ganado un puesto de honor, pues hacen todo lo posible por invitar a los que se presenten. Se trata de la <a title=\"6\u00aa Convivencia motera en Alvarado\" href=\"https:\/\/blogs.hoy.es\/moterosdehoy\/2015\/05\/26\/6a-convivencia-motera-alvarado-badajoz\/#\" target=\"_blank\">6\u00aa Convivencia motera en <strong>Alvarado<\/strong><\/a>. Es una concentraci\u00f3n de pasar el d\u00eda, con desayuno, ruta, comida y m\u00fasica. Si a\u00fan no la conoces p\u00e1sate por all\u00ed y no te arrepentir\u00e1s. Eso s\u00ed, lleva un kilo de alimento no perecedero, que habr\u00e1 <strong>OPERACI\u00d3N KILO<\/strong> (recogida de alimentos).<\/p>\n<p>Hay mucho motero que no le gusta el tema ruta en grupo, unos porque al ir en grupo se circula muy despacio, otros porque no est\u00e1n acostumbrados a ir tan pegados y se agobian, otros porque se les calienta la moto&#8230; en fin para gustos los colores, pero el ir a una concentraci\u00f3n no obliga a ir a la ruta, puedes ir a desayunar y luego marcharte, o aparecer a las ca\u00f1as o a la comida, el caso es aparecer, hacerte ver, conocer nuevos amigos, pasarlo bien&#8230; Adem\u00e1s recuerda que\u00a0<strong>el domingo 14 de junio puede ser el primer d\u00eda nacional de la moto, sal a\u00a0<\/strong><strong>celebrarlo<\/strong>.<\/p>\n<p>Saludos y r\u00e1fagas.<\/p>\n<!-- AddThis Advanced Settings generic via filter on the_content --><!-- AddThis Share Buttons generic via filter on the_content -->","protected":false},"excerpt":{"rendered":"<p>El colectivo motero llevamos varios a\u00f1os luchando por conseguir un &#8220;D\u00cdA NACIONAL DE LA MOTO Y LOS MOTEROS EN ESPA\u00d1A&#8221; pues en muchos pa\u00edses del mundo lo hay, hace poco los \u00faltimos que lo han celebrado fueron Colombia y nuestra vecina Portugal. Gracias a la Comisi\u00f3n sobre Seguridad Vial y Movilidad Sostenible, el pasado mi\u00e9rcoles [&hellip;]<!-- AddThis Advanced Settings generic via filter on get_the_excerpt --><!-- AddThis Share Buttons generic via filter on get_the_excerpt --><\/p>\n","protected":false},"author":49,"featured_media":1583,"comment_status":"open","ping_status":"closed","sticky":false,"template":"","format":"standard","meta":[],"categories":[13],"tags":[41,338,622,624],"_links":{"self":[{"href":"https:\/\/blogs.hoy.es\/moterosdehoy\/wp-json\/wp\/v2\/posts\/1582"}],"collection":[{"href":"https:\/\/blogs.hoy.es\/moterosdehoy\/wp-json\/wp\/v2\/posts"}],"about":[{"href":"https:\/\/blogs.hoy.es\/moterosdehoy\/wp-json\/wp\/v2\/types\/post"}],"author":[{"embeddable":true,"href":"https:\/\/blogs.hoy.es\/moterosdehoy\/wp-json\/wp\/v2\/users\/49"}],"replies":[{"embeddable":true,"href":"https:\/\/blogs.hoy.es\/moterosdehoy\/wp-json\/wp\/v2\/comments?post=1582"}],"version-history":[{"count":0,"href":"https:\/\/blogs.hoy.es\/moterosdehoy\/wp-json\/wp\/v2\/posts\/1582\/revisions"}],"wp:featuredmedia":[{"embeddable":true,"href":"https:\/\/blogs.hoy.es\/moterosdehoy\/wp-json\/wp\/v2\/media\/1583"}],"wp:attachment":[{"href":"https:\/\/blogs.hoy.es\/moterosdehoy\/wp-json\/wp\/v2\/media?parent=1582"}],"wp:term":[{"taxonomy":"category","embeddable":true,"href":"https:\/\/blogs.hoy.es\/moterosdehoy\/wp-json\/wp\/v2\/categories?post=1582"},{"taxonomy":"post_tag","embeddable":true,"href":"https:\/\/blogs.hoy.es\/moterosdehoy\/wp-json\/wp\/v2\/tags?post=1582"}],"curies":[{"name":"wp","href":"https:\/\/api.w.org\/{rel}","templated":true}]}}