{"id":1589,"date":"2015-05-31T11:06:57","date_gmt":"2015-05-31T11:06:57","guid":{"rendered":"http:\/\/blogs.hoy.es\/moterosdehoy\/?p=1589"},"modified":"2015-05-31T11:06:57","modified_gmt":"2015-05-31T11:06:57","slug":"club-burgman-espana-en-badajoz","status":"publish","type":"post","link":"https:\/\/blogs.hoy.es\/moterosdehoy\/2015\/05\/31\/club-burgman-espana-en-badajoz\/","title":{"rendered":"Club Burgman Espa\u00f1a en Badajoz"},"content":{"rendered":"<p>Durante \u00e9ste fin de semana del 29 al 31 de mayo tenemos la <a title=\"Enlace a la publicaci\u00f3n de la concentraci\u00f3n\" href=\"https:\/\/blogs.hoy.es\/moterosdehoy\/2015\/05\/19\/vii-concentracion-primaveral-burgman\/\" target=\"_blank\">VII Concentraci\u00f3n primaveral Burgman<\/a> en Badajoz.<\/p>\n<p><a href=\"\/moterosdehoy\/wp-content\/uploads\/sites\/45\/2015\/05\/Burgman-Espa\u00f1a.jpg\"><img loading=\"lazy\" class=\"alignleft size-medium wp-image-1590\" title=\"Burgman Espa\u00f1a\" src=\"\/moterosdehoy\/wp-content\/uploads\/sites\/45\/2015\/05\/Burgman-Espa\u00f1a.jpg\" alt=\"\" width=\"300\" height=\"199\" srcset=\"https:\/\/static-blogs.hoy.es\/wp-content\/uploads\/sites\/45\/2015\/05\/Burgman-Espa\u00f1a.jpg 1280w, https:\/\/static-blogs.hoy.es\/wp-content\/uploads\/sites\/45\/2015\/05\/Burgman-Espa\u00f1a-300x200.jpg 300w, https:\/\/static-blogs.hoy.es\/wp-content\/uploads\/sites\/45\/2015\/05\/Burgman-Espa\u00f1a-768x511.jpg 768w, https:\/\/static-blogs.hoy.es\/wp-content\/uploads\/sites\/45\/2015\/05\/Burgman-Espa\u00f1a-1024x682.jpg 1024w\" sizes=\"(max-width: 300px) 100vw, 300px\" \/><\/a>La concentraci\u00f3n como era de esperar ha sido todo un \u00e9xito. En el encuentro se inscribieron 250 personas, repartidas de 15 Comunidades Aut\u00f3nomas diferentes, todo un caldo de culturas.<\/p>\n<p>Desde nuestra ciudad <a title=\"Turismo en Badajoz\" href=\"http:\/\/www.turismobadajoz.es\/\" target=\"_blank\" rel=\"external nofollow\">Badajoz<\/a> y en nombre de todos quiero aprovechar y dar las gracias al Club Burgman Espa\u00f1a y especialmente a la Delegaci\u00f3n de Extremadura, por haber elegido Badajoz como punto de encuentro.<\/p>\n<p>Aqu\u00ed nos ten\u00e9is para cuando quer\u00e1is volver. Un abrazo a tod@s y buen viaje de regreso.<\/p>\n<p>Saludos y r\u00e1fagas.<\/p>\n<!-- AddThis Advanced Settings generic via filter on the_content --><!-- AddThis Share Buttons generic via filter on the_content -->","protected":false},"excerpt":{"rendered":"<p>Durante \u00e9ste fin de semana del 29 al 31 de mayo tenemos la VII Concentraci\u00f3n primaveral Burgman en Badajoz. La concentraci\u00f3n como era de esperar ha sido todo un \u00e9xito. En el encuentro se inscribieron 250 personas, repartidas de 15 Comunidades Aut\u00f3nomas diferentes, todo un caldo de culturas. Desde nuestra ciudad Badajoz y en nombre [&hellip;]<!-- AddThis Advanced Settings generic via filter on get_the_excerpt --><!-- AddThis Share Buttons generic via filter on get_the_excerpt --><\/p>\n","protected":false},"author":49,"featured_media":0,"comment_status":"open","ping_status":"closed","sticky":false,"template":"","format":"standard","meta":[],"categories":[13],"tags":[123,124,125,622,624],"_links":{"self":[{"href":"https:\/\/blogs.hoy.es\/moterosdehoy\/wp-json\/wp\/v2\/posts\/1589"}],"collection":[{"href":"https:\/\/blogs.hoy.es\/moterosdehoy\/wp-json\/wp\/v2\/posts"}],"about":[{"href":"https:\/\/blogs.hoy.es\/moterosdehoy\/wp-json\/wp\/v2\/types\/post"}],"author":[{"embeddable":true,"href":"https:\/\/blogs.hoy.es\/moterosdehoy\/wp-json\/wp\/v2\/users\/49"}],"replies":[{"embeddable":true,"href":"https:\/\/blogs.hoy.es\/moterosdehoy\/wp-json\/wp\/v2\/comments?post=1589"}],"version-history":[{"count":0,"href":"https:\/\/blogs.hoy.es\/moterosdehoy\/wp-json\/wp\/v2\/posts\/1589\/revisions"}],"wp:attachment":[{"href":"https:\/\/blogs.hoy.es\/moterosdehoy\/wp-json\/wp\/v2\/media?parent=1589"}],"wp:term":[{"taxonomy":"category","embeddable":true,"href":"https:\/\/blogs.hoy.es\/moterosdehoy\/wp-json\/wp\/v2\/categories?post=1589"},{"taxonomy":"post_tag","embeddable":true,"href":"https:\/\/blogs.hoy.es\/moterosdehoy\/wp-json\/wp\/v2\/tags?post=1589"}],"curies":[{"name":"wp","href":"https:\/\/api.w.org\/{rel}","templated":true}]}}