{"id":1592,"date":"2015-06-02T15:43:11","date_gmt":"2015-06-02T15:43:11","guid":{"rendered":"http:\/\/blogs.hoy.es\/moterosdehoy\/?p=1592"},"modified":"2015-06-02T15:43:11","modified_gmt":"2015-06-02T15:43:11","slug":"vi-concentracion-motera-en-valdebotoa","status":"publish","type":"post","link":"https:\/\/blogs.hoy.es\/moterosdehoy\/2015\/06\/02\/vi-concentracion-motera-en-valdebotoa\/","title":{"rendered":"VI Concentraci\u00f3n motera en Valdebotoa"},"content":{"rendered":"<p>Los d\u00edas 6 y 7 de junio 2015 tendr\u00e1 lugar la VI Concentraci\u00f3n Motera en <a title=\"Valdebotoa en wikipedia\" href=\"http:\/\/es.wikipedia.org\/wiki\/Valdeb%C3%B3toa\" target=\"_blank\" rel=\"external nofollow\">Valdebotoa<\/a> (Badajoz).<\/p>\n<p><a href=\"\/moterosdehoy\/wp-content\/uploads\/sites\/45\/2015\/06\/2015-junio-Valdebotoa.jpg\"><img loading=\"lazy\" class=\"alignleft size-medium wp-image-1593\" title=\"2015 junio Valdebotoa\" src=\"\/moterosdehoy\/wp-content\/uploads\/sites\/45\/2015\/06\/2015-junio-Valdebotoa.jpg\" alt=\"\" width=\"300\" height=\"300\" srcset=\"https:\/\/static-blogs.hoy.es\/wp-content\/uploads\/sites\/45\/2015\/06\/2015-junio-Valdebotoa.jpg 571w, https:\/\/static-blogs.hoy.es\/wp-content\/uploads\/sites\/45\/2015\/06\/2015-junio-Valdebotoa-150x150.jpg 150w, https:\/\/static-blogs.hoy.es\/wp-content\/uploads\/sites\/45\/2015\/06\/2015-junio-Valdebotoa-300x300.jpg 300w\" sizes=\"(max-width: 300px) 100vw, 300px\" \/><\/a>La concentraci\u00f3n nos la organiza la Pe\u00f1a Los Ballones, prepar\u00e1ndonos una concentraci\u00f3n de dos d\u00edas, con rutas, conciertos, exhibici\u00f3n de stund, caseta con precios anti-crisis, sorteos y trofeos, en fin todos los alicientes de una concentraci\u00f3n motera, que en \u00e9sta ocasi\u00f3n ya ser\u00e1 su sexta ocasi\u00f3n en la localidad.<\/p>\n<p>Habr\u00e1 una inscripci\u00f3n de 12 euros que te dar\u00e1 acceso a todo el programa que tienen preparado y que figura en el propio cartel.<\/p>\n<p>Os resumo un poco el programa.<\/p>\n<p><strong>S\u00e1bado 6 de junio:<\/strong><\/p>\n<p>&#8211; 16:00 h Apertura de inscripciones.<\/p>\n<p>&#8211; 18:00 h Salida ruta a Salvatierra de los Barros.<\/p>\n<p>&#8211; 21:00 h Llegada a Valdebotoa y degustaci\u00f3n de Caldereta.<\/p>\n<p>&#8211; 23:00 h Concierto.<\/p>\n<p><strong>Domingo 7 de junio:<\/strong><\/p>\n<p>&#8211; 09:00 h Apertura de inscripciones.<\/p>\n<p>&#8211; 11:00 h Salida ruta.<\/p>\n<p>&#8211; 13:30 h Llegada de la ruta a Valdebotoa y recorrido por las calles de la localidad.<\/p>\n<p>&#8211; 15:00 h Paellada y pancetada.<\/p>\n<p>&#8211; 16:30 h Exhibici\u00f3n de Stund.<\/p>\n<p>&#8211; 17:30 h Entrega de trofeos y sorteos.<\/p>\n<p>Valdebotoa es una pedan\u00eda de Badajoz, se encuentra a 14 kil\u00f3metros de ella, motivo por el que en los \u00faltimos a\u00f1os ha crecido considerablemente. Es una localidad de las \u00faltimas en entrar en los libros de historia, dado que a\u00fan no ha cumplido sus 60 a\u00f1os como tal, pero de seguro que cumplir\u00e1 muchos m\u00e1s. Actualmente cuenta con algo m\u00e1s de mil trescientos habitantes censados, que \u00e9ste fin de semana se volcar\u00e1n con las motos para que todos disfrutemos de una buena fiesta.<\/p>\n<p>Por suerte en el mismo fin de semana no hay ninguna otra concentraci\u00f3n cercana, por lo que si dispones de esos d\u00edas libres o al menos uno de ellos no dudes en aparecer por all\u00ed.<\/p>\n<p>Saludos y r\u00e1fagas.<\/p>\n<!-- AddThis Advanced Settings generic via filter on the_content --><!-- AddThis Share Buttons generic via filter on the_content -->","protected":false},"excerpt":{"rendered":"<p>Los d\u00edas 6 y 7 de junio 2015 tendr\u00e1 lugar la VI Concentraci\u00f3n Motera en Valdebotoa (Badajoz). La concentraci\u00f3n nos la organiza la Pe\u00f1a Los Ballones, prepar\u00e1ndonos una concentraci\u00f3n de dos d\u00edas, con rutas, conciertos, exhibici\u00f3n de stund, caseta con precios anti-crisis, sorteos y trofeos, en fin todos los alicientes de una concentraci\u00f3n motera, que [&hellip;]<!-- AddThis Advanced Settings generic via filter on get_the_excerpt --><!-- AddThis Share Buttons generic via filter on get_the_excerpt --><\/p>\n","protected":false},"author":49,"featured_media":0,"comment_status":"open","ping_status":"closed","sticky":false,"template":"","format":"standard","meta":[],"categories":[13],"tags":[611,622,717,757],"_links":{"self":[{"href":"https:\/\/blogs.hoy.es\/moterosdehoy\/wp-json\/wp\/v2\/posts\/1592"}],"collection":[{"href":"https:\/\/blogs.hoy.es\/moterosdehoy\/wp-json\/wp\/v2\/posts"}],"about":[{"href":"https:\/\/blogs.hoy.es\/moterosdehoy\/wp-json\/wp\/v2\/types\/post"}],"author":[{"embeddable":true,"href":"https:\/\/blogs.hoy.es\/moterosdehoy\/wp-json\/wp\/v2\/users\/49"}],"replies":[{"embeddable":true,"href":"https:\/\/blogs.hoy.es\/moterosdehoy\/wp-json\/wp\/v2\/comments?post=1592"}],"version-history":[{"count":0,"href":"https:\/\/blogs.hoy.es\/moterosdehoy\/wp-json\/wp\/v2\/posts\/1592\/revisions"}],"wp:attachment":[{"href":"https:\/\/blogs.hoy.es\/moterosdehoy\/wp-json\/wp\/v2\/media?parent=1592"}],"wp:term":[{"taxonomy":"category","embeddable":true,"href":"https:\/\/blogs.hoy.es\/moterosdehoy\/wp-json\/wp\/v2\/categories?post=1592"},{"taxonomy":"post_tag","embeddable":true,"href":"https:\/\/blogs.hoy.es\/moterosdehoy\/wp-json\/wp\/v2\/tags?post=1592"}],"curies":[{"name":"wp","href":"https:\/\/api.w.org\/{rel}","templated":true}]}}