{"id":1596,"date":"2015-06-10T14:40:15","date_gmt":"2015-06-10T14:40:15","guid":{"rendered":"http:\/\/blogs.hoy.es\/moterosdehoy\/?p=1596"},"modified":"2015-06-10T14:40:15","modified_gmt":"2015-06-10T14:40:15","slug":"faro-2015","status":"publish","type":"post","link":"https:\/\/blogs.hoy.es\/moterosdehoy\/2015\/06\/10\/faro-2015\/","title":{"rendered":"FARO 2015"},"content":{"rendered":"<p>Ya est\u00e1 todo preparado para la macroconcentraci\u00f3n europea de motos del 2015, llega &#8220;<strong>34 FARO Concentraci\u00f3n de Motos<\/strong>&#8221;<\/p>\n<div id=\"attachment_1597\" style=\"width: 222px\" class=\"wp-caption alignleft\"><a href=\"\/moterosdehoy\/wp-content\/uploads\/sites\/45\/2015\/06\/Faro-2015.jpg\"><img aria-describedby=\"caption-attachment-1597\" loading=\"lazy\" class=\"size-medium wp-image-1597\" title=\"Faro 2015\" src=\"\/moterosdehoy\/wp-content\/uploads\/sites\/45\/2015\/06\/Faro-2015.jpg\" alt=\"\" width=\"212\" height=\"300\" srcset=\"https:\/\/static-blogs.hoy.es\/wp-content\/uploads\/sites\/45\/2015\/06\/Faro-2015.jpg 795w, https:\/\/static-blogs.hoy.es\/wp-content\/uploads\/sites\/45\/2015\/06\/Faro-2015-212x300.jpg 212w, https:\/\/static-blogs.hoy.es\/wp-content\/uploads\/sites\/45\/2015\/06\/Faro-2015-768x1086.jpg 768w, https:\/\/static-blogs.hoy.es\/wp-content\/uploads\/sites\/45\/2015\/06\/Faro-2015-724x1024.jpg 724w\" sizes=\"(max-width: 212px) 100vw, 212px\" \/><\/a><p id=\"caption-attachment-1597\" class=\"wp-caption-text\">Cartel de Faro 2015<\/p><\/div>\n<p>Tendr\u00e1 lugar <strong>del 16 al 19 de julio<\/strong> y por supuesto en <a title=\"Faro en wikipedia\" href=\"http:\/\/es.wikipedia.org\/wiki\/Faro_%28Portugal%29\" target=\"_blank\" rel=\"external nofollow\">Faro<\/a>, en el <a title=\"Gu\u00eda para visitar el Algarve\" href=\"http:\/\/www.guiadeviaje.net\/portugal\/algarve.html\" target=\"_blank\" rel=\"external nofollow\">Algarve<\/a> de Portugal.<\/p>\n<p>Falta poco m\u00e1s de un mes y el personal ya tiene a Faro en su mente, pidiendo vacaciones, d\u00edas libres, ahorrando, preparando la moto, buscando lugar donde alojarte sino quieres ir de tienda de campa\u00f1a&#8230; De un modo u otro Faro se siente en el ambiente y es tema de conversaci\u00f3n en todos los eventos moteros.<\/p>\n<p>Cualquier motero que se precie como tal como m\u00ednimo es conocedor de la existencia de la concentraci\u00f3n motera de Faro, independientemente de pensar en ir o no a ella. Por regla general todo el que ha ido habla bien de ella, salvo alg\u00fan encuentro no deseado con los ba\u00f1os.<\/p>\n<p>Os voy a hablar un poco de la mayor concentraci\u00f3n motera a nivel Europa y casi mundial, adem\u00e1s de daros unos consejos por si quer\u00e9is ir y and\u00e1is algo perdidos.<\/p>\n<p>Para \u00e9ste a\u00f1o 2015 todo apunta a que seguir\u00e1 con el mismo precio de<strong> inscripci\u00f3n, 45 euros<\/strong>, parece caro y lo es, pero (como dicen en <a title=\"P\u00e1gina oficial de MotoClube Faro\" href=\"http:\/\/www.motoclubefaro.pt\/Actividades\/Saloes\/Bilbao\/_Imprensa_Bilbao\/Home_SP\/body_home_sp.html\" target=\"_blank\" rel=\"external nofollow\">su p\u00e1gina web<\/a>) ten en cuenta que si aprovechas esos euros<strong> te dar\u00e1 acceso a:<\/strong><\/p>\n<p>&#8211; Saqueta de inscripci\u00f3n conteniendo la camiseta oficial, medalla, pegatina, tickets de comida, tickets para participar en el sorteo de una moto nueva y de una semana en Daytona<\/p>\n<p>&#8211; Camping &#8211; m\u00fasica al vivo todas las noches &#8211; Shows er\u00f3ticos todas las noches &#8211; Bares abiertos las 24 horas del dia &#8211; Bike Show &#8211; Acceso a Stands profesionales &#8211; Feria Biker &#8211; Stands Tatoo &#8211; Concurso de tattoos &#8211; Miss Camiseta mojada, que puedes ser t\u00fa &#8211; Centro m\u00e9dico &#8211; y mucho mas !<\/p>\n<p>&#8211; Autob\u00fas gratis para los inscritos desde la concentraci\u00f3n a Faro, y de Faro a la concentraci\u00f3n, desde las 11 horas de Jueves hasta las 8 Horas de Domingo.<\/p>\n<p>&#8211; Un ambiente dif\u00edcil de igualar durante el Verano, un &#8220;caldo de culturas&#8221; que re\u00fane lo que hay de mejor en Europa: Los Moteros de esp\u00edritu libre! Todo esto bajo el sol del precioso Algarve.<\/p>\n<p>&#8211; Ser uno de los que pueden decir &#8220;yo estuve en Faro&#8221; \u00a1La Meca europea del motociclismo!<\/p>\n<p>Si sopesas todo eso incluso parece barato, pero lleva algunos eurillos de m\u00e1s, pues seguro que te apetecer\u00e1 gastarlos en las diferentes barras, con esa rica Sagres, o pasearte por los stands moteros, donde seguro que encontraras muchas cosas de tu gusto.<\/p>\n<p>Es ya la 34\u00aa Concentraci\u00f3n Internacional de Motos y como en ediciones anteriores tendr\u00e1 lugar en Faro, concretamente en el camping de la localidad y situado a un par de kil\u00f3metros de la playa, lo que te permite llegar a ella incluso andando si lo deseas, aunque se te har\u00e1 largu\u00edsimo por la calor. Si llevas la moto ves prontito, vas a flipar para aparcar la moto, las hay hasta en la arena y no te impacientes, hay un paso estrecho y obliga a una cola que en ocasiones lleva a m\u00e1s del cuarto de hora, recuerda parar la moto en esa caravana, evitar\u00e1s que se caliente en exceso, sobre todo si est\u00e1 refrigerada por aire. Es preferible arrancarla veinte veces a quedarte en la cuneta a esperar que se enfr\u00ede.<\/p>\n<p>Ten en cuenta que si vas a pasar por all\u00ed por ver el ambiente en caso de no inscribirte ver\u00e1s muchas motos, pero no pasar\u00e1s de ah\u00ed, en la zona de concentraci\u00f3n solo se puede acceder previa inscripci\u00f3n.<\/p>\n<p>Hay que decir que ha llegado a reunir a casi 30.000 inscritos, aunque con \u00e9stos tiempos de crisis en los que nos vemos sumergidos tambi\u00e9n le han hecho mella. En la edici\u00f3n del a\u00f1o pasado se superaron los 20.000, que a pesar de no estar nada mal, se puede ver como se ha reducido de modo notable.<\/p>\n<div id=\"attachment_1598\" style=\"width: 310px\" class=\"wp-caption alignright\"><a href=\"\/moterosdehoy\/wp-content\/uploads\/sites\/45\/2015\/06\/Mapa-Faro-2015.jpg\"><img aria-describedby=\"caption-attachment-1598\" loading=\"lazy\" class=\"size-medium wp-image-1598\" title=\"Mapa Faro 2015\" src=\"\/moterosdehoy\/wp-content\/uploads\/sites\/45\/2015\/06\/Mapa-Faro-2015.jpg\" alt=\"\" width=\"300\" height=\"212\" srcset=\"https:\/\/static-blogs.hoy.es\/wp-content\/uploads\/sites\/45\/2015\/06\/Mapa-Faro-2015.jpg 1134w, https:\/\/static-blogs.hoy.es\/wp-content\/uploads\/sites\/45\/2015\/06\/Mapa-Faro-2015-300x213.jpg 300w, https:\/\/static-blogs.hoy.es\/wp-content\/uploads\/sites\/45\/2015\/06\/Mapa-Faro-2015-768x545.jpg 768w, https:\/\/static-blogs.hoy.es\/wp-content\/uploads\/sites\/45\/2015\/06\/Mapa-Faro-2015-1024x726.jpg 1024w\" sizes=\"(max-width: 300px) 100vw, 300px\" \/><\/a><p id=\"caption-attachment-1598\" class=\"wp-caption-text\">Mapa Faro 2015<\/p><\/div>\n<p>Otro aspecto importante, si vas a hacer uso de la acampada es llegar pronto, cuanto antes mejor, coger una buena sombra y no muy lejos de los ba\u00f1os, pero tampoco muy cerca (ruido, mosquitos\u2026), una buena zona seg\u00fan entras a la izquierda, abajo del todo. Est\u00e1n los servicios al lado, una salida de emergencia y un bar. No est\u00e1 lejos del escenario ni del oasis, pero no llega el tremendo ruido que hay. Aqu\u00ed a la derecha tienes un plano del lugar. Yo cuando he ido lo hice de hotel, pero la crisis aprieta. Si no tienes tienda y lo ves como impedimento, las hay muy baratas en el mercado y te puede servir para otras ocasiones. Tambi\u00e9n tienes la opci\u00f3n de Bed and Breakfast, sale m\u00e1s barato que un hotel y tienes muchos disponibles en Faro.<\/p>\n<p>Sobre el comentario que hice al inicio sobre los ba\u00f1os, te comento que en principio est\u00e1n limpios pero a medida que pasa el tiempo se vuelven algo perjudicados, llegando a usarlos si es de m\u00e1xima necesidad, lo mejor, ir al aeropuerto o bien ir a faro, hay un gran centro comercial y bares o pasteler\u00edas que adem\u00e1s de tomarte algo, podr\u00e1s disfrutar de unos ba\u00f1os m\u00e1s limpios. Para las duchas no hay problema, te pones el ba\u00f1ador y listo, son muy divertidas y conoces gente. Las duchas son comunitarias y a cielo abierto, te permite broncearte de paso.<\/p>\n<p>A la hora de hacer la maleta recuerda que vas en moto, por lo que debes llevar lo imprescindible, todo ocupa sitio y no dispones de mucho. All\u00ed hace una calor insoportable, lleva crema solar y casi igual de importante crema anti-mosquitos, hay muchos. Si tienes alguna camiseta vieja ll\u00e9vala, cuando te la quites toda sudada la tiras y una cosa menos de vuelta, recuerda que con la inscripci\u00f3n te dar\u00e1n una, por lo que una menos en la ida. Por supuesto lleva el ba\u00f1ador. Para la comida no hace falta que lleves nada como platos, tenedores y dem\u00e1s, all\u00ed te los dar\u00e1n de pl\u00e1stico, una vez que lo uses se tira y punto, aunque cada vez m\u00e1s la pe\u00f1a se pone de acuerdo para llevar cosas en plan camping y preparar all\u00ed su comida. Lo peor de la comida de all\u00ed, la cola para recogerla y una vez que la tienes poca sombra para comer. Yo te recomiendo que te vayas a la playa y a la hora de comer te pegues un homenaje de Sagres y pescaito, no te saldr\u00e1 caro y venga ya, est\u00e1s de vacaciones, disfr\u00fatalas.<\/p>\n<p>Sobre la seguridad te dir\u00e9 que all\u00ed hay personal de seguridad contratados, paramilitares de dos por dos (me refiero a las medidas, tipo armario empotrado), evitan robos y problemas. Adem\u00e1s no se andan con chiquitas, si alguno se pasa haciendo el tonto con la moto de normal le dar\u00e1n un par de guantazos para suavizarlo y le quitar\u00e1n las llaves de la moto, que amistosamente podr\u00e1 recoger en la entrada cuando se haya terminado todo el domingo. No suelen haber robos en las tiendas, a pesar de estar abiertas, se respeta lo de los dem\u00e1s, pero cuando hay tanta gente es dif\u00edcil garantizar el 100%. Conozco un par de casos que el primer d\u00eda les quitaron el dinerito de la tienda, procura no dejarlo.<\/p>\n<p>Lo normal es aprovechar el d\u00eda para visitar alguna playa, tienes una cerquita si no te apetece viajar, incluso puedes ir andando, pero te recomiendo que ya que est\u00e1s all\u00ed conozcas un poco la zona, sobre todo el atardecer en el Cabo de San Vicente, aprovecha para ver la puesta de sol, es digna de ver e inmortalizar con la c\u00e1mara. Las zonas tur\u00edsticas de playa del Algarve est\u00e1n de Quarteira hacia el cabo de San Vicente (Sagres, con su exquisita cerveza\u2026). Al lado de Albufeira tienes las playas de San Rafael y Coelha, te sorprender\u00e1n. Faro tambi\u00e9n est\u00e1 bien, pero es m\u00e1s ruidoso, te pasan los aviones por encima y al estar m\u00e1s pegado a Espa\u00f1a hay m\u00e1s gente. Aprovecha para comer pescado y tomar el sol. De vuelta en la concentraci\u00f3n una duchita, y a disfrutar de los conciertos y dem\u00e1s eventos.<\/p>\n<div id=\"attachment_1599\" style=\"width: 310px\" class=\"wp-caption alignleft\"><a href=\"\/moterosdehoy\/wp-content\/uploads\/sites\/45\/2015\/06\/Concentraci\u00f3n-Faro.jpg\"><img aria-describedby=\"caption-attachment-1599\" loading=\"lazy\" class=\"size-medium wp-image-1599\" title=\"Concentraci\u00f3n Faro\" src=\"\/moterosdehoy\/wp-content\/uploads\/sites\/45\/2015\/06\/Concentraci\u00f3n-Faro.jpg\" alt=\"\" width=\"300\" height=\"199\" srcset=\"https:\/\/static-blogs.hoy.es\/wp-content\/uploads\/sites\/45\/2015\/06\/Concentraci\u00f3n-Faro.jpg 600w, https:\/\/static-blogs.hoy.es\/wp-content\/uploads\/sites\/45\/2015\/06\/Concentraci\u00f3n-Faro-300x199.jpg 300w\" sizes=\"(max-width: 300px) 100vw, 300px\" \/><\/a><p id=\"caption-attachment-1599\" class=\"wp-caption-text\">Conciertos de Faro 2014<\/p><\/div>\n<p>La lista de los conciertos la tienes en el cartel, entre los grupos tenemos a &#8220;Los Suaves&#8221; y varios tributos de bandas muy conocidas que har\u00e1n que se nos pongan los pelos de punta. A\u00fan as\u00ed en caso de que no te gusten esos conciertos o la gran aglomeraci\u00f3n de pe\u00f1a, montan varias carpas con m\u00fasica muy variada, en alguna de ellas seguro que te sentir\u00e1s a tu gusto.<\/p>\n<p>Cuando vayas a entrar a la zona de Portugal reposta a\u00fan en Espa\u00f1a, la gasolina all\u00ed es m\u00e1s cara. Los m\u00e1s enredas descargan en el movil una aplicaci\u00f3n llamada \u201cgasolineras\u201d que te muestra el precio en tiempo real, puede que te sea \u00fatil. Tambi\u00e9n acu\u00e9rdate de llevar la carta verde del seguro. A nivel europeo no es obligatoria pero si no la llevas la polic\u00eda portuguesa te denunciar\u00e1 y tendr\u00e1s que pagarlo en el momento. Intenta llevar todo en regla, pues si te multan no te podr\u00e1s llevar la moto hasta abonarla.<\/p>\n<p>Sobre las autopistas, decirte que en algunas de ellas s\u00f3lo se puede pagar con una tarjeta que te venden en estancos de Portugal y las \u00e1reas de servicio, la tienes que recargar con pasta y te van descontando al pasar por los peajes, si no llega lo que tengas de recarga, multa que recibir\u00e1s en casita si tienes residencia dentro de Europa, en caso de hacer caso omiso te enviar\u00e1n una citaci\u00f3n judicial pues las multas en Portugal no van por v\u00eda civil, van por lo penal. Si te quedas con saldo a no ser que vuelvas lo perder\u00e1s. Recuerda que vas en moto, disfruta de las curvas y pasa de ellas.<\/p>\n<p>Si est\u00e1s indeciso en ir, te lo recomiendo, es un ambiente motero inigualable que re\u00fane moteros de cualquier conf\u00edn del planeta. All\u00ed encontrar\u00e1s de todo, ruteros, racing, scooteristas, cl\u00e1sicos, rockers, moods, free bikers, pero sobre todo custom. Adem\u00e1s ser\u00e1s uno de los que podr\u00e1n decir \u201cyo estuve en Faro\u201d, la Meca europea del motociclismo.<\/p>\n<p>Por hablarte algo de Faro, te dir\u00e9 que\u00a0es una ciudad portuguesa, capital del distrito hom\u00f3nimo y de la regi\u00f3n del Algarve, con una poblaci\u00f3n algo inferior a los 65.000 habitantes. Siendo uno de los centros urbanos de la regi\u00f3n sur de Portugal m\u00e1s conocido entre los siglos III a. C. y VIII d. C., con una configuraci\u00f3n como almac\u00e9n en un gran sistema comercial, basado en el intercambio de productos agr\u00edcolas, pescado y minerales.<\/p>\n<p>Volviendo a la concentraci\u00f3n os dejo un v\u00eddeo de la edici\u00f3n 2013 que muestra un poco de lo que puedes encontrar all\u00ed:<\/p>\n<p style=\"text-align: center;\"><a href=\"https:\/\/youtu.be\/Jh1vkM-fpbs\" rel=\"external nofollow\">V\u00eddeo de la edici\u00f3n Faro 2013<\/a><\/p>\n<p>Si decides ir, igual nos vemos \u00e9ste a\u00f1o por all\u00ed y nos hacemos unas fotos para el blog.<\/p>\n<p>Saludos y r\u00e1fagas.<\/p>\n<!-- AddThis Advanced Settings generic via filter on the_content --><!-- AddThis Share Buttons generic via filter on the_content -->","protected":false},"excerpt":{"rendered":"<p>Ya est\u00e1 todo preparado para la macroconcentraci\u00f3n europea de motos del 2015, llega &#8220;34 FARO Concentraci\u00f3n de Motos&#8221; Tendr\u00e1 lugar del 16 al 19 de julio y por supuesto en Faro, en el Algarve de Portugal. Falta poco m\u00e1s de un mes y el personal ya tiene a Faro en su mente, pidiendo vacaciones, d\u00edas [&hellip;]<!-- AddThis Advanced Settings generic via filter on get_the_excerpt --><!-- AddThis Share Buttons generic via filter on get_the_excerpt --><\/p>\n","protected":false},"author":49,"featured_media":1599,"comment_status":"open","ping_status":"closed","sticky":false,"template":"","format":"standard","meta":[],"categories":[13],"tags":[25,69,189,304,368,391,613,622],"_links":{"self":[{"href":"https:\/\/blogs.hoy.es\/moterosdehoy\/wp-json\/wp\/v2\/posts\/1596"}],"collection":[{"href":"https:\/\/blogs.hoy.es\/moterosdehoy\/wp-json\/wp\/v2\/posts"}],"about":[{"href":"https:\/\/blogs.hoy.es\/moterosdehoy\/wp-json\/wp\/v2\/types\/post"}],"author":[{"embeddable":true,"href":"https:\/\/blogs.hoy.es\/moterosdehoy\/wp-json\/wp\/v2\/users\/49"}],"replies":[{"embeddable":true,"href":"https:\/\/blogs.hoy.es\/moterosdehoy\/wp-json\/wp\/v2\/comments?post=1596"}],"version-history":[{"count":0,"href":"https:\/\/blogs.hoy.es\/moterosdehoy\/wp-json\/wp\/v2\/posts\/1596\/revisions"}],"wp:featuredmedia":[{"embeddable":true,"href":"https:\/\/blogs.hoy.es\/moterosdehoy\/wp-json\/wp\/v2\/media\/1599"}],"wp:attachment":[{"href":"https:\/\/blogs.hoy.es\/moterosdehoy\/wp-json\/wp\/v2\/media?parent=1596"}],"wp:term":[{"taxonomy":"category","embeddable":true,"href":"https:\/\/blogs.hoy.es\/moterosdehoy\/wp-json\/wp\/v2\/categories?post=1596"},{"taxonomy":"post_tag","embeddable":true,"href":"https:\/\/blogs.hoy.es\/moterosdehoy\/wp-json\/wp\/v2\/tags?post=1596"}],"curies":[{"name":"wp","href":"https:\/\/api.w.org\/{rel}","templated":true}]}}