{"id":1601,"date":"2015-06-15T19:28:28","date_gmt":"2015-06-15T19:28:28","guid":{"rendered":"http:\/\/blogs.hoy.es\/moterosdehoy\/?p=1601"},"modified":"2015-06-15T19:28:28","modified_gmt":"2015-06-15T19:28:28","slug":"transcurso-de-la-6a-convivencia-motera-de-alvarado","status":"publish","type":"post","link":"https:\/\/blogs.hoy.es\/moterosdehoy\/2015\/06\/15\/transcurso-de-la-6a-convivencia-motera-de-alvarado\/","title":{"rendered":"Transcurso de la 6\u00aa Convivencia motera de Alvarado"},"content":{"rendered":"<p>El pasado domingo d\u00eda 14 de junio 2015, tuvo lugar tal y como estaba anunciada la <a title=\"Publicaci\u00f3n de la concentraci\u00f3n\" href=\"https:\/\/blogs.hoy.es\/moterosdehoy\/2015\/05\/26\/6a-convivencia-motera-alvarado-badajoz\/\" target=\"_blank\">sexta convivencia motera de Alvarado<\/a>.<\/p>\n<div id=\"attachment_1602\" style=\"width: 310px\" class=\"wp-caption alignleft\"><a href=\"\/moterosdehoy\/wp-content\/uploads\/sites\/45\/2015\/06\/Convivencia-motera-Alvarado.jpg\"><img aria-describedby=\"caption-attachment-1602\" loading=\"lazy\" class=\"size-medium wp-image-1602\" title=\"Convivencia motera Alvarado\" src=\"\/moterosdehoy\/wp-content\/uploads\/sites\/45\/2015\/06\/Convivencia-motera-Alvarado.jpg\" alt=\"\" width=\"300\" height=\"225\" srcset=\"https:\/\/static-blogs.hoy.es\/wp-content\/uploads\/sites\/45\/2015\/06\/Convivencia-motera-Alvarado.jpg 3264w, https:\/\/static-blogs.hoy.es\/wp-content\/uploads\/sites\/45\/2015\/06\/Convivencia-motera-Alvarado-300x225.jpg 300w, https:\/\/static-blogs.hoy.es\/wp-content\/uploads\/sites\/45\/2015\/06\/Convivencia-motera-Alvarado-768x576.jpg 768w, https:\/\/static-blogs.hoy.es\/wp-content\/uploads\/sites\/45\/2015\/06\/Convivencia-motera-Alvarado-1024x768.jpg 1024w\" sizes=\"(max-width: 300px) 100vw, 300px\" \/><\/a><p id=\"caption-attachment-1602\" class=\"wp-caption-text\">Foto de la 6\u00aa Convivencia motera de Alvarado<\/p><\/div>\n<p>A pesar de que el sol brill\u00f3 por su ausencia y que estuvimos pasados por agua tanto a primera hora, como para despedirnos, muchos colegas moteros preferimos sacar las monturas y pasar un buen rato.<\/p>\n<p>El tiempo hizo mella y pr\u00e1cticamente acudimos poco m\u00e1s de la mitad de lo que esperaban, pero hab\u00eda representaci\u00f3n de todos los clubes y pe\u00f1as moteras de la zona, incluso de nuestros hermanos portugueses, asistiendo tanto el MotoClube de Campo Maior, como el Grupo Motard Novo Milenio de Portalegre. Todo de agradecer, puesto que ellos recibieron m\u00e1s agua que los dem\u00e1s al tener m\u00e1s ruta que recorrer para acudir y regresar a sus casas.<\/p>\n<p>Aqu\u00ed os dejo un v\u00eddeo del transcurso para que ve\u00e1is lo bien que lo pasamos.<\/p>\n<h2><strong><span style=\"color: #ff0000;\"><a href=\"https:\/\/www.youtube.com\/watch?v=6H75cY3buJI\" rel=\"external nofollow\"><span style=\"color: #ff0000;\">V\u00eddeo de la 6\u00aa Convivencia motera de Alvarado<\/span><\/a><\/span><\/strong><\/h2>\n<p>Espero poder volver a compartirla con todos vosotros el a\u00f1o que viene.<\/p>\n<p>Saludos y r\u00e1fagas.<\/p>\n<!-- AddThis Advanced Settings generic via filter on the_content --><!-- AddThis Share Buttons generic via filter on the_content -->","protected":false},"excerpt":{"rendered":"<p>El pasado domingo d\u00eda 14 de junio 2015, tuvo lugar tal y como estaba anunciada la sexta convivencia motera de Alvarado. A pesar de que el sol brill\u00f3 por su ausencia y que estuvimos pasados por agua tanto a primera hora, como para despedirnos, muchos colegas moteros preferimos sacar las monturas y pasar un buen [&hellip;]<!-- AddThis Advanced Settings generic via filter on get_the_excerpt --><!-- AddThis Share Buttons generic via filter on get_the_excerpt --><\/p>\n","protected":false},"author":49,"featured_media":0,"comment_status":"open","ping_status":"closed","sticky":false,"template":"","format":"standard","meta":[],"categories":[13],"tags":[32,429,611,622,657,676],"_links":{"self":[{"href":"https:\/\/blogs.hoy.es\/moterosdehoy\/wp-json\/wp\/v2\/posts\/1601"}],"collection":[{"href":"https:\/\/blogs.hoy.es\/moterosdehoy\/wp-json\/wp\/v2\/posts"}],"about":[{"href":"https:\/\/blogs.hoy.es\/moterosdehoy\/wp-json\/wp\/v2\/types\/post"}],"author":[{"embeddable":true,"href":"https:\/\/blogs.hoy.es\/moterosdehoy\/wp-json\/wp\/v2\/users\/49"}],"replies":[{"embeddable":true,"href":"https:\/\/blogs.hoy.es\/moterosdehoy\/wp-json\/wp\/v2\/comments?post=1601"}],"version-history":[{"count":0,"href":"https:\/\/blogs.hoy.es\/moterosdehoy\/wp-json\/wp\/v2\/posts\/1601\/revisions"}],"wp:attachment":[{"href":"https:\/\/blogs.hoy.es\/moterosdehoy\/wp-json\/wp\/v2\/media?parent=1601"}],"wp:term":[{"taxonomy":"category","embeddable":true,"href":"https:\/\/blogs.hoy.es\/moterosdehoy\/wp-json\/wp\/v2\/categories?post=1601"},{"taxonomy":"post_tag","embeddable":true,"href":"https:\/\/blogs.hoy.es\/moterosdehoy\/wp-json\/wp\/v2\/tags?post=1601"}],"curies":[{"name":"wp","href":"https:\/\/api.w.org\/{rel}","templated":true}]}}