{"id":1604,"date":"2015-06-17T17:33:43","date_gmt":"2015-06-17T17:33:43","guid":{"rendered":"http:\/\/blogs.hoy.es\/moterosdehoy\/?p=1604"},"modified":"2015-06-17T17:33:43","modified_gmt":"2015-06-17T17:33:43","slug":"i-aniversario-del-chappter-abutres-mc-spain-extremadura-cc","status":"publish","type":"post","link":"https:\/\/blogs.hoy.es\/moterosdehoy\/2015\/06\/17\/i-aniversario-del-chappter-abutres-mc-spain-extremadura-cc\/","title":{"rendered":"I Aniversario del Chappter Abutre&#039;s MC Spain Extremadura-CC"},"content":{"rendered":"<p>Despu\u00e9s de un fin de semana cargado de eventos moteros en Extremadura, nada menos que cuatro eventos y todos ellos en la provincia de Badajoz, adem\u00e1s de tiempo revuelto, pues la lluvia fue fiel compa\u00f1era de viaje de pr\u00e1cticamente todos los moteros que nos aventuramos a dar una vuelta. Llega un fin de semana de relax, o no, depende de tu agenda.<\/p>\n<p><a href=\"\/moterosdehoy\/wp-content\/uploads\/sites\/45\/2015\/06\/2015-junio-Abutres.jpg\"><img loading=\"lazy\" class=\"alignleft size-medium wp-image-1607\" title=\"2015 junio Abutres\" src=\"\/moterosdehoy\/wp-content\/uploads\/sites\/45\/2015\/06\/2015-junio-Abutres.jpg\" alt=\"\" width=\"193\" height=\"300\" srcset=\"https:\/\/static-blogs.hoy.es\/wp-content\/uploads\/sites\/45\/2015\/06\/2015-junio-Abutres.jpg 826w, https:\/\/static-blogs.hoy.es\/wp-content\/uploads\/sites\/45\/2015\/06\/2015-junio-Abutres-768x1190.jpg 768w, https:\/\/static-blogs.hoy.es\/wp-content\/uploads\/sites\/45\/2015\/06\/2015-junio-Abutres-661x1024.jpg 661w\" sizes=\"(max-width: 193px) 100vw, 193px\" \/><\/a>Para el fin de semana del 20 al 21 de junio, tenemos nada menos que el primer aniversario del Chappter Abutre&#8217;s MC Spain en Extremadura, concretamente en C\u00e1ceres.<\/p>\n<p>Para los que desconoc\u00e9is <a title=\"P\u00e1gina oficial de Abutre's MC\" href=\"http:\/\/www.abutres.com.br\/\" target=\"_blank\" rel=\"external nofollow\">Abutre&#8217;s MC<\/a> publiqu\u00e9 algo sobre <a title=\"Abutre's MC Spain en Extremadura\" href=\"https:\/\/blogs.hoy.es\/moterosdehoy\/2014\/08\/15\/en-extremadura-ya-hay-un-mc\/\" target=\"_blank\">ellos tras su entrada en nuestra regi\u00f3n<\/a> y parece que hace unos d\u00edas pero ya llevan asentados m\u00e1s de un a\u00f1o. Son un MC reconocido mundialmente, que fue fundado en la ciudad brasile\u00f1a de S\u00e3o Paulo en 1989, actualmente formado por cerca de 8.500 miembros repartidos por todo el mundo.<\/p>\n<p>Y para \u00e9ste pr\u00f3ximo s\u00e1bado <strong>d\u00eda 20 de junio<\/strong> tendr\u00e1n su fiesta aniversario. En <a title=\"C\u00e1ceres en wikipedia\" href=\"https:\/\/es.wikipedia.org\/wiki\/C%C3%A1ceres\" target=\"_blank\" rel=\"external nofollow\">C\u00e1ceres<\/a>, con hora de comienzo a las 19:30 en el &#8220;Lava Car&#8221; del Pol\u00edgono de la Mejostilla.<\/p>\n<p>Pero que mejor cartel que sus propias palabras, tienen creado un <a title=\"Evento de la fiesta aniversario Abutre's MC en Extremadura\" href=\"https:\/\/www.facebook.com\/events\/888691511163904\/\" target=\"_blank\" rel=\"external nofollow\">evento en facebook<\/a> para la ocasi\u00f3n y \u00e9sto es lo que puedes encontrar:<\/p>\n<p><em>&#8220;Nuestro I Aniversario, no ser\u00e1 una fiesta m\u00e1s, un a\u00f1o de rutas, de amigos, de honor, lealtad, respeto y solidaridad&#8230;., esperamos estar con nuestros amig@s para pasar un magnifico rato, oliendo a gasolina, con buena musica en directo y pinchada, cerveza y solidaridad. y por supuesto motos con ganas de volar&#8221;<\/em><\/p>\n<p>Si acudes a pasar un rato ser\u00e1s bien recibido y si decides quedarte a cenar ponte en contacto primeramente con ellos, tienes el evento en facebook p\u00fablico, por all\u00ed te indicar\u00e1n si hay plazas disponibles.<\/p>\n<p>Saludos y r\u00e1fagas.<\/p>\n<!-- AddThis Advanced Settings generic via filter on the_content --><!-- AddThis Share Buttons generic via filter on the_content -->","protected":false},"excerpt":{"rendered":"<p>Despu\u00e9s de un fin de semana cargado de eventos moteros en Extremadura, nada menos que cuatro eventos y todos ellos en la provincia de Badajoz, adem\u00e1s de tiempo revuelto, pues la lluvia fue fiel compa\u00f1era de viaje de pr\u00e1cticamente todos los moteros que nos aventuramos a dar una vuelta. Llega un fin de semana de [&hellip;]<!-- AddThis Advanced Settings generic via filter on get_the_excerpt --><!-- AddThis Share Buttons generic via filter on get_the_excerpt --><\/p>\n","protected":false},"author":49,"featured_media":0,"comment_status":"open","ping_status":"closed","sticky":false,"template":"","format":"standard","meta":[],"categories":[13],"tags":[35,36,38,611,622],"_links":{"self":[{"href":"https:\/\/blogs.hoy.es\/moterosdehoy\/wp-json\/wp\/v2\/posts\/1604"}],"collection":[{"href":"https:\/\/blogs.hoy.es\/moterosdehoy\/wp-json\/wp\/v2\/posts"}],"about":[{"href":"https:\/\/blogs.hoy.es\/moterosdehoy\/wp-json\/wp\/v2\/types\/post"}],"author":[{"embeddable":true,"href":"https:\/\/blogs.hoy.es\/moterosdehoy\/wp-json\/wp\/v2\/users\/49"}],"replies":[{"embeddable":true,"href":"https:\/\/blogs.hoy.es\/moterosdehoy\/wp-json\/wp\/v2\/comments?post=1604"}],"version-history":[{"count":0,"href":"https:\/\/blogs.hoy.es\/moterosdehoy\/wp-json\/wp\/v2\/posts\/1604\/revisions"}],"wp:attachment":[{"href":"https:\/\/blogs.hoy.es\/moterosdehoy\/wp-json\/wp\/v2\/media?parent=1604"}],"wp:term":[{"taxonomy":"category","embeddable":true,"href":"https:\/\/blogs.hoy.es\/moterosdehoy\/wp-json\/wp\/v2\/categories?post=1604"},{"taxonomy":"post_tag","embeddable":true,"href":"https:\/\/blogs.hoy.es\/moterosdehoy\/wp-json\/wp\/v2\/tags?post=1604"}],"curies":[{"name":"wp","href":"https:\/\/api.w.org\/{rel}","templated":true}]}}