{"id":1608,"date":"2015-06-18T22:12:20","date_gmt":"2015-06-18T22:12:20","guid":{"rendered":"http:\/\/blogs.hoy.es\/moterosdehoy\/?p=1608"},"modified":"2015-06-18T22:12:20","modified_gmt":"2015-06-18T22:12:20","slug":"miles-de-harleys-pasaran-por-extremadura","status":"publish","type":"post","link":"https:\/\/blogs.hoy.es\/moterosdehoy\/2015\/06\/18\/miles-de-harleys-pasaran-por-extremadura\/","title":{"rendered":"Miles de Harleys pasar\u00e1n por Extremadura"},"content":{"rendered":"<p>Estamos en las puertas de la <strong>XXIV edici\u00f3n del European <a title=\"Harley Owners Group Spain\" href=\"http:\/\/www.harley-davidson.com\/content\/h-d\/es_ES\/home\/owners\/hog.html\" target=\"_blank\" rel=\"external nofollow\">Harley Owners Group<\/a><\/strong> (<a title=\"Harley Owners Group\" href=\"http:\/\/www.harley-davidson.com\/content\/h-d\/en_US\/home\/owners\/hog.html\" target=\"_blank\" rel=\"external nofollow\">H.O.G.<\/a>) Rally. Ni m\u00e1s ni menos que la congregaci\u00f3n europea de propietarios de motos Harley-Davidson.<\/p>\n<p><a href=\"\/moterosdehoy\/wp-content\/uploads\/sites\/45\/2015\/06\/puerto-sherry-logo.jpg\"><img loading=\"lazy\" class=\"alignleft size-full wp-image-1609\" title=\"puerto-sherry-logo\" src=\"\/moterosdehoy\/wp-content\/uploads\/sites\/45\/2015\/06\/puerto-sherry-logo.jpg\" alt=\"\" width=\"283\" height=\"246\" \/><\/a>\u00c9sta vig\u00e9sima cuarta edici\u00f3n tendr\u00e1 lugar en Espa\u00f1a, concretamente en <a title=\"C\u00f3mo llegar a Puerto Sherry\" href=\"https:\/\/www.google.co.uk\/maps\/place\/Puerto+Sherry\/@36.581754,-6.256241,11z\/data=!4m2!3m1!1s0xd0dd036596e1ffd:0x693f6b2095cebea2\" target=\"_blank\" rel=\"external nofollow\">Puerto Sherry<\/a> (Puerto de Santa Mar\u00eda), en la provincia de <a title=\"C\u00e1diz en wikipedia\" href=\"https:\/\/es.wikipedia.org\/wiki\/C%C3%A1diz\" target=\"_blank\" rel=\"external nofollow\">C\u00e1diz<\/a> y ser\u00e1 <strong>del 18 al 21 de junio 2015<\/strong>.<\/p>\n<p>En la edici\u00f3n del a\u00f1o pasado que tuvo lugar en Croacia se reunieron en torno a 20.000 Harleys, cantidad que como m\u00ednimo se espera igualar, motivo por el cual pasar\u00e1n por nuestra comunidad miles de Harleys, dado que <a title=\"Extremadura en wikipedia\" href=\"https:\/\/es.wikipedia.org\/wiki\/Extremadura\" target=\"_blank\" rel=\"external nofollow\">Extremadura<\/a> puede ser el punto de acceso para entrar en Andaluc\u00eda, pues tenemos la <a title=\"Ruta V\u00eda de la Plata\" href=\"http:\/\/www.rutadelaplata.com\/es\" target=\"_blank\" rel=\"external nofollow\">V\u00eda de la Plata<\/a>, que de seguro ser\u00e1 la ruta elegida de muchos de ellos.<\/p>\n<p>Durante los cuatro d\u00edas tendr\u00e1n una programaci\u00f3n muy animada con rutas por el Mediterraneo, pruebas de nuevos modelos de la marca, simulador de conducci\u00f3n Jumpstart, el Custom Bike Show y por supuesto el espectacular desfile de banderas.<\/p>\n<p>Pero adem\u00e1s de todo ello y para m\u00e1s expectaci\u00f3n motera, coincidir\u00e1 del 19 al 21 de junio con la <a title=\"World GP Bikes Legends\" href=\"http:\/\/www.worldgpbikelegends.com\/es\" target=\"_blank\" rel=\"external nofollow\">World GP Bike Legends<\/a> de motos cl\u00e1sicas en el circuito de Jerez.<a href=\"\/moterosdehoy\/wp-content\/uploads\/sites\/45\/2015\/06\/motos-harley-andalucia.jpg\"><img loading=\"lazy\" class=\"alignright size-medium wp-image-1610\" title=\"motos-harley-andalucia--644x362\" src=\"\/moterosdehoy\/wp-content\/uploads\/sites\/45\/2015\/06\/motos-harley-andalucia.jpg\" alt=\"\" width=\"300\" height=\"168\" \/><\/a><\/p>\n<p>Si tienes una Harley o simplemente te gusta admirarlas no te pierdas \u00e9sta gran oportunidad, y en caso de que tu agenda no te lo permita o quieras m\u00e1s, del 3 al 5 de julio tienes el <a title=\"Harley Days 2015\" href=\"http:\/\/barcelonaharleydays.com\/es\/barcelona-harley-days\/\" target=\"_blank\" rel=\"external nofollow\">Harley Days 2015 en Barcelona<\/a>.<\/p>\n<p>Saludos y r\u00e1fagas.<\/p>\n<!-- AddThis Advanced Settings generic via filter on the_content --><!-- AddThis Share Buttons generic via filter on the_content -->","protected":false},"excerpt":{"rendered":"<p>Estamos en las puertas de la XXIV edici\u00f3n del European Harley Owners Group (H.O.G.) Rally. Ni m\u00e1s ni menos que la congregaci\u00f3n europea de propietarios de motos Harley-Davidson. \u00c9sta vig\u00e9sima cuarta edici\u00f3n tendr\u00e1 lugar en Espa\u00f1a, concretamente en Puerto Sherry (Puerto de Santa Mar\u00eda), en la provincia de C\u00e1diz y ser\u00e1 del 18 al 21 [&hellip;]<!-- AddThis Advanced Settings generic via filter on get_the_excerpt --><!-- AddThis Share Buttons generic via filter on get_the_excerpt --><\/p>\n","protected":false},"author":49,"featured_media":1609,"comment_status":"open","ping_status":"closed","sticky":false,"template":"","format":"standard","meta":[],"categories":[13],"tags":[458,460,611,622,808],"_links":{"self":[{"href":"https:\/\/blogs.hoy.es\/moterosdehoy\/wp-json\/wp\/v2\/posts\/1608"}],"collection":[{"href":"https:\/\/blogs.hoy.es\/moterosdehoy\/wp-json\/wp\/v2\/posts"}],"about":[{"href":"https:\/\/blogs.hoy.es\/moterosdehoy\/wp-json\/wp\/v2\/types\/post"}],"author":[{"embeddable":true,"href":"https:\/\/blogs.hoy.es\/moterosdehoy\/wp-json\/wp\/v2\/users\/49"}],"replies":[{"embeddable":true,"href":"https:\/\/blogs.hoy.es\/moterosdehoy\/wp-json\/wp\/v2\/comments?post=1608"}],"version-history":[{"count":0,"href":"https:\/\/blogs.hoy.es\/moterosdehoy\/wp-json\/wp\/v2\/posts\/1608\/revisions"}],"wp:featuredmedia":[{"embeddable":true,"href":"https:\/\/blogs.hoy.es\/moterosdehoy\/wp-json\/wp\/v2\/media\/1609"}],"wp:attachment":[{"href":"https:\/\/blogs.hoy.es\/moterosdehoy\/wp-json\/wp\/v2\/media?parent=1608"}],"wp:term":[{"taxonomy":"category","embeddable":true,"href":"https:\/\/blogs.hoy.es\/moterosdehoy\/wp-json\/wp\/v2\/categories?post=1608"},{"taxonomy":"post_tag","embeddable":true,"href":"https:\/\/blogs.hoy.es\/moterosdehoy\/wp-json\/wp\/v2\/tags?post=1608"}],"curies":[{"name":"wp","href":"https:\/\/api.w.org\/{rel}","templated":true}]}}