{"id":161,"date":"2012-07-04T11:05:24","date_gmt":"2012-07-04T11:05:24","guid":{"rendered":"http:\/\/blogs.hoy.es\/moterosdehoy\/?p=161"},"modified":"2012-07-04T11:05:24","modified_gmt":"2012-07-04T11:05:24","slug":"xi-concentracion-de-motos-comarca-vegas-bajas-del-guadiana","status":"publish","type":"post","link":"https:\/\/blogs.hoy.es\/moterosdehoy\/2012\/07\/04\/xi-concentracion-de-motos-comarca-vegas-bajas-del-guadiana\/","title":{"rendered":"XI Concentraci\u00f3n de motos Vegas Bajas del Guadiana (del 6 al 8 de julio 2012)"},"content":{"rendered":"<p style=\"text-align: justify;\">Los d\u00edas <strong>6, 7 y 8 de julio 2012<\/strong>, tendr\u00e1 lugar <strong>en<\/strong> la localidad de<strong> <a href=\"http:\/\/www.puebladelacalzada.es\/\" target=\"_blank\" rel=\"external nofollow\">Puebla de la Calzada<\/a> (Badajoz) <\/strong>de la mano de la pe\u00f1a motera \u00a0&#8220;<a href=\"http:\/\/www.piesucios.es\/\" target=\"_blank\" rel=\"external nofollow\">Tribu los pies sucios<\/a>&#8220;,\u00a0la und\u00e9cima concentraci\u00f3n motera comarca Vegas Bajas del Guadiana.<\/p>\n<p style=\"text-align: justify;\">Para todos los que asistiremos nos tienen preparado lo siguiente:\u00a0<a href=\"\/moterosdehoy\/wp-content\/uploads\/sites\/45\/2012\/07\/2012-07-06-Guadiana_.jpg\"><img loading=\"lazy\" class=\"alignright size-medium wp-image-162\" title=\"2012-07-06 Guadiana\" src=\"\/moterosdehoy\/wp-content\/uploads\/sites\/45\/2012\/07\/2012-07-06-Guadiana_.jpg\" alt=\"\" width=\"212\" height=\"300\" srcset=\"https:\/\/static-blogs.hoy.es\/wp-content\/uploads\/sites\/45\/2012\/07\/2012-07-06-Guadiana_.jpg 1299w, https:\/\/static-blogs.hoy.es\/wp-content\/uploads\/sites\/45\/2012\/07\/2012-07-06-Guadiana_-212x300.jpg 212w, https:\/\/static-blogs.hoy.es\/wp-content\/uploads\/sites\/45\/2012\/07\/2012-07-06-Guadiana_-768x1087.jpg 768w, https:\/\/static-blogs.hoy.es\/wp-content\/uploads\/sites\/45\/2012\/07\/2012-07-06-Guadiana_-724x1024.jpg 724w\" sizes=\"(max-width: 212px) 100vw, 212px\" \/><\/a><\/p>\n<p style=\"text-align: justify;\"><strong>DIA 6 (noche)<\/strong><\/p>\n<p style=\"text-align: justify;\">21:00 h Apertura de inscripciones con obsequio de copa debienvenida, y habr\u00e1 panceta para todo los inscritos.<\/p>\n<p style=\"text-align: justify;\">21:00 h M\u00fasica en directo, acampada vigilada en c\u00e9sped junto a tu moto.<\/p>\n<p style=\"text-align: justify;\"><strong>DIA 7<\/strong><\/p>\n<p style=\"text-align: justify;\">10:00 h Apertura de inscripciones con obsequio de copa de bienvenida y bolsa de regalo.<\/p>\n<p style=\"text-align: justify;\">12:00 h M\u00fasica en directo a cargo de DJ PORRO. Castillo hinchables para los ni\u00f1os.<\/p>\n<p style=\"text-align: justify;\">14:30 h Exhibici\u00f3n acrob\u00e1tica de NARCIS ROCA.<\/p>\n<p style=\"text-align: justify;\">15:00 h <strong>Caldereta Extreme\u00f1a<\/strong> y postre para todos los inscritos.<\/p>\n<p style=\"text-align: justify;\">16:00 h Entrada en la Piscina Municipal (junto al recinto de la Concentraci\u00f3n)<\/p>\n<p style=\"text-align: justify;\">19:00 h <strong>Ruta Baritima con dos paradas programadas<\/strong> (bebidas y aperitivos) Incluye Ambulancia CRUZ ROJA<\/p>\n<p style=\"text-align: justify;\">21:30 h Cena Campestre (Serranito y postre).<\/p>\n<p style=\"text-align: justify;\">23:00 h Exhibici\u00f3n acrob\u00e1tica de NARCIS ROCA.<\/p>\n<p style=\"text-align: justify;\">24:00 h DJ PORRO para amenizar la tarde noche.<\/p>\n<p style=\"text-align: justify;\">01:30 h <strong>Espect\u00e1culo Er\u00f3tico<\/strong>, con muchos regalos para los asistentes.<!--more--><\/p>\n<p style=\"text-align: justify;\">Durante todo el d\u00eda habr\u00e1 una barra donde se podr\u00e1 disfrutar de bebidas a precios muy econ\u00f3micos.<\/p>\n<p style=\"text-align: justify;\"><strong>DIA 8<\/strong><\/p>\n<p style=\"text-align: justify;\">09:00 h Desayuno en el Recinto<\/p>\n<p style=\"text-align: justify;\">10:00 h Apertura de inscripciones hasta hora de salida 11:30h<\/p>\n<p style=\"text-align: justify;\">11:30 h Salida de Ruta bar\u00edtima donde pasaremos por <a href=\"http:\/\/www.lobon.es\/\" target=\"_blank\" rel=\"external nofollow\">Lob\u00f3n<\/a> y <a href=\"http:\/\/www.lanavadesantiago.es\/\" target=\"_blank\" rel=\"external nofollow\">La Nava de Santiago<\/a>, donde nos tendr\u00e1n preparado un refresco y su correspondiente aperitivo. Incluido como en el d\u00eda anterior acompa\u00f1amiento de una ambulancia de Cruz Roja.<\/p>\n<p style=\"text-align: justify;\">15:00 h <strong>Comida en Restaurante Climatizado<\/strong> 1\u00ba plato 2\u00ba plato y postre\u00a0<a href=\"\/moterosdehoy\/wp-content\/uploads\/sites\/45\/2012\/07\/Logo-Pies-Sucios.jpg\"><img loading=\"lazy\" class=\"alignright size-medium wp-image-163\" title=\"Logo Pies Sucios\" src=\"\/moterosdehoy\/wp-content\/uploads\/sites\/45\/2012\/07\/Logo-Pies-Sucios.jpg\" alt=\"\" width=\"300\" height=\"232\" srcset=\"https:\/\/static-blogs.hoy.es\/wp-content\/uploads\/sites\/45\/2012\/07\/Logo-Pies-Sucios.jpg 555w, https:\/\/static-blogs.hoy.es\/wp-content\/uploads\/sites\/45\/2012\/07\/Logo-Pies-Sucios-300x232.jpg 300w\" sizes=\"(max-width: 300px) 100vw, 300px\" \/><\/a><\/p>\n<p style=\"text-align: justify;\">15:30 h Entrega de TROFEOS y posterior cierre de Evento<\/p>\n<p style=\"text-align: justify;\">Tener en cuenta que s\u00f3lo habr\u00e1 bolsa de regalo (camiseta, pins, gorra) para los primeros 300 inscritos y que habr\u00e1 un\u00a0<strong>Sorteo de una semana de vacaciones valorada en 800,00\u20ac<\/strong>, donde en\u00a0cada inscripci\u00f3n lleva una papeleta de regalo y all\u00ed se podr\u00e1n comprar m\u00e1s. Seg\u00fan Jos\u00e9 Luis presidente de la pe\u00f1a motera organizadora, para que no haya problemas o suspicacias \u00e9ste sorteo ir\u00e1 <strong>aparejado a las tres \u00faltimas cifras del <a href=\"http:\/\/www.once.es\/new\" target=\"_blank\" rel=\"external nofollow\">cup\u00f3n de la ONCE<\/a><\/strong> del domingo d\u00eda 8.<\/p>\n<p style=\"text-align: justify;\">PRECIO PARA TODA LA JORNADA\u2026\u2026\u2026.. <strong>25,00\u20ac<\/strong><\/p>\n<p style=\"text-align: justify;\">PRECIO PARA EL DOMINGO\u2026\u2026\u2026\u2026.\u2026\u2026\u2026.<strong>15,00\u20ac<\/strong><\/p>\n<p style=\"text-align: justify;\"><strong>\u00a0 \u00a0Saludos y r\u00e1fagas.<\/strong><\/p>\n<!-- AddThis Advanced Settings generic via filter on the_content --><!-- AddThis Share Buttons generic via filter on the_content -->","protected":false},"excerpt":{"rendered":"<p>Los d\u00edas 6, 7 y 8 de julio 2012, tendr\u00e1 lugar en la localidad de Puebla de la Calzada (Badajoz) de la mano de la pe\u00f1a motera \u00a0&#8220;Tribu los pies sucios&#8220;,\u00a0la und\u00e9cima concentraci\u00f3n motera comarca Vegas Bajas del Guadiana. Para todos los que asistiremos nos tienen preparado lo siguiente:\u00a0 DIA 6 (noche) 21:00 h Apertura [&hellip;]<!-- AddThis Advanced Settings generic via filter on get_the_excerpt --><!-- AddThis Share Buttons generic via filter on get_the_excerpt --><\/p>\n","protected":false},"author":49,"featured_media":0,"comment_status":"open","ping_status":"closed","sticky":false,"template":"","format":"standard","meta":[],"categories":[13],"tags":[43,219,239,317,342,572,622,639,732,734,746,953],"_links":{"self":[{"href":"https:\/\/blogs.hoy.es\/moterosdehoy\/wp-json\/wp\/v2\/posts\/161"}],"collection":[{"href":"https:\/\/blogs.hoy.es\/moterosdehoy\/wp-json\/wp\/v2\/posts"}],"about":[{"href":"https:\/\/blogs.hoy.es\/moterosdehoy\/wp-json\/wp\/v2\/types\/post"}],"author":[{"embeddable":true,"href":"https:\/\/blogs.hoy.es\/moterosdehoy\/wp-json\/wp\/v2\/users\/49"}],"replies":[{"embeddable":true,"href":"https:\/\/blogs.hoy.es\/moterosdehoy\/wp-json\/wp\/v2\/comments?post=161"}],"version-history":[{"count":0,"href":"https:\/\/blogs.hoy.es\/moterosdehoy\/wp-json\/wp\/v2\/posts\/161\/revisions"}],"wp:attachment":[{"href":"https:\/\/blogs.hoy.es\/moterosdehoy\/wp-json\/wp\/v2\/media?parent=161"}],"wp:term":[{"taxonomy":"category","embeddable":true,"href":"https:\/\/blogs.hoy.es\/moterosdehoy\/wp-json\/wp\/v2\/categories?post=161"},{"taxonomy":"post_tag","embeddable":true,"href":"https:\/\/blogs.hoy.es\/moterosdehoy\/wp-json\/wp\/v2\/tags?post=161"}],"curies":[{"name":"wp","href":"https:\/\/api.w.org\/{rel}","templated":true}]}}