{"id":1612,"date":"2015-06-24T19:33:37","date_gmt":"2015-06-24T19:33:37","guid":{"rendered":"http:\/\/blogs.hoy.es\/moterosdehoy\/?p=1612"},"modified":"2015-06-24T19:33:37","modified_gmt":"2015-06-24T19:33:37","slug":"fin-de-semana-del-26-al-28-de-junio","status":"publish","type":"post","link":"https:\/\/blogs.hoy.es\/moterosdehoy\/2015\/06\/24\/fin-de-semana-del-26-al-28-de-junio\/","title":{"rendered":"Fin de semana del 26 al 28 de junio"},"content":{"rendered":"<p>Nos encontramos en plenas ferias de San Juan en Badajoz y puede que sea el motivo por el que no hay concentraciones moteras en la provincia, pero no as\u00ed en C\u00e1ceres, d\u00f3nde nos encontramos con nada menos que cuatro eventos.<\/p>\n<h2><span style=\"text-decoration: underline;\">XII Campa\u00f1a Motera de Donaci\u00f3n.<\/span><\/h2>\n<p><a href=\"\/moterosdehoy\/wp-content\/uploads\/sites\/45\/2015\/06\/2015-26-junio-C\u00e1ceres1.jpg\"><img loading=\"lazy\" class=\"alignright size-medium wp-image-1621\" title=\"2015 26 junio C\u00e1ceres\" src=\"\/moterosdehoy\/wp-content\/uploads\/sites\/45\/2015\/06\/2015-26-junio-C\u00e1ceres1.jpg\" alt=\"\" width=\"239\" height=\"300\" srcset=\"https:\/\/static-blogs.hoy.es\/wp-content\/uploads\/sites\/45\/2015\/06\/2015-26-junio-C\u00e1ceres1.jpg 599w, https:\/\/static-blogs.hoy.es\/wp-content\/uploads\/sites\/45\/2015\/06\/2015-26-junio-C\u00e1ceres1-240x300.jpg 240w\" sizes=\"(max-width: 239px) 100vw, 239px\" \/><\/a>El viernes d\u00eda 26 de junio tenemos en C\u00e1ceres la XII Campa\u00f1a Nacional Motera de Donaci\u00f3n, nos lo tiene organizado el motoclub \u201c<a title=\"Web de los Buitres Leonaos\" href=\"http:\/\/buitresleonaos.com\/\" rel=\"external nofollow\">Buitres Leonaos<\/a>\u201d de\u00a0<strong>C\u00e1ceres<\/strong>.<\/p>\n<p>El punto de encuentro ser\u00e1 en el\u00a0<strong>Hospital Virgen del Camino de 18 a 22 horas<\/strong>.<\/p>\n<p>La idea de la convocatoria es clara,\u00a0<strong>donar no duele, lo que duele es perder una vida por no DONAR<\/strong>.<\/p>\n<p>Saca tu car\u00e1cter solidario y p\u00e1sate por all\u00ed. Despu\u00e9s podr\u00e1s pasar por el Nido de los Buitres y recuperar fuerzas.<\/p>\n<h2><span style=\"text-decoration: underline;\">II Ruta motera Curvas del Tajo.<\/span><\/h2>\n<p><a href=\"\/moterosdehoy\/wp-content\/uploads\/sites\/45\/2015\/06\/2015-junio-Curvas-del-Tajo.jpg\"><img loading=\"lazy\" class=\"alignleft size-medium wp-image-1614\" title=\"2015 junio Curvas del Tajo\" src=\"\/moterosdehoy\/wp-content\/uploads\/sites\/45\/2015\/06\/2015-junio-Curvas-del-Tajo.jpg\" alt=\"\" width=\"213\" height=\"300\" srcset=\"https:\/\/static-blogs.hoy.es\/wp-content\/uploads\/sites\/45\/2015\/06\/2015-junio-Curvas-del-Tajo.jpg 513w, https:\/\/static-blogs.hoy.es\/wp-content\/uploads\/sites\/45\/2015\/06\/2015-junio-Curvas-del-Tajo-214x300.jpg 214w\" sizes=\"(max-width: 213px) 100vw, 213px\" \/><\/a>El s\u00e1bado 27 de junio, tendr\u00e1 lugar en el Casar de C\u00e1ceres la segunda ruta motera Curvas del Tajo.<\/p>\n<p>Comenzar\u00e1 a las 10:00h, con la apertura de inscripciones en el Pol\u00edgono La Ca\u00f1ada del Casar de C\u00e1ceres. Para a continuaci\u00f3n salir de ruta hacia Ca\u00f1averal. Sobre las 13 horas habr\u00e1 un picoteo con bebida en Ca\u00f1averal y sobre las 14h subida al Artillo, para realizar fotograf\u00edas y tomar alg\u00fan refresco.<\/p>\n<p>De regreso sobre las 15h al Casar de C\u00e1ceres, estar\u00e1 esperando una paella gigante, pero la tarde no acabar\u00e1 ah\u00ed, sobre las 20h habr\u00e1n actividades y concursos, para terminar con una ruta por la localidad sobre las 21h.<\/p>\n<h2><span style=\"text-decoration: underline;\">Kedada Motera en Ba\u00f1os de Montemayor.<\/span><\/h2>\n<p><a href=\"\/moterosdehoy\/wp-content\/uploads\/sites\/45\/2015\/06\/2015-junio-Ba\u00f1os-de-Montemayor.jpg\"><img loading=\"lazy\" class=\"alignright size-medium wp-image-1615\" title=\"2015 junio Ba\u00f1os de Montemayor\" src=\"\/moterosdehoy\/wp-content\/uploads\/sites\/45\/2015\/06\/2015-junio-Ba\u00f1os-de-Montemayor.jpg\" alt=\"\" width=\"212\" height=\"300\" srcset=\"https:\/\/static-blogs.hoy.es\/wp-content\/uploads\/sites\/45\/2015\/06\/2015-junio-Ba\u00f1os-de-Montemayor.jpg 511w, https:\/\/static-blogs.hoy.es\/wp-content\/uploads\/sites\/45\/2015\/06\/2015-junio-Ba\u00f1os-de-Montemayor-213x300.jpg 213w\" sizes=\"(max-width: 212px) 100vw, 212px\" \/><\/a>El MotoClub &#8220;Los Termarios del Ambroz&#8221; nos tiene preparada una kedada motera en su localidad para el s\u00e1bado 27 de junio.<\/p>\n<p>Dar\u00e1 comienzo a las 09 horas, con desayuno con porras en el &#8220;Bar Carlos&#8221;, dicho desayuno va incluido dentro de una inscripci\u00f3n de 15 euros.<\/p>\n<p>Sobre las 10h iniciar\u00e1 la ruta, para regresar sobre las 13h a Ba\u00f1os de Montemayor, para tener ruta bar\u00edtima y comida sobre las 15h, para continuar sobre las 20h con ruta por los Pub de la localidad.<\/p>\n<h2><span style=\"text-decoration: underline;\">II Extremadura Challenge 2T Moto.<\/span><\/h2>\n<p><a href=\"\/moterosdehoy\/wp-content\/uploads\/sites\/45\/2015\/06\/II-Extremadura-Challenge.jpg\"><img loading=\"lazy\" class=\"alignleft size-medium wp-image-1613\" title=\"II Extremadura Challenge\" src=\"\/moterosdehoy\/wp-content\/uploads\/sites\/45\/2015\/06\/II-Extremadura-Challenge.jpg\" alt=\"\" width=\"300\" height=\"159\" srcset=\"https:\/\/static-blogs.hoy.es\/wp-content\/uploads\/sites\/45\/2015\/06\/II-Extremadura-Challenge.jpg 960w, https:\/\/static-blogs.hoy.es\/wp-content\/uploads\/sites\/45\/2015\/06\/II-Extremadura-Challenge-300x159.jpg 300w, https:\/\/static-blogs.hoy.es\/wp-content\/uploads\/sites\/45\/2015\/06\/II-Extremadura-Challenge-768x407.jpg 768w\" sizes=\"(max-width: 300px) 100vw, 300px\" \/><\/a><\/p>\n<p>El grupo &#8220;I Bike Spain&#8221;, nos trae una de fin de semana motero\u00a0con inicio la tarde del viernes 26 de junio, cuando realizar\u00e1n un briefing en Plasencia, lugar de partida y regreso. Durando el evento todo el s\u00e1bado, con un recorrido de unos 500 kil\u00f3metros, para rodar por muchos rincones del norte de Extremadura. La idea es potenciar el turismo a trav\u00e9s del uso de la motocicleta. De seguro que en ella se podr\u00e1 disfrutar de la vista, con maravillosos paisajes y variados colores, as\u00ed como del olfato, con esos olores que se pueden apreciar intensamente al viajar en moto.<\/p>\n<p>Crearon <a title=\"Enlace a su evento\" href=\"https:\/\/www.facebook.com\/events\/737905779659126\/\" target=\"_blank\" rel=\"external nofollow\">un evento en facebook<\/a> por si quieres saber m\u00e1s sobre \u00e9l, pero tal y como anuncian en <a title=\"I Bike Spain\" href=\"http:\/\/ibikespain.lptravel.es\/ii-challenge-principal.html\" target=\"_blank\" rel=\"external nofollow\">su web<\/a> cerraron las inscripciones el d\u00eda 10 de junio.<\/p>\n<p>Como puedes ver un fin de semana cargado de concentraciones y quedadas, que si tienes ganas de dar una vuelta seguro que alguna de ellas te podr\u00e1 venir bien. Las hay con rutas largas, cortas, y sin ruta. Unas terminan antes y otras se alargan m\u00e1s, vamos para todos los gustos. Pero tener en cuenta para que sean cercanas a la ciudad de C\u00e1ceres que habr\u00e1n muchas carreteras y calles cortadas por una prueba ciclista, por lo que puede que se anulen las rutas o cambien de trayectoria, paciencia.<\/p>\n<p>Saludos y r\u00e1fagas.<\/p>\n<!-- AddThis Advanced Settings generic via filter on the_content --><!-- AddThis Share Buttons generic via filter on the_content -->","protected":false},"excerpt":{"rendered":"<p>Nos encontramos en plenas ferias de San Juan en Badajoz y puede que sea el motivo por el que no hay concentraciones moteras en la provincia, pero no as\u00ed en C\u00e1ceres, d\u00f3nde nos encontramos con nada menos que cuatro eventos. XII Campa\u00f1a Motera de Donaci\u00f3n. El viernes d\u00eda 26 de junio tenemos en C\u00e1ceres la [&hellip;]<!-- AddThis Advanced Settings generic via filter on get_the_excerpt --><!-- AddThis Share Buttons generic via filter on get_the_excerpt --><\/p>\n","protected":false},"author":49,"featured_media":0,"comment_status":"open","ping_status":"closed","sticky":false,"template":"","format":"standard","meta":[],"categories":[13],"tags":[611,622,699],"_links":{"self":[{"href":"https:\/\/blogs.hoy.es\/moterosdehoy\/wp-json\/wp\/v2\/posts\/1612"}],"collection":[{"href":"https:\/\/blogs.hoy.es\/moterosdehoy\/wp-json\/wp\/v2\/posts"}],"about":[{"href":"https:\/\/blogs.hoy.es\/moterosdehoy\/wp-json\/wp\/v2\/types\/post"}],"author":[{"embeddable":true,"href":"https:\/\/blogs.hoy.es\/moterosdehoy\/wp-json\/wp\/v2\/users\/49"}],"replies":[{"embeddable":true,"href":"https:\/\/blogs.hoy.es\/moterosdehoy\/wp-json\/wp\/v2\/comments?post=1612"}],"version-history":[{"count":0,"href":"https:\/\/blogs.hoy.es\/moterosdehoy\/wp-json\/wp\/v2\/posts\/1612\/revisions"}],"wp:attachment":[{"href":"https:\/\/blogs.hoy.es\/moterosdehoy\/wp-json\/wp\/v2\/media?parent=1612"}],"wp:term":[{"taxonomy":"category","embeddable":true,"href":"https:\/\/blogs.hoy.es\/moterosdehoy\/wp-json\/wp\/v2\/categories?post=1612"},{"taxonomy":"post_tag","embeddable":true,"href":"https:\/\/blogs.hoy.es\/moterosdehoy\/wp-json\/wp\/v2\/tags?post=1612"}],"curies":[{"name":"wp","href":"https:\/\/api.w.org\/{rel}","templated":true}]}}