{"id":1619,"date":"2015-06-25T15:07:41","date_gmt":"2015-06-25T15:07:41","guid":{"rendered":"http:\/\/blogs.hoy.es\/moterosdehoy\/?p=1619"},"modified":"2015-06-25T15:07:41","modified_gmt":"2015-06-25T15:07:41","slug":"campana-motera-de-donacion","status":"publish","type":"post","link":"https:\/\/blogs.hoy.es\/moterosdehoy\/2015\/06\/25\/campana-motera-de-donacion\/","title":{"rendered":"Campa\u00f1a motera de donaci\u00f3n"},"content":{"rendered":"<p>Son muchas las actividades solidarias que se realizan a trav\u00e9s del colectivo motero y algunas de ellas en convocatoria nacional, lo cual es complicado porque hay que buscar uni\u00f3n entre Clubs que en muchos casos son dispares.<\/p>\n<p><a href=\"\/moterosdehoy\/wp-content\/uploads\/sites\/45\/2015\/06\/2015-26-junio-C\u00e1ceres.jpg\"><img loading=\"lazy\" class=\"alignleft size-medium wp-image-1620\" title=\"2015 26 junio C\u00e1ceres\" src=\"\/moterosdehoy\/wp-content\/uploads\/sites\/45\/2015\/06\/2015-26-junio-C\u00e1ceres.jpg\" alt=\"\" width=\"239\" height=\"300\" srcset=\"https:\/\/static-blogs.hoy.es\/wp-content\/uploads\/sites\/45\/2015\/06\/2015-26-junio-C\u00e1ceres.jpg 599w, https:\/\/static-blogs.hoy.es\/wp-content\/uploads\/sites\/45\/2015\/06\/2015-26-junio-C\u00e1ceres-240x300.jpg 240w\" sizes=\"(max-width: 239px) 100vw, 239px\" \/><\/a>Para el viernes d\u00eda 26 de junio 2015 tenemos en C\u00e1ceres la XII Campa\u00f1a Nacional Motera de Donaci\u00f3n, nos lo tiene organizado el motoclub &#8220;<a title=\"Web de los Buitres Leonaos\" href=\"http:\/\/buitresleonaos.com\/\" rel=\"external nofollow\">Buitres Leonaos<\/a>&#8221; de C\u00e1ceres.<\/p>\n<p>El punto de encuentro ser\u00e1 en el <strong>Hospital Virgen del Camino de 18 a 22 horas<\/strong>.<\/p>\n<p>La idea de la convocatoria es clara, <strong>donar no duele, lo que duele es perder una vida por no DONAR<\/strong>.<\/p>\n<p>Demuestra tu car\u00e1cter solidario y \u00fanete a la convocatoria, seguro que alguien te lo agradecer\u00e1, recuerda que llega el verano y al haber m\u00e1s desplazamientos se producen m\u00e1s accidentes, circula con precauci\u00f3n.<\/p>\n<p>Saludos y r\u00e1fagas.<\/p>\n<p>&nbsp;<\/p>\n<!-- AddThis Advanced Settings generic via filter on the_content --><!-- AddThis Share Buttons generic via filter on the_content -->","protected":false},"excerpt":{"rendered":"<p>Son muchas las actividades solidarias que se realizan a trav\u00e9s del colectivo motero y algunas de ellas en convocatoria nacional, lo cual es complicado porque hay que buscar uni\u00f3n entre Clubs que en muchos casos son dispares. Para el viernes d\u00eda 26 de junio 2015 tenemos en C\u00e1ceres la XII Campa\u00f1a Nacional Motera de Donaci\u00f3n, [&hellip;]<!-- AddThis Advanced Settings generic via filter on get_the_excerpt --><!-- AddThis Share Buttons generic via filter on get_the_excerpt --><\/p>\n","protected":false},"author":49,"featured_media":0,"comment_status":"open","ping_status":"closed","sticky":false,"template":"","format":"standard","meta":[],"categories":[13],"tags":[120,349,612,622],"_links":{"self":[{"href":"https:\/\/blogs.hoy.es\/moterosdehoy\/wp-json\/wp\/v2\/posts\/1619"}],"collection":[{"href":"https:\/\/blogs.hoy.es\/moterosdehoy\/wp-json\/wp\/v2\/posts"}],"about":[{"href":"https:\/\/blogs.hoy.es\/moterosdehoy\/wp-json\/wp\/v2\/types\/post"}],"author":[{"embeddable":true,"href":"https:\/\/blogs.hoy.es\/moterosdehoy\/wp-json\/wp\/v2\/users\/49"}],"replies":[{"embeddable":true,"href":"https:\/\/blogs.hoy.es\/moterosdehoy\/wp-json\/wp\/v2\/comments?post=1619"}],"version-history":[{"count":0,"href":"https:\/\/blogs.hoy.es\/moterosdehoy\/wp-json\/wp\/v2\/posts\/1619\/revisions"}],"wp:attachment":[{"href":"https:\/\/blogs.hoy.es\/moterosdehoy\/wp-json\/wp\/v2\/media?parent=1619"}],"wp:term":[{"taxonomy":"category","embeddable":true,"href":"https:\/\/blogs.hoy.es\/moterosdehoy\/wp-json\/wp\/v2\/categories?post=1619"},{"taxonomy":"post_tag","embeddable":true,"href":"https:\/\/blogs.hoy.es\/moterosdehoy\/wp-json\/wp\/v2\/tags?post=1619"}],"curies":[{"name":"wp","href":"https:\/\/api.w.org\/{rel}","templated":true}]}}