{"id":1622,"date":"2015-06-28T17:04:18","date_gmt":"2015-06-28T17:04:18","guid":{"rendered":"http:\/\/blogs.hoy.es\/moterosdehoy\/?p=1622"},"modified":"2015-06-28T17:04:18","modified_gmt":"2015-06-28T17:04:18","slug":"transcurso-del-aniversario-de-abutres-mc-extremadura-cc","status":"publish","type":"post","link":"https:\/\/blogs.hoy.es\/moterosdehoy\/2015\/06\/28\/transcurso-del-aniversario-de-abutres-mc-extremadura-cc\/","title":{"rendered":"Transcurso del aniversario de Abutre&#039;s MC Extremadura-CC"},"content":{"rendered":"<p>El s\u00e1bado 20 de junio 2015 ha tenido lugar la <a title=\"Fiesta aniversario anunciada en el blog Moteros de Hoy\" href=\"https:\/\/blogs.hoy.es\/moterosdehoy\/2015\/06\/17\/i-aniversario-del-chappter-abutres-mc-spain-extremadura-cc\/\">I Fiesta Aniversario de Abutre&#8217;s MC Extremadura-CC<\/a>.<\/p>\n<p><a href=\"\/moterosdehoy\/wp-content\/uploads\/sites\/45\/2015\/06\/Abutres-MC-001.jpg\"><img loading=\"lazy\" class=\"alignleft size-medium wp-image-1623\" title=\"Abutres MC 001\" src=\"\/moterosdehoy\/wp-content\/uploads\/sites\/45\/2015\/06\/Abutres-MC-001.jpg\" alt=\"\" width=\"300\" height=\"188\" srcset=\"https:\/\/static-blogs.hoy.es\/wp-content\/uploads\/sites\/45\/2015\/06\/Abutres-MC-001.jpg 960w, https:\/\/static-blogs.hoy.es\/wp-content\/uploads\/sites\/45\/2015\/06\/Abutres-MC-001-300x189.jpg 300w, https:\/\/static-blogs.hoy.es\/wp-content\/uploads\/sites\/45\/2015\/06\/Abutres-MC-001-768x483.jpg 768w\" sizes=\"(max-width: 300px) 100vw, 300px\" \/><\/a>Ya llevan un a\u00f1o constituidos en nuestra tierra y durante el mismo han tenido un cambio. Iniciaron con sede en Plasencia, donde tuvo lugar su fiesta de presentaci\u00f3n, y para \u00e9ste primer aniversario ya los tenemos en C\u00e1ceres, cuya sede se encuentra en el pol\u00edgono de la Mejostilla.<\/p>\n<p><a title=\"P\u00e1gina oficial de Abutre's MC\" href=\"http:\/\/www.abutres.com.br\/\" target=\"_blank\" rel=\"external nofollow\">ABUTRE&#8217;S MC<\/a> fue fundado el 10 de septiembre de 1989 en S\u00e3o Paulo, Brasil, siendo a d\u00eda de hoy uno de los mayores Moto Clubs del mundo, con entorno a 8.500 socios repartidos por muchos paises. Teniendo en su poder una medalla de la Organizaci\u00f3n de Naciones Unidas (ONU), por su labor social. Espa\u00f1a es uno de los pa\u00edses donde se han ubicado y dentro de ella tambi\u00e9n los tenemos en Extremadura.<\/p>\n<p>La fiesta como era de esperar fue todo un \u00e9xito. No fue un macro evento fue una fiesta entre amigos, donde los que quisieran pasar a disfrutar de buena m\u00fasica y tomar algo, ten\u00edan un lugar donde disfrutar de buena compa\u00f1\u00eda, hacer nuevos amigos y ver motos espectaculares. Por la noche para la cena hubo barbacoa, que hay que dar las gracias a los cocineros, pues la carne era buena y adem\u00e1s aunque parezca mentira estaba bien hecha.<\/p>\n<p>Despu\u00e9s de la cena hubo un concierto en directo de blues, actuaron &#8220;<a title=\"Enlace a su facebook\" href=\"https:\/\/www.facebook.com\/guitarnotsoslim?fref=ts\" target=\"_blank\" rel=\"external nofollow\">Guitar Not So Slim<\/a>&#8220;, traducido al espa\u00f1ol &#8220;guitarra no tan delgada&#8221;, son un grupo cacere\u00f1o con muy buenos ritmos, me extra\u00f1\u00e9 mucho de no conocerlos, pero me alegr\u00e9 de estar all\u00ed y disfrutar de su buena m\u00fasica.<\/p>\n<p>Durante el evento vendieron camisetas de Abutre&#8217;s MC, destinando los beneficios a la &#8220;<a title=\"P\u00e1gina oficial de la fundaci\u00f3n\" href=\"http:\/\/www.aladina.org\/?gclid=CIWW5LDhssYCFW2WtAodA1cHuA\" target=\"_blank\" rel=\"external nofollow\">Fundaci\u00f3n Aladina<\/a>&#8221;<\/p>\n<p>En definitiva una fiesta de las que te hacen esperar poder volver en la pr\u00f3xima edici\u00f3n, que espero pasarlo al menos tambi\u00e9n como \u00e9ste a\u00f1o, aunque al irme ojal\u00e1 me arranque la moto, que no se quer\u00eda ir y se qued\u00f3 sin bater\u00eda, menos mal que ten\u00edan pinzas por all\u00ed pues es de inyecci\u00f3n y no quiso arrancar al empuj\u00f3n. Os dejo unas fotos de ABUTRE&#8217;S MC:<\/p>\n\n\t\t<style type=\"text\/css\">\n\t\t\t#gallery-1 {\n\t\t\t\tmargin: auto;\n\t\t\t}\n\t\t\t#gallery-1 .gallery-item {\n\t\t\t\tfloat: left;\n\t\t\t\tmargin-top: 10px;\n\t\t\t\ttext-align: center;\n\t\t\t\twidth: 25%;\n\t\t\t}\n\t\t\t#gallery-1 img {\n\t\t\t\tborder: 2px solid #cfcfcf;\n\t\t\t}\n\t\t\t#gallery-1 .gallery-caption {\n\t\t\t\tmargin-left: 0;\n\t\t\t}\n\t\t\t\/* see gallery_shortcode() in wp-includes\/media.php *\/\n\t\t<\/style>\n\t\t<div id='gallery-1' class='gallery galleryid-1622 gallery-columns-4 gallery-size-thumbnail'><dl class='gallery-item'>\n\t\t\t<dt class='gallery-icon landscape'>\n\t\t\t\t<a href=\"https:\/\/static-blogs.hoy.es\/wp-content\/uploads\/sites\/45\/2015\/06\/Abutres-MC-001.jpg\"><img width=\"150\" height=\"150\" src=\"https:\/\/static-blogs.hoy.es\/wp-content\/uploads\/sites\/45\/2015\/06\/Abutres-MC-001-150x150.jpg\" class=\"attachment-thumbnail size-thumbnail\" alt=\"\" loading=\"lazy\" \/><\/a>\n\t\t\t<\/dt><\/dl><dl class='gallery-item'>\n\t\t\t<dt class='gallery-icon portrait'>\n\t\t\t\t<a href=\"https:\/\/static-blogs.hoy.es\/wp-content\/uploads\/sites\/45\/2015\/06\/Abutres-MC-003.jpg\"><img width=\"150\" height=\"150\" src=\"https:\/\/static-blogs.hoy.es\/wp-content\/uploads\/sites\/45\/2015\/06\/Abutres-MC-003-150x150.jpg\" class=\"attachment-thumbnail size-thumbnail\" alt=\"\" loading=\"lazy\" \/><\/a>\n\t\t\t<\/dt><\/dl><dl class='gallery-item'>\n\t\t\t<dt class='gallery-icon landscape'>\n\t\t\t\t<a href=\"https:\/\/static-blogs.hoy.es\/wp-content\/uploads\/sites\/45\/2015\/06\/Abutres-MC-005.jpg\"><img width=\"150\" height=\"150\" src=\"https:\/\/static-blogs.hoy.es\/wp-content\/uploads\/sites\/45\/2015\/06\/Abutres-MC-005-150x150.jpg\" class=\"attachment-thumbnail size-thumbnail\" alt=\"\" loading=\"lazy\" \/><\/a>\n\t\t\t<\/dt><\/dl><dl class='gallery-item'>\n\t\t\t<dt class='gallery-icon landscape'>\n\t\t\t\t<a href=\"https:\/\/static-blogs.hoy.es\/wp-content\/uploads\/sites\/45\/2015\/06\/Abutres-MC-006.jpg\"><img width=\"150\" height=\"150\" src=\"https:\/\/static-blogs.hoy.es\/wp-content\/uploads\/sites\/45\/2015\/06\/Abutres-MC-006-150x150.jpg\" class=\"attachment-thumbnail size-thumbnail\" alt=\"\" loading=\"lazy\" \/><\/a>\n\t\t\t<\/dt><\/dl><br style=\"clear: both\" \/>\n\t\t<\/div>\n\n<p>Si quieres ver un v\u00eddeo del transcurso aqu\u00ed tienes el enlace:<\/p>\n<h2 style=\"text-align: center;\"><span style=\"color: #ff0000;\"><a href=\"https:\/\/www.youtube.com\/watch?v=B_pQ556IFOU\" rel=\"external nofollow\"><span style=\"color: #ff0000;\">V\u00eddeo de la Fiesta Aniversario Abutre&#8217;s MC Extremadura-CC<\/span><\/a><\/span><\/h2>\n<p>Por cierto, alguna chica que acudi\u00f3 a la fiesta se dej\u00f3 olvidado un guante de verano, para recuperarlo te puedes poner en contacto con ellos por su <a title=\"Enlace al facebook de Abutre's MC Extremadura-CC\" href=\"https:\/\/www.facebook.com\/abutresextremaduracc?fref=ts\" target=\"_blank\" rel=\"external nofollow\">facebook<\/a>.<\/p>\n<p>Saludos y r\u00e1fagas.<\/p>\n<!-- AddThis Advanced Settings generic via filter on the_content --><!-- AddThis Share Buttons generic via filter on the_content -->","protected":false},"excerpt":{"rendered":"<p>El s\u00e1bado 20 de junio 2015 ha tenido lugar la I Fiesta Aniversario de Abutre&#8217;s MC Extremadura-CC. Ya llevan un a\u00f1o constituidos en nuestra tierra y durante el mismo han tenido un cambio. Iniciaron con sede en Plasencia, donde tuvo lugar su fiesta de presentaci\u00f3n, y para \u00e9ste primer aniversario ya los tenemos en C\u00e1ceres, [&hellip;]<!-- AddThis Advanced Settings generic via filter on get_the_excerpt --><!-- AddThis Share Buttons generic via filter on get_the_excerpt --><\/p>\n","protected":false},"author":49,"featured_media":1623,"comment_status":"open","ping_status":"closed","sticky":false,"template":"","format":"standard","meta":[],"categories":[13],"tags":[35,37,449,611,622],"_links":{"self":[{"href":"https:\/\/blogs.hoy.es\/moterosdehoy\/wp-json\/wp\/v2\/posts\/1622"}],"collection":[{"href":"https:\/\/blogs.hoy.es\/moterosdehoy\/wp-json\/wp\/v2\/posts"}],"about":[{"href":"https:\/\/blogs.hoy.es\/moterosdehoy\/wp-json\/wp\/v2\/types\/post"}],"author":[{"embeddable":true,"href":"https:\/\/blogs.hoy.es\/moterosdehoy\/wp-json\/wp\/v2\/users\/49"}],"replies":[{"embeddable":true,"href":"https:\/\/blogs.hoy.es\/moterosdehoy\/wp-json\/wp\/v2\/comments?post=1622"}],"version-history":[{"count":0,"href":"https:\/\/blogs.hoy.es\/moterosdehoy\/wp-json\/wp\/v2\/posts\/1622\/revisions"}],"wp:featuredmedia":[{"embeddable":true,"href":"https:\/\/blogs.hoy.es\/moterosdehoy\/wp-json\/wp\/v2\/media\/1623"}],"wp:attachment":[{"href":"https:\/\/blogs.hoy.es\/moterosdehoy\/wp-json\/wp\/v2\/media?parent=1622"}],"wp:term":[{"taxonomy":"category","embeddable":true,"href":"https:\/\/blogs.hoy.es\/moterosdehoy\/wp-json\/wp\/v2\/categories?post=1622"},{"taxonomy":"post_tag","embeddable":true,"href":"https:\/\/blogs.hoy.es\/moterosdehoy\/wp-json\/wp\/v2\/tags?post=1622"}],"curies":[{"name":"wp","href":"https:\/\/api.w.org\/{rel}","templated":true}]}}