{"id":1629,"date":"2015-07-01T23:34:10","date_gmt":"2015-07-01T23:34:10","guid":{"rendered":"http:\/\/blogs.hoy.es\/moterosdehoy\/?p=1629"},"modified":"2015-07-01T23:34:10","modified_gmt":"2015-07-01T23:34:10","slug":"las-concentras-de-julio-en-extremadura","status":"publish","type":"post","link":"https:\/\/blogs.hoy.es\/moterosdehoy\/2015\/07\/01\/las-concentras-de-julio-en-extremadura\/","title":{"rendered":"Las concentras de julio en Extremadura"},"content":{"rendered":"<p>Lleg\u00f3 julio y con \u00e9l contin\u00faan las concentraciones. En Extremadura tenemos tres concentraciones importantes dos en la provincia de C\u00e1ceres y una en la de Badajoz.<\/p>\n<p><a href=\"\/moterosdehoy\/wp-content\/uploads\/sites\/45\/2015\/07\/2015-julio-Losar-de-la-Vera.jpg\"><img loading=\"lazy\" class=\"alignleft size-medium wp-image-1630\" title=\"2015 julio Losar de la Vera\" src=\"\/moterosdehoy\/wp-content\/uploads\/sites\/45\/2015\/07\/2015-julio-Losar-de-la-Vera.jpg\" alt=\"\" width=\"224\" height=\"300\" srcset=\"https:\/\/static-blogs.hoy.es\/wp-content\/uploads\/sites\/45\/2015\/07\/2015-julio-Losar-de-la-Vera.jpg 717w, https:\/\/static-blogs.hoy.es\/wp-content\/uploads\/sites\/45\/2015\/07\/2015-julio-Losar-de-la-Vera-224x300.jpg 224w\" sizes=\"(max-width: 224px) 100vw, 224px\" \/><\/a>Comenzamos el mes en <a title=\"Losar de la Vera en wikipedia\" href=\"https:\/\/es.wikipedia.org\/wiki\/Losar_de_la_Vera\" target=\"_blank\" rel=\"external nofollow\">Losar de la Vera<\/a> (C\u00e1ceres), con su <strong><a title=\"Enlace a m\u00e1s datos de la concentraci\u00f3n\" href=\"http:\/\/www.tumotoweb.com\/evento\/iv-reunion-de-amigos-pasion-motera-2015\/\" target=\"_blank\" rel=\"external nofollow\">IV Reuni\u00f3n de amigos Pasi\u00f3n Motera<\/a><\/strong>.<\/p>\n<p>tendr\u00e1 lugar en el Camping Complejo Godoy, de Losar de la Vera, carretera EX-203, km 60, y ser\u00e1 entre los d\u00edas <strong>3, 4 y 5 de julio<\/strong>.<\/p>\n<p>Es una concentraci\u00f3n a la que nunca he asistido, pero como ellos dicen, tratar\u00e1n de subir un poco m\u00e1s el list\u00f3n aunque ya est\u00e1 muy alto.<\/p>\n<p>En el propio cartel \u00a0se indican varios n\u00fameros de tel\u00e9fono por si necesitas m\u00e1s datos. Pero parece claro, camping, fiesta, motos, pasi\u00f3n motera&#8230; seguro que se pasar\u00e1 fenomenal. Adem\u00e1s \u00e9ste a\u00f1o la fiesta est\u00e1 garantizada pues el camping realizar\u00e1 la fiesta de inauguraci\u00f3n coincidiendo con esos d\u00edas.<\/p>\n<p><a href=\"\/moterosdehoy\/wp-content\/uploads\/sites\/45\/2015\/07\/2015-julio-Puebla-de-la-Calzada.jpg\"><img loading=\"lazy\" class=\"alignright size-medium wp-image-1631\" title=\"2015 julio Puebla de la Calzada\" src=\"\/moterosdehoy\/wp-content\/uploads\/sites\/45\/2015\/07\/2015-julio-Puebla-de-la-Calzada.jpg\" alt=\"\" width=\"212\" height=\"300\" srcset=\"https:\/\/static-blogs.hoy.es\/wp-content\/uploads\/sites\/45\/2015\/07\/2015-julio-Puebla-de-la-Calzada.jpg 680w, https:\/\/static-blogs.hoy.es\/wp-content\/uploads\/sites\/45\/2015\/07\/2015-julio-Puebla-de-la-Calzada-213x300.jpg 213w\" sizes=\"(max-width: 212px) 100vw, 212px\" \/><\/a>Seguimos con las concentraciones con una muy buena en la provincia de Badajoz, l\u00e1stima que me la perder\u00e9, ya he asistido en muchas ediciones. Se trata de la <strong><a title=\"Enlace a m\u00e1s datos de la concentraci\u00f3n\" href=\"http:\/\/www.tumotoweb.com\/evento\/xiv-concentracion-de-motos-comarca-vegas-bajas-2015\/\" target=\"_blank\" rel=\"external nofollow\">XIV Concentraci\u00f3n de motos Comarca las Vegas Bajas<\/a><\/strong>. Tiene lugar en <a title=\"Puebla de la Calzada en wikipedia\" href=\"https:\/\/es.wikipedia.org\/wiki\/Puebla_de_la_Calzada\" target=\"_blank\" rel=\"external nofollow\">Puebla de la Calzada<\/a> (Badajoz) y la organiza la Pe\u00f1a Motera &#8220;Tribu los Pies Sucios&#8221;.<\/p>\n<p>\u00c9sta concentraci\u00f3n tendr\u00e1 lugar los d\u00edas <strong>10, 11 y 12 de julio<\/strong>. Si es posible no te pierdas aunque sea el domingo, se pone muy bien, de todos modos dispones de acampada en zona de cesped y te permiten poner la moto al lado, para dormir juntitos y adem\u00e1s la zona est\u00e1 vigilada.<\/p>\n<p>En \u00e9sta concentraci\u00f3n hay rutas los tres d\u00edas, el viernes para ir calentando por las calles de la localidad, para el s\u00e1bado entre el programa habr\u00e1 exhibici\u00f3n acrob\u00e1tica a cargo de Luis Nino, y tener en cuenta que los primeros 200 inscritos tendr\u00e1n bolsa de regalo. Si quieres estar entre esos doscientos primeros no dejes de inscribirte como mucho el s\u00e1bado.<\/p>\n<p><a href=\"\/moterosdehoy\/wp-content\/uploads\/sites\/45\/2015\/07\/2015-julio-Jara\u00edz-de-la-Vera.jpg\"><img loading=\"lazy\" class=\"alignleft size-medium wp-image-1632\" title=\"2015 julio Jara\u00edz de la Vera\" src=\"\/moterosdehoy\/wp-content\/uploads\/sites\/45\/2015\/07\/2015-julio-Jara\u00edz-de-la-Vera.jpg\" alt=\"\" width=\"300\" height=\"300\" srcset=\"https:\/\/static-blogs.hoy.es\/wp-content\/uploads\/sites\/45\/2015\/07\/2015-julio-Jara\u00edz-de-la-Vera.jpg 491w, https:\/\/static-blogs.hoy.es\/wp-content\/uploads\/sites\/45\/2015\/07\/2015-julio-Jara\u00edz-de-la-Vera-150x150.jpg 150w, https:\/\/static-blogs.hoy.es\/wp-content\/uploads\/sites\/45\/2015\/07\/2015-julio-Jara\u00edz-de-la-Vera-300x300.jpg 300w\" sizes=\"(max-width: 300px) 100vw, 300px\" \/><\/a>Para cerrar el mes tenemos nada m\u00e1s y nada menos que la mayor concentraci\u00f3n de motos hasta el momento en Extremadura. Llega la<strong> <a title=\"M\u00e1s datos sobre la concentraci\u00f3n\" href=\"http:\/\/www.tumotoweb.com\/evento\/xxvii-concentracion-nacional-motera-comarca-de-la-vera-2015\/\" target=\"_blank\" rel=\"external nofollow\">XXVII Concentraci\u00f3n nacional de motos Comarca de la Vera<\/a><\/strong>, tendr\u00e1 lugar entre los d\u00edas <strong>24, 25 y 26 de julio<\/strong> y como en ediciones anteriores ser\u00e1 en <a title=\"Jara\u00edz de la Vera en wikipedia\" href=\"https:\/\/es.wikipedia.org\/wiki\/Jara%C3%ADz_de_la_Vera\" target=\"_blank\" rel=\"external nofollow\">Jara\u00edz de la Vera<\/a> (C\u00e1ceres)<\/p>\n<p>\u00c9sta concentraci\u00f3n ha sido la de mayor congregaci\u00f3n de motos hasta la fecha, pero hay otras en la regi\u00f3n que van cogiendo muchos seguidores y no est\u00e1n muy lejanas a igualarse. Lo mejor de \u00e9sta concentraci\u00f3n es el entorno, la fiesta nocturna y la ruta del domingo.<\/p>\n<p>El entorno es espectacular, con piscinas naturales, curvas e infinidad de lugares que visitar y perderte haciendo turismo. La fiesta nocturna denota que es una concentraci\u00f3n que lleva casi treinta ediciones, buena m\u00fasica, stripers, barras en la zona de la fiesta&#8230; por poner alguna pega mucha tierra y sales rebozado.<\/p>\n<p>En las \u00faltimas ediciones han cambiado el lugar de acampada y est\u00e1 m\u00e1s lejano a la zona de fiesta, adem\u00e1s tiene sombra, eso fue un logro, aunque no puedo hablar por m\u00ed, pues cuando he ido siempre lo hice de hotel.<\/p>\n<p>Y que decir de la ruta del domingo, carreteras sinuosas, valles interminables con vistas maravillosas&#8230; merece la pena hacerla.<\/p>\n<p>Como veis tres buenas concentraciones durante el mes, intenta pasar al menos por alguna de ellas y seguro que no te arrepentir\u00e1s, si quieres ver m\u00e1s concentraciones del resto del pa\u00eds o incluso fuera <a title=\"Concentraciones moteras del mes de julio 2015\" href=\"http:\/\/www.moterosdehoy.es\/2015\/06\/19\/concentraciones-y-kdds-moteras-julio-2015\/\" target=\"_blank\" rel=\"external nofollow\">click aqu\u00ed<\/a>.<\/p>\n<p>En \u00e9sta ocasi\u00f3n no me ser\u00e1 posible asistir, en unas horas salgo para el <a title=\"Barcelona Harley Days 2015\" href=\"http:\/\/www.moterosdehoy.es\/2015\/06\/29\/barcelona-harley-days-2015-and-heart-driven-bcn\/\" target=\"_blank\" rel=\"external nofollow\">Barcelona Harley Days 2015<\/a>, haciendo escala en Valencia, y a la vuelta de Barcelona me ir\u00e9 a <a title=\"34 Faro Concentraci\u00f3n de Motos\" href=\"https:\/\/blogs.hoy.es\/moterosdehoy\/2015\/06\/10\/faro-2015\/\" target=\"_blank\">la Concentraci\u00f3n de Faro<\/a> (Portugal), aprovecho el mes de vacaciones y le voy a hacer unos cuantos kil\u00f3metros a la moto.<\/p>\n<p>Tener en cuenta que para los meses de agosto y septiembre tenemos dos eventos que merecen anotar en la agenda. En agosto la <a title=\"Enlace al cartel en facebook de Femotex\" href=\"https:\/\/www.facebook.com\/236414703197034\/photos\/a.242068102631694.1073741827.236414703197034\/417353211769848\/?type=1&#038;theater\" target=\"_blank\" rel=\"external nofollow\">!\u00aa Cocentraci\u00f3n motera internacional<\/a>, tendr\u00e1 lugar en M\u00e9rida el 31 de julio, 1 y 2 de agosto. Nos la trae organizada Femotex (federaci\u00f3n de moteros extreme\u00f1os), en breve publicar\u00e9 m\u00e1s sobre ella.<\/p>\n<p>Y en septiembre tendremos una cita en C\u00e1ceres. Los conocidos &#8220;<a title=\"P\u00e1gina oficial de Buitres Leonaos\" href=\"http:\/\/buitresleonaos.com\/\" target=\"_blank\" rel=\"external nofollow\">Buitres Leonaos<\/a>&#8221; nos traen su <a title=\"Enlace al cartel en su facebook\" href=\"https:\/\/www.facebook.com\/BuitresLeonaos\/photos\/a.441953162501201.111458.440961765933674\/1062082647154913\/?type=1&#038;theater\" target=\"_blank\" rel=\"external nofollow\">IX Concentraci\u00f3n Internacional Motera<\/a>, tendr\u00e1 lugar los d\u00edas 18, 19 y 20 de septiembre. No te la puedes perder.<\/p>\n<p>Saludos y r\u00e1fagas.<\/p>\n<!-- AddThis Advanced Settings generic via filter on the_content --><!-- AddThis Share Buttons generic via filter on the_content -->","protected":false},"excerpt":{"rendered":"<p>Lleg\u00f3 julio y con \u00e9l contin\u00faan las concentraciones. En Extremadura tenemos tres concentraciones importantes dos en la provincia de C\u00e1ceres y una en la de Badajoz. Comenzamos el mes en Losar de la Vera (C\u00e1ceres), con su IV Reuni\u00f3n de amigos Pasi\u00f3n Motera. tendr\u00e1 lugar en el Camping Complejo Godoy, de Losar de la Vera, [&hellip;]<!-- AddThis Advanced Settings generic via filter on get_the_excerpt --><!-- AddThis Share Buttons generic via filter on get_the_excerpt --><\/p>\n","protected":false},"author":49,"featured_media":0,"comment_status":"open","ping_status":"closed","sticky":false,"template":"","format":"standard","meta":[],"categories":[13],"tags":[179,611,622],"_links":{"self":[{"href":"https:\/\/blogs.hoy.es\/moterosdehoy\/wp-json\/wp\/v2\/posts\/1629"}],"collection":[{"href":"https:\/\/blogs.hoy.es\/moterosdehoy\/wp-json\/wp\/v2\/posts"}],"about":[{"href":"https:\/\/blogs.hoy.es\/moterosdehoy\/wp-json\/wp\/v2\/types\/post"}],"author":[{"embeddable":true,"href":"https:\/\/blogs.hoy.es\/moterosdehoy\/wp-json\/wp\/v2\/users\/49"}],"replies":[{"embeddable":true,"href":"https:\/\/blogs.hoy.es\/moterosdehoy\/wp-json\/wp\/v2\/comments?post=1629"}],"version-history":[{"count":0,"href":"https:\/\/blogs.hoy.es\/moterosdehoy\/wp-json\/wp\/v2\/posts\/1629\/revisions"}],"wp:attachment":[{"href":"https:\/\/blogs.hoy.es\/moterosdehoy\/wp-json\/wp\/v2\/media?parent=1629"}],"wp:term":[{"taxonomy":"category","embeddable":true,"href":"https:\/\/blogs.hoy.es\/moterosdehoy\/wp-json\/wp\/v2\/categories?post=1629"},{"taxonomy":"post_tag","embeddable":true,"href":"https:\/\/blogs.hoy.es\/moterosdehoy\/wp-json\/wp\/v2\/tags?post=1629"}],"curies":[{"name":"wp","href":"https:\/\/api.w.org\/{rel}","templated":true}]}}