{"id":1635,"date":"2015-07-14T17:49:48","date_gmt":"2015-07-14T17:49:48","guid":{"rendered":"http:\/\/blogs.hoy.es\/moterosdehoy\/?p=1635"},"modified":"2015-07-14T17:49:48","modified_gmt":"2015-07-14T17:49:48","slug":"xxvii-concentracion-nacional-de-motos-comarca-de-la-vera","status":"publish","type":"post","link":"https:\/\/blogs.hoy.es\/moterosdehoy\/2015\/07\/14\/xxvii-concentracion-nacional-de-motos-comarca-de-la-vera\/","title":{"rendered":"XXVII Concentraci\u00f3n Nacional de Motos &#8220;Comarca de la Vera&#8221;"},"content":{"rendered":"<p>El moto-club &#8220;La Vera&#8221; La cabra tira al monte, nos trae un a\u00f1o m\u00e1s una buena concentraci\u00f3n motera. Ya es su edici\u00f3n n\u00famero veintisiete y eso se nota en el evento, han tenido muchos a\u00f1os para lograr mucha experiencia, cosa que agradecemos todos los que tenemos la oportunidad de disfrutar de ella.<!--more--><\/p>\n<div id=\"attachment_1636\" style=\"width: 221px\" class=\"wp-caption alignleft\"><a href=\"\/moterosdehoy\/wp-content\/uploads\/sites\/45\/2015\/07\/2015-Jara\u00edz-de-la-Vera.jpg\"><img aria-describedby=\"caption-attachment-1636\" loading=\"lazy\" class=\"size-medium wp-image-1636\" title=\"2015 Jara\u00edz de la Vera\" src=\"\/moterosdehoy\/wp-content\/uploads\/sites\/45\/2015\/07\/2015-Jara\u00edz-de-la-Vera.jpg\" alt=\"\" width=\"211\" height=\"300\" srcset=\"https:\/\/static-blogs.hoy.es\/wp-content\/uploads\/sites\/45\/2015\/07\/2015-Jara\u00edz-de-la-Vera.jpg 600w, https:\/\/static-blogs.hoy.es\/wp-content\/uploads\/sites\/45\/2015\/07\/2015-Jara\u00edz-de-la-Vera-212x300.jpg 212w\" sizes=\"(max-width: 211px) 100vw, 211px\" \/><\/a><p id=\"caption-attachment-1636\" class=\"wp-caption-text\">Cartel del evento<\/p><\/div>\n<p>En \u00e9sta ocasi\u00f3n ser\u00e1 nuevamente en su localidad, <a title=\"P\u00e1gina oficial del Ayuntamiento de Jara\u00edz\" href=\"http:\/\/www.ayto-jaraiz.com\/\" target=\"_blank\" rel=\"external nofollow\">Jara\u00edz de la Vera<\/a>\u00a0(C\u00e1ceres), durante los <strong>d\u00edas 24, 25 y 26 de julio<\/strong> 2015. El precio no var\u00eda y contin\u00faa en<strong> 35 euros<\/strong>, con los que podr\u00e1s disfrutar del siguiente programa (datos obtenidos de <a title=\"Web del moto-club La Vera\" href=\"http:\/\/www.motoclublavera.es\/\" target=\"_blank\" rel=\"external nofollow\">su p\u00e1gina web<\/a>):<\/p>\n<h2>D\u00eda 24 de Julio<\/h2>\n<p>20:00 Horas,- Apertura de inscripciones en BURGER ACUARIOS (junto al Parque Los Bolos)<br \/>\n22:00 Horas.- Cierre de inscripciones<br \/>\n23:00 Horas.- Fiesta en Polideportivo Municipal<\/p>\n<h2>D\u00eda 25 de Julio<\/h2>\n<p>12:00 Horas.- Apertura de inscripciones en BURGER ACUARIOS (junto al Parque Los Bolos)<br \/>\n19:00 Horas.- Actuaci\u00f3n acrob\u00e1tica<br \/>\n21:00 Horas.- Cierre de inscripciones<br \/>\n21:30 Horas.- Cena en Restaurante Los Rosales de Tejeda de Ti\u00e9tar (Salida desde el Parque Los Bolos)<br \/>\n23:00 Horas.- Pasacalles por la Villa de Jara\u00edz<br \/>\n00:00 Horas.- Fiesta en Polideportivo Municipal a beneficio de CARITAS de Jara\u00edz de la Vera<\/p>\n<h2>D\u00eda 26 de Julio<\/h2>\n<p>09:00 Horas.- Diana<br \/>\n09:30 Horas.- Desayuno (en cafeter\u00edas y bares concertados)<br \/>\n10:30 Horas.- Ruta por la Comarca, con el siguiente recorrido: Jara\u00edz de la Vera, Garganta la Olla (consumici\u00f3n), Monasterio de Yuste, Cuacos de Yuste, Aldeanueva de la Vera (consumici\u00f3n), Jarandilla de la Vera, Losar de la Vera, Valverde de la Vera y Villanueva de la Vera (consumici\u00f3n).<br \/>\n14:30 Horas.- Almuerzo en Restaurante Los Rosales (Tejeda de Ti\u00e9tar). Entrega de trofeos y regalos.<br \/>\n16:30 Horas.- Final de la concentraci\u00f3n.<\/p>\n<p>Si deseas inscribirte puedes realizarlo tanto el viernes, como el s\u00e1bado en &#8220;Burguer Acuarios&#8221;, lo que adem\u00e1s del programa te permitir\u00e1 el acceso a la piscina municipal y a acampada en parque &#8220;Los Bolos&#8221;.<\/p>\n<p>Entre las <strong>actividades<\/strong> que tienen preparadas se encuentran: la cena del s\u00e1bado y la comida del domingo en Restaurante. Fiesta en el Polideportivo Municipal en las noches del viernes y s\u00e1bado. Desayuno del domingo. Ruta tur\u00edstica por la Comarca de la Vera, con tapeo, d\u00f3nde podr\u00e1s disfrutar de unos paisajes impresionantes. Bolsa de bienvenida con camiseta del evento, pin, pegatina, boligrafo, lata de piment\u00f3n de La Vera&#8230; y dem\u00e1s publicidad que se pueda recabar. Sin olvidar la entrega de Trofeos y muchos regalos.<\/p>\n<p>Pero adem\u00e1s si todo eso no te es suficiente, dispones de un entorno cargado de piscinas naturales que no debes dejar de visitar.<\/p>\n<p>Saludos y r\u00e1fagas.<\/p>\n<!-- AddThis Advanced Settings generic via filter on the_content --><!-- AddThis Share Buttons generic via filter on the_content -->","protected":false},"excerpt":{"rendered":"<p>El moto-club &#8220;La Vera&#8221; La cabra tira al monte, nos trae un a\u00f1o m\u00e1s una buena concentraci\u00f3n motera. Ya es su edici\u00f3n n\u00famero veintisiete y eso se nota en el evento, han tenido muchos a\u00f1os para lograr mucha experiencia, cosa que agradecemos todos los que tenemos la oportunidad de disfrutar de ella.<!-- AddThis Advanced Settings generic via filter on get_the_excerpt --><!-- AddThis Share Buttons generic via filter on get_the_excerpt --><\/p>\n","protected":false},"author":49,"featured_media":0,"comment_status":"open","ping_status":"closed","sticky":false,"template":"","format":"standard","meta":[],"categories":[13],"tags":[236,526,611,613,622,624],"_links":{"self":[{"href":"https:\/\/blogs.hoy.es\/moterosdehoy\/wp-json\/wp\/v2\/posts\/1635"}],"collection":[{"href":"https:\/\/blogs.hoy.es\/moterosdehoy\/wp-json\/wp\/v2\/posts"}],"about":[{"href":"https:\/\/blogs.hoy.es\/moterosdehoy\/wp-json\/wp\/v2\/types\/post"}],"author":[{"embeddable":true,"href":"https:\/\/blogs.hoy.es\/moterosdehoy\/wp-json\/wp\/v2\/users\/49"}],"replies":[{"embeddable":true,"href":"https:\/\/blogs.hoy.es\/moterosdehoy\/wp-json\/wp\/v2\/comments?post=1635"}],"version-history":[{"count":0,"href":"https:\/\/blogs.hoy.es\/moterosdehoy\/wp-json\/wp\/v2\/posts\/1635\/revisions"}],"wp:attachment":[{"href":"https:\/\/blogs.hoy.es\/moterosdehoy\/wp-json\/wp\/v2\/media?parent=1635"}],"wp:term":[{"taxonomy":"category","embeddable":true,"href":"https:\/\/blogs.hoy.es\/moterosdehoy\/wp-json\/wp\/v2\/categories?post=1635"},{"taxonomy":"post_tag","embeddable":true,"href":"https:\/\/blogs.hoy.es\/moterosdehoy\/wp-json\/wp\/v2\/tags?post=1635"}],"curies":[{"name":"wp","href":"https:\/\/api.w.org\/{rel}","templated":true}]}}