{"id":1653,"date":"2015-08-19T12:08:50","date_gmt":"2015-08-19T12:08:50","guid":{"rendered":"http:\/\/blogs.hoy.es\/moterosdehoy\/?p=1653"},"modified":"2015-08-19T12:08:50","modified_gmt":"2015-08-19T12:08:50","slug":"concentracion-motera-en-valdivia-badajoz","status":"publish","type":"post","link":"https:\/\/blogs.hoy.es\/moterosdehoy\/2015\/08\/19\/concentracion-motera-en-valdivia-badajoz\/","title":{"rendered":"Concentraci\u00f3n motera en Valdivia (Badajoz)"},"content":{"rendered":"<p>La Pe\u00f1a Motera &#8220;Los Lagartos&#8221; de la localidad de <a title=\"Valdivia en wikipedia\" href=\"https:\/\/es.wikipedia.org\/wiki\/Valdivia_(Badajoz)\" target=\"_blank\" rel=\"external nofollow\">Valdivia<\/a> (Badajoz) nos trae su s\u00e9ptima concentraci\u00f3n motera, con el nombre de &#8220;El Colono&#8221;.<\/p>\n<p><a href=\"\/moterosdehoy\/wp-content\/uploads\/sites\/45\/2015\/08\/2015-agosto-Valdivia.jpg\"><img loading=\"lazy\" class=\"alignleft size-medium wp-image-1654\" title=\"2015 agosto Valdivia\" src=\"\/moterosdehoy\/wp-content\/uploads\/sites\/45\/2015\/08\/2015-agosto-Valdivia.jpg\" alt=\"\" width=\"176\" height=\"300\" srcset=\"https:\/\/static-blogs.hoy.es\/wp-content\/uploads\/sites\/45\/2015\/08\/2015-agosto-Valdivia.jpg 564w, https:\/\/static-blogs.hoy.es\/wp-content\/uploads\/sites\/45\/2015\/08\/2015-agosto-Valdivia-176x300.jpg 176w\" sizes=\"(max-width: 176px) 100vw, 176px\" \/><\/a>Tendr\u00e1 lugar como en ediciones anteriores en su localidad y para \u00e9sta ocasi\u00f3n transcurrir\u00e1 durante el fin de semana del <strong>29 y 30 de agosto<\/strong> 2015.<!--more--><\/p>\n<p>Tal y como se puede ver en el cartel del evento, habr\u00e1 m\u00fasica, actuaciones y todo lo dem\u00e1s necesario para que sea un fin de semana motero, como tiendas de mercader\u00eda motera, barbacoa, zona de acampada, sorteos, regalos&#8230;<\/p>\n<p>Durante el mediod\u00eda del s\u00e1bado d\u00eda 29, habr\u00e1 tapeo gratis, y durante la noche procesi\u00f3n motera con antorchas por la localidad.<\/p>\n<p>El domingo desayuno, comida y sorteos.<\/p>\n<p>Para los que sol\u00e9is seguir mis publicaciones, sab\u00e9is que no me limito a redactar lo que pone el cartel del evento, pero siento decir que no he conseguido contactar con los organizadores, para poder facilitaros m\u00e1s informaci\u00f3n. Desconozco si hay alg\u00fan tipo de inscripci\u00f3n. Si consigo algo m\u00e1s actualizar\u00e9 el post.<\/p>\n<p>Saludos y r\u00e1fagas.<\/p>\n<!-- AddThis Advanced Settings generic via filter on the_content --><!-- AddThis Share Buttons generic via filter on the_content -->","protected":false},"excerpt":{"rendered":"<p>La Pe\u00f1a Motera &#8220;Los Lagartos&#8221; de la localidad de Valdivia (Badajoz) nos trae su s\u00e9ptima concentraci\u00f3n motera, con el nombre de &#8220;El Colono&#8221;. Tendr\u00e1 lugar como en ediciones anteriores en su localidad y para \u00e9sta ocasi\u00f3n transcurrir\u00e1 durante el fin de semana del 29 y 30 de agosto 2015.<!-- AddThis Advanced Settings generic via filter on get_the_excerpt --><!-- AddThis Share Buttons generic via filter on get_the_excerpt --><\/p>\n","protected":false},"author":49,"featured_media":0,"comment_status":"open","ping_status":"closed","sticky":false,"template":"","format":"standard","meta":[],"categories":[13],"tags":[224,359,611,622,718],"_links":{"self":[{"href":"https:\/\/blogs.hoy.es\/moterosdehoy\/wp-json\/wp\/v2\/posts\/1653"}],"collection":[{"href":"https:\/\/blogs.hoy.es\/moterosdehoy\/wp-json\/wp\/v2\/posts"}],"about":[{"href":"https:\/\/blogs.hoy.es\/moterosdehoy\/wp-json\/wp\/v2\/types\/post"}],"author":[{"embeddable":true,"href":"https:\/\/blogs.hoy.es\/moterosdehoy\/wp-json\/wp\/v2\/users\/49"}],"replies":[{"embeddable":true,"href":"https:\/\/blogs.hoy.es\/moterosdehoy\/wp-json\/wp\/v2\/comments?post=1653"}],"version-history":[{"count":0,"href":"https:\/\/blogs.hoy.es\/moterosdehoy\/wp-json\/wp\/v2\/posts\/1653\/revisions"}],"wp:attachment":[{"href":"https:\/\/blogs.hoy.es\/moterosdehoy\/wp-json\/wp\/v2\/media?parent=1653"}],"wp:term":[{"taxonomy":"category","embeddable":true,"href":"https:\/\/blogs.hoy.es\/moterosdehoy\/wp-json\/wp\/v2\/categories?post=1653"},{"taxonomy":"post_tag","embeddable":true,"href":"https:\/\/blogs.hoy.es\/moterosdehoy\/wp-json\/wp\/v2\/tags?post=1653"}],"curies":[{"name":"wp","href":"https:\/\/api.w.org\/{rel}","templated":true}]}}