{"id":1665,"date":"2015-09-03T18:10:02","date_gmt":"2015-09-03T18:10:02","guid":{"rendered":"http:\/\/blogs.hoy.es\/moterosdehoy\/?p=1665"},"modified":"2015-09-03T18:10:02","modified_gmt":"2015-09-03T18:10:02","slug":"xiii-concentracion-motera-en-coria","status":"publish","type":"post","link":"https:\/\/blogs.hoy.es\/moterosdehoy\/2015\/09\/03\/xiii-concentracion-motera-en-coria\/","title":{"rendered":"XII+I Concentraci\u00f3n motera en Coria"},"content":{"rendered":"<p>Ya est\u00e1n los motores en marcha para la treceava concentraci\u00f3n motera en <a title=\"Coria en Wikipedia\" href=\"https:\/\/es.wikipedia.org\/wiki\/Coria\" target=\"_blank\" rel=\"external nofollow\">Coria<\/a> (C\u00e1ceres). Como en ediciones anteriores viene de la mano de la pe\u00f1a motera &#8220;Esperando&#8221;, con la idea de tener un buen fin de semana motero en su localidad.<\/p>\n<p><a href=\"\/moterosdehoy\/wp-content\/uploads\/sites\/45\/2015\/09\/2015-septiembre-Coria1.jpg\"><img loading=\"lazy\" class=\"alignleft size-medium wp-image-1667\" title=\"2015 septiembre Coria\" src=\"\/moterosdehoy\/wp-content\/uploads\/sites\/45\/2015\/09\/2015-septiembre-Coria1.jpg\" alt=\"\" width=\"247\" height=\"300\" srcset=\"https:\/\/static-blogs.hoy.es\/wp-content\/uploads\/sites\/45\/2015\/09\/2015-septiembre-Coria1.jpg 679w, https:\/\/static-blogs.hoy.es\/wp-content\/uploads\/sites\/45\/2015\/09\/2015-septiembre-Coria1-248x300.jpg 248w\" sizes=\"(max-width: 247px) 100vw, 247px\" \/><\/a>Tendr\u00e1 lugar el fin de semana del 11 al 13 de septiembre, en \u00e9sta edici\u00f3n en la <a title=\"Im\u00e1genes de la Plaza del Rollo de Coria\" href=\"https:\/\/www.google.es\/search?q=Plaza+del+Rollo+coria&#038;es_sm=93&#038;biw=1366&#038;bih=667&#038;source=lnms&#038;tbm=isch&#038;sa=X&#038;ved=0CAcQ_AUoAmoVChMIhovMpLrbxwIVyFsUCh1sOwGG\" target=\"_blank\" rel=\"external nofollow\">Plaza del Rollo<\/a> (Coria).<!--more--><\/p>\n<p>Dentro del programa tienen previsto m\u00fasica en directo, el viernes rock y Alaz\u00e1n, el s\u00e1bado tributo al ultimo de la fila. Comidas y cenas en local climatizado, ca\u00f1as con sus buenos pinchos, rutas, zona de acampada gratuita en camping La Isla, regalos, camiseta y bolsa mochila. Todo por <strong>25 \u20ac de inscripci\u00f3n<\/strong>. 20 para socios y 15 \u20ac opci\u00f3n s\u00f3lo domingo.<\/p>\n<p><span style=\"text-decoration: underline;\"><strong>PROGRAMACI\u00d3N<\/strong><\/span><strong> <\/strong>(informaci\u00f3n de <a title=\"Blog de la Pe\u00f1a Motera Esperando\" href=\"http:\/\/pmesperando.blogspot.com.es\/\" target=\"_blank\" rel=\"external nofollow\">su blog<\/a>)<\/p>\n<p><strong>VIERNES D\u00cdA 11:<\/strong><\/p>\n<p>19:00h Apertura de inscripciones. Bolsa de bienvenida y ca\u00f1a.<\/p>\n<p>23:00h Actuaci\u00f3n musical de Dhebar Band.<\/p>\n<p>24:00h Actuaci\u00f3n musical de Alaz\u00e1n.<\/p>\n<p><strong>S\u00c1BADO D\u00cdA 12:<\/strong><\/p>\n<p>10:00h Apertura de inscripciones. Bolsa de bienvenida y ca\u00f1a.<\/p>\n<p>11:30h Ruta, con salida desde la Plaza del Rollo<\/p>\n<p>Comida en Plaza del Rollo.<\/p>\n<p>18:00h Apertura de inscripciones, con ruta bar\u00edtima por locales concertados de la localidad.<\/p>\n<p>Cena en restaurante.<\/p>\n<p>Actuaciones musicales de Manolo el burro &#038; Cia, despu\u00e9s Patito DJ Animaciones.<\/p>\n<p><strong>DOMINGO D\u00cdA 13:<\/strong><\/p>\n<p>09:30h Apertura de inscripciones.<\/p>\n<p>Desayuno en Plaza del Rollo.<\/p>\n<p>10:30h (aprox) Salida para ruta.<\/p>\n<p>Comida en Plaza del Rollo.<\/p>\n<p>Regalos, sorteos y despedida.<\/p>\n<p>Todos los ingredientes necesarios para tener un buen fin de semana motero.<\/p>\n<p><strong>Saludos y r\u00e1fagas<\/strong>.<\/p>\n<!-- AddThis Advanced Settings generic via filter on the_content --><!-- AddThis Share Buttons generic via filter on the_content -->","protected":false},"excerpt":{"rendered":"<p>Ya est\u00e1n los motores en marcha para la treceava concentraci\u00f3n motera en Coria (C\u00e1ceres). Como en ediciones anteriores viene de la mano de la pe\u00f1a motera &#8220;Esperando&#8221;, con la idea de tener un buen fin de semana motero en su localidad. Tendr\u00e1 lugar el fin de semana del 11 al 13 de septiembre, en \u00e9sta [&hellip;]<!-- AddThis Advanced Settings generic via filter on get_the_excerpt --><!-- AddThis Share Buttons generic via filter on get_the_excerpt --><\/p>\n","protected":false},"author":49,"featured_media":0,"comment_status":"open","ping_status":"closed","sticky":false,"template":"","format":"standard","meta":[],"categories":[13],"tags":[204,611,622,624,689,763],"_links":{"self":[{"href":"https:\/\/blogs.hoy.es\/moterosdehoy\/wp-json\/wp\/v2\/posts\/1665"}],"collection":[{"href":"https:\/\/blogs.hoy.es\/moterosdehoy\/wp-json\/wp\/v2\/posts"}],"about":[{"href":"https:\/\/blogs.hoy.es\/moterosdehoy\/wp-json\/wp\/v2\/types\/post"}],"author":[{"embeddable":true,"href":"https:\/\/blogs.hoy.es\/moterosdehoy\/wp-json\/wp\/v2\/users\/49"}],"replies":[{"embeddable":true,"href":"https:\/\/blogs.hoy.es\/moterosdehoy\/wp-json\/wp\/v2\/comments?post=1665"}],"version-history":[{"count":0,"href":"https:\/\/blogs.hoy.es\/moterosdehoy\/wp-json\/wp\/v2\/posts\/1665\/revisions"}],"wp:attachment":[{"href":"https:\/\/blogs.hoy.es\/moterosdehoy\/wp-json\/wp\/v2\/media?parent=1665"}],"wp:term":[{"taxonomy":"category","embeddable":true,"href":"https:\/\/blogs.hoy.es\/moterosdehoy\/wp-json\/wp\/v2\/categories?post=1665"},{"taxonomy":"post_tag","embeddable":true,"href":"https:\/\/blogs.hoy.es\/moterosdehoy\/wp-json\/wp\/v2\/tags?post=1665"}],"curies":[{"name":"wp","href":"https:\/\/api.w.org\/{rel}","templated":true}]}}