{"id":1669,"date":"2015-09-04T06:00:11","date_gmt":"2015-09-04T06:00:11","guid":{"rendered":"http:\/\/blogs.hoy.es\/moterosdehoy\/?p=1669"},"modified":"2015-09-04T06:00:11","modified_gmt":"2015-09-04T06:00:11","slug":"exposicion-de-pintura-de-carlos-rome","status":"publish","type":"post","link":"https:\/\/blogs.hoy.es\/moterosdehoy\/2015\/09\/04\/exposicion-de-pintura-de-carlos-rome\/","title":{"rendered":"Exposici\u00f3n de pintura de Carlos Rome"},"content":{"rendered":"<p>Este s\u00e1bado d\u00eda 5 de septiembre tenemos en Badajoz &#8220;<a title=\"La noche en blanco\" href=\"http:\/\/www.aytobadajoz.es\/es\/ayto\/especiales\/especial\/23577\/la-noche-en-blanco\/#.VekxDBG8PGc\" target=\"_blank\" rel=\"external nofollow\">La noche en blanco<\/a>&#8220;. Teniendo su inauguraci\u00f3n a las 21:30h en la Puerta del Palacio Municipal, Plaza de Espa\u00f1a de <a title=\"Turismo en Badajoz\" href=\"http:\/\/www.turismobadajoz.es\/\" target=\"_blank\" rel=\"external nofollow\">Badajoz<\/a>.<\/p>\n<p><a href=\"\/moterosdehoy\/wp-content\/uploads\/sites\/45\/2015\/09\/Exposici\u00f3n-Carlos-Rome.jpg\"><img loading=\"lazy\" class=\"alignleft size-medium wp-image-1674\" title=\"Exposici\u00f3n Carlos Rome\" src=\"\/moterosdehoy\/wp-content\/uploads\/sites\/45\/2015\/09\/Exposici\u00f3n-Carlos-Rome.jpg\" alt=\"\" width=\"212\" height=\"300\" srcset=\"https:\/\/static-blogs.hoy.es\/wp-content\/uploads\/sites\/45\/2015\/09\/Exposici\u00f3n-Carlos-Rome.jpg 679w, https:\/\/static-blogs.hoy.es\/wp-content\/uploads\/sites\/45\/2015\/09\/Exposici\u00f3n-Carlos-Rome-212x300.jpg 212w\" sizes=\"(max-width: 212px) 100vw, 212px\" \/><\/a>Para los que no hab\u00e9is participado en a\u00f1os anteriores, se trata de tener muchas actividades en la ciudad para disfrutar de ella de un modo diferente. Las actividades son sobre todo culturales, si quieres acceder al <a title=\"Programa de La noche en blanco 2015\" href=\"http:\/\/www.aytobadajoz.es\/files\/archivos\/ayto\/2015_08\/programa_la_noche_en_blanco_2015.pdf\" target=\"_blank\" rel=\"external nofollow\">programa completo clic aqu\u00ed<\/a>.<!--more--><\/p>\n<p>En \u00e9sta edici\u00f3n tendremos una Exposici\u00f3n de &#8220;Carlos Rome&#8221; con su pintura hiperrealista, estando en un lugar muy especial la tem\u00e1tica de las motos y los coches, por lo que no te lo puedes perder.<\/p>\n<p>La exposici\u00f3n tendr\u00e1 lugar en &#8220;<a title=\"Facebook de Cervecer\u00eda con Jota\" href=\"https:\/\/www.facebook.com\/cerveceriaconjota?fref=ts\" target=\"_blank\" rel=\"external nofollow\">Cervecer\u00eda con Jota<\/a>&#8221; sita en la calle Felipe Checa. Adem\u00e1s como se trata de la noche en blanco, no tienes excusa para no pasar por all\u00ed.<\/p>\n<p>Os dejo unas muestras de los trabajos de Carlos Rome:<\/p>\n\n\t\t<style type=\"text\/css\">\n\t\t\t#gallery-1 {\n\t\t\t\tmargin: auto;\n\t\t\t}\n\t\t\t#gallery-1 .gallery-item {\n\t\t\t\tfloat: left;\n\t\t\t\tmargin-top: 10px;\n\t\t\t\ttext-align: center;\n\t\t\t\twidth: 33%;\n\t\t\t}\n\t\t\t#gallery-1 img {\n\t\t\t\tborder: 2px solid #cfcfcf;\n\t\t\t}\n\t\t\t#gallery-1 .gallery-caption {\n\t\t\t\tmargin-left: 0;\n\t\t\t}\n\t\t\t\/* see gallery_shortcode() in wp-includes\/media.php *\/\n\t\t<\/style>\n\t\t<div id='gallery-1' class='gallery galleryid-1669 gallery-columns-3 gallery-size-thumbnail'><dl class='gallery-item'>\n\t\t\t<dt class='gallery-icon portrait'>\n\t\t\t\t<a href=\"https:\/\/static-blogs.hoy.es\/wp-content\/uploads\/sites\/45\/2015\/09\/Carlos-Rome-1.jpg\"><img width=\"150\" height=\"150\" src=\"https:\/\/static-blogs.hoy.es\/wp-content\/uploads\/sites\/45\/2015\/09\/Carlos-Rome-1-150x150.jpg\" class=\"attachment-thumbnail size-thumbnail\" alt=\"\" loading=\"lazy\" \/><\/a>\n\t\t\t<\/dt><\/dl><dl class='gallery-item'>\n\t\t\t<dt class='gallery-icon landscape'>\n\t\t\t\t<a href=\"https:\/\/static-blogs.hoy.es\/wp-content\/uploads\/sites\/45\/2015\/09\/Carlos-Rome-2.jpg\"><img width=\"150\" height=\"150\" src=\"https:\/\/static-blogs.hoy.es\/wp-content\/uploads\/sites\/45\/2015\/09\/Carlos-Rome-2-150x150.jpg\" class=\"attachment-thumbnail size-thumbnail\" alt=\"\" loading=\"lazy\" \/><\/a>\n\t\t\t<\/dt><\/dl><dl class='gallery-item'>\n\t\t\t<dt class='gallery-icon portrait'>\n\t\t\t\t<a href=\"https:\/\/static-blogs.hoy.es\/wp-content\/uploads\/sites\/45\/2015\/09\/Carlos-Rome-3.jpg\"><img width=\"150\" height=\"150\" src=\"https:\/\/static-blogs.hoy.es\/wp-content\/uploads\/sites\/45\/2015\/09\/Carlos-Rome-3-150x150.jpg\" class=\"attachment-thumbnail size-thumbnail\" alt=\"\" loading=\"lazy\" \/><\/a>\n\t\t\t<\/dt><\/dl><br style=\"clear: both\" \/><dl class='gallery-item'>\n\t\t\t<dt class='gallery-icon portrait'>\n\t\t\t\t<a href=\"https:\/\/static-blogs.hoy.es\/wp-content\/uploads\/sites\/45\/2015\/09\/Exposici\u00f3n-Carlos-Rome.jpg\"><img width=\"150\" height=\"150\" src=\"https:\/\/static-blogs.hoy.es\/wp-content\/uploads\/sites\/45\/2015\/09\/Exposici\u00f3n-Carlos-Rome-150x150.jpg\" class=\"attachment-thumbnail size-thumbnail\" alt=\"\" loading=\"lazy\" \/><\/a>\n\t\t\t<\/dt><\/dl>\n\t\t\t<br style='clear: both' \/>\n\t\t<\/div>\n\n<p>Saludos y r\u00e1fagas.<\/p>\n<!-- AddThis Advanced Settings generic via filter on the_content --><!-- AddThis Share Buttons generic via filter on the_content -->","protected":false},"excerpt":{"rendered":"<p>Este s\u00e1bado d\u00eda 5 de septiembre tenemos en Badajoz &#8220;La noche en blanco&#8220;. Teniendo su inauguraci\u00f3n a las 21:30h en la Puerta del Palacio Municipal, Plaza de Espa\u00f1a de Badajoz. Para los que no hab\u00e9is participado en a\u00f1os anteriores, se trata de tener muchas actividades en la ciudad para disfrutar de ella de un modo [&hellip;]<!-- AddThis Advanced Settings generic via filter on get_the_excerpt --><!-- AddThis Share Buttons generic via filter on get_the_excerpt --><\/p>\n","protected":false},"author":49,"featured_media":1674,"comment_status":"open","ping_status":"closed","sticky":false,"template":"","format":"standard","meta":[],"categories":[13],"tags":[141,379,565,611,622,955],"_links":{"self":[{"href":"https:\/\/blogs.hoy.es\/moterosdehoy\/wp-json\/wp\/v2\/posts\/1669"}],"collection":[{"href":"https:\/\/blogs.hoy.es\/moterosdehoy\/wp-json\/wp\/v2\/posts"}],"about":[{"href":"https:\/\/blogs.hoy.es\/moterosdehoy\/wp-json\/wp\/v2\/types\/post"}],"author":[{"embeddable":true,"href":"https:\/\/blogs.hoy.es\/moterosdehoy\/wp-json\/wp\/v2\/users\/49"}],"replies":[{"embeddable":true,"href":"https:\/\/blogs.hoy.es\/moterosdehoy\/wp-json\/wp\/v2\/comments?post=1669"}],"version-history":[{"count":0,"href":"https:\/\/blogs.hoy.es\/moterosdehoy\/wp-json\/wp\/v2\/posts\/1669\/revisions"}],"wp:featuredmedia":[{"embeddable":true,"href":"https:\/\/blogs.hoy.es\/moterosdehoy\/wp-json\/wp\/v2\/media\/1674"}],"wp:attachment":[{"href":"https:\/\/blogs.hoy.es\/moterosdehoy\/wp-json\/wp\/v2\/media?parent=1669"}],"wp:term":[{"taxonomy":"category","embeddable":true,"href":"https:\/\/blogs.hoy.es\/moterosdehoy\/wp-json\/wp\/v2\/categories?post=1669"},{"taxonomy":"post_tag","embeddable":true,"href":"https:\/\/blogs.hoy.es\/moterosdehoy\/wp-json\/wp\/v2\/tags?post=1669"}],"curies":[{"name":"wp","href":"https:\/\/api.w.org\/{rel}","templated":true}]}}