{"id":1675,"date":"2015-09-11T15:05:15","date_gmt":"2015-09-11T15:05:15","guid":{"rendered":"http:\/\/blogs.hoy.es\/moterosdehoy\/?p=1675"},"modified":"2015-09-11T15:05:15","modified_gmt":"2015-09-11T15:05:15","slug":"ix-concentracion-de-motos-buitres-leonaos","status":"publish","type":"post","link":"https:\/\/blogs.hoy.es\/moterosdehoy\/2015\/09\/11\/ix-concentracion-de-motos-buitres-leonaos\/","title":{"rendered":"IX Concentraci\u00f3n de motos BUITRES LEONAOS"},"content":{"rendered":"<p>Estamos en 2015 y es septiembre \u00bfque puede faltar?<\/p>\n<p>La conocida concentraci\u00f3n de motos de C\u00e1ceres y como a\u00f1os anteriores viene de la mano del motoclub &#8220;<strong><a title=\"P\u00e1gina oficial de los Buitres Leonaos\" href=\"http:\/\/buitresleonaos.com\/\" target=\"_blank\" rel=\"external nofollow\">Buitres Leonaos<\/a><\/strong>&#8220;, para \u00e9sta edici\u00f3n tendr\u00e1 lugar<strong> del 18 al 20 de septiembre<\/strong>.<\/p>\n<p><a href=\"\/moterosdehoy\/wp-content\/uploads\/sites\/45\/2015\/09\/2015-septiembre-C\u00e1ceres.jpg\"><img loading=\"lazy\" class=\"alignleft size-medium wp-image-1676\" title=\"2015 septiembre C\u00e1ceres\" src=\"\/moterosdehoy\/wp-content\/uploads\/sites\/45\/2015\/09\/2015-septiembre-C\u00e1ceres.jpg\" alt=\"\" width=\"249\" height=\"300\" srcset=\"https:\/\/static-blogs.hoy.es\/wp-content\/uploads\/sites\/45\/2015\/09\/2015-septiembre-C\u00e1ceres.jpg 1332w, https:\/\/static-blogs.hoy.es\/wp-content\/uploads\/sites\/45\/2015\/09\/2015-septiembre-C\u00e1ceres-250x300.jpg 250w, https:\/\/static-blogs.hoy.es\/wp-content\/uploads\/sites\/45\/2015\/09\/2015-septiembre-C\u00e1ceres-768x923.jpg 768w, https:\/\/static-blogs.hoy.es\/wp-content\/uploads\/sites\/45\/2015\/09\/2015-septiembre-C\u00e1ceres-852x1024.jpg 852w\" sizes=\"(max-width: 249px) 100vw, 249px\" \/><\/a>Una vez m\u00e1s tendr\u00e1 lugar en el recinto del cuartillo, <strong><a title=\"C\u00e1ceres en wikipedia\" href=\"https:\/\/es.wikipedia.org\/wiki\/C%C3%A1ceres\" target=\"_blank\" rel=\"external nofollow\">C\u00e1ceres<\/a><\/strong>. All\u00ed tienen disponible\u00a0todas las comodidades para instalar tu tienda y pasar un buen fin de semana entre amigos, con sombra, ba\u00f1os y duchas, incluso mesas de camping por si quieres llevarte algo y picar con los colegas, aunque dentro del recinto por supuesto hay barbacoa y BAR permanente.<!--more--><\/p>\n<p>La concentraci\u00f3n, a diferencia de otras, es abierta para todo aquel que quiera asistir, por lo que el s\u00e1bado pueden llegar a juntarse m\u00e1s de 2.500 personas, dando un gran ambiente al evento.\u00a0<strong>La inscripci\u00f3n es de 20 euros,\u00a0<\/strong>recibiendo una bolsa de art\u00edculos de merchandising, con un pin, una camiseta, una pegatina, y vales para la cena del s\u00e1bado, desayuno y comida del domingo. Si s\u00f3lo puedes ir el\u00a0<strong>domingo la inscripci\u00f3n es de 10 euros.<\/strong>\u00a0Para \u00e9sta novena edici\u00f3n han bajado cinco euros el precio de las inscripciones y adem\u00e1s a los 100 primeros inscritos les regalar\u00e1n un libro, escrito por uno de sus miembros y en el que detallan la moto como estilo de vida.<\/p>\n<p>En la edici\u00f3n del a\u00f1o anterior se vio mermada por culpa de la lluvia, adem\u00e1s de que en el mismo fin de semana hab\u00edan otras cuatro concentraciones. Pero para \u00e9sta ocasi\u00f3n el tiempo est\u00e1 de su parte, por lo que la afluencia de personal est\u00e1 asegurada.<\/p>\n<p><a href=\"\/moterosdehoy\/wp-content\/uploads\/sites\/45\/2015\/09\/Programa-Buitres-Leonaos-2015.jpg\"><img loading=\"lazy\" class=\"alignright size-medium wp-image-1677\" title=\"Programa Buitres Leonaos 2015\" src=\"\/moterosdehoy\/wp-content\/uploads\/sites\/45\/2015\/09\/Programa-Buitres-Leonaos-2015.jpg\" alt=\"\" width=\"226\" height=\"300\" srcset=\"https:\/\/static-blogs.hoy.es\/wp-content\/uploads\/sites\/45\/2015\/09\/Programa-Buitres-Leonaos-2015.jpg 1206w, https:\/\/static-blogs.hoy.es\/wp-content\/uploads\/sites\/45\/2015\/09\/Programa-Buitres-Leonaos-2015-226x300.jpg 226w, https:\/\/static-blogs.hoy.es\/wp-content\/uploads\/sites\/45\/2015\/09\/Programa-Buitres-Leonaos-2015-768x1019.jpg 768w, https:\/\/static-blogs.hoy.es\/wp-content\/uploads\/sites\/45\/2015\/09\/Programa-Buitres-Leonaos-2015-772x1024.jpg 772w\" sizes=\"(max-width: 226px) 100vw, 226px\" \/><\/a>Aqu\u00ed os dejo el <span style=\"color: #ff0000;\"><strong>programa<\/strong><\/span> que nos tienen preparado (sacado de su web):<\/p>\n<p>Hay que decir que es una concentraci\u00f3n de calidad, no es una concentraci\u00f3n motera para ir a liarla, quemar rueda y hacer ruido. Los buitres intentan presentarnos su ciudad C\u00e1ceres, y que la ciudad vea que los moteros somos c\u00edvicos. As\u00ed es la \u00fanica manera de conseguir una concentraci\u00f3n que a\u00f1o tras a\u00f1o es mejor reconocida, habiendo visto a moteros portugueses, franceses, italianos, alemanes, brasile\u00f1os y hasta a alg\u00fan canadiense, seg\u00fan recuerdan sus organizadores.<\/p>\n<p>Unos de los platos fuertes de la concentraci\u00f3n son los conciertos, entre ellos \u00e9sta a\u00f1o estar\u00e1n Tennesse, Marcos Elvis, Marrones, Deltoya y Kapit\u00e1n Memo.<\/p>\n<p>Como en cualquier buena concentraci\u00f3n habr\u00e1 rutas, as\u00ed como concursos que tendr\u00e1n como protagonista a los tatuajes, a la indumentaria \u2018pin-up\u2019 de los a\u00f1os 50, o a las propias motos, con las \u2018carreras de lentos\u2019, donde gana el que m\u00e1s tarda en llegar a la meta sin poner el pie en el suelo.\u00a0El concurso de pin-up tendr\u00e1 lugar el s\u00e1bado y habr\u00e1 un primer premio de 100\u20ac y un segundo premio de 50\u20ac an\u00edmate y acude con tu lado pin-up, quien sabe igual ganas el premio.<\/p>\n<p><a href=\"\/moterosdehoy\/wp-content\/uploads\/sites\/45\/2015\/09\/Buitres-Leonaos.jpg\"><img loading=\"lazy\" class=\"alignleft size-medium wp-image-1678\" title=\"Buitres Leonaos\" src=\"\/moterosdehoy\/wp-content\/uploads\/sites\/45\/2015\/09\/Buitres-Leonaos.jpg\" alt=\"\" width=\"300\" height=\"199\" srcset=\"https:\/\/static-blogs.hoy.es\/wp-content\/uploads\/sites\/45\/2015\/09\/Buitres-Leonaos.jpg 960w, https:\/\/static-blogs.hoy.es\/wp-content\/uploads\/sites\/45\/2015\/09\/Buitres-Leonaos-300x199.jpg 300w, https:\/\/static-blogs.hoy.es\/wp-content\/uploads\/sites\/45\/2015\/09\/Buitres-Leonaos-768x510.jpg 768w\" sizes=\"(max-width: 300px) 100vw, 300px\" \/><\/a>Sin olvidar esa zona de stands junto a los conciertos, donde podr\u00e1s encontrar cualquier accesorio motero que tengas en mente.<\/p>\n<p>Est\u00e1 claro que para organizar un evento de este calibre lleva mucho trabajo y es por ello, que la organizaci\u00f3n se reserva el derecho de modificar el programa sin previo aviso.<\/p>\n<p>Aqu\u00ed os dejo un enlace a un\u00a0<a title=\"Concentraci\u00f3n Buitres Leonaos 2013\" href=\"https:\/\/www.youtube.com\/watch?v=8Oz5keFe8Mc\" target=\"_blank\" rel=\"external nofollow\"><strong>v\u00eddeo de la edici\u00f3n del a\u00f1o 2013<\/strong><\/a>.<\/p>\n<p><strong>\u00a1\u00a1\u00a1ALL\u00cd NOS VEREMOS!!!<\/strong><\/p>\n<p>Saludos y r\u00e1fagas.<\/p>\n<p>&nbsp;<\/p>\n<!-- AddThis Advanced Settings generic via filter on the_content --><!-- AddThis Share Buttons generic via filter on the_content -->","protected":false},"excerpt":{"rendered":"<p>Estamos en 2015 y es septiembre \u00bfque puede faltar? La conocida concentraci\u00f3n de motos de C\u00e1ceres y como a\u00f1os anteriores viene de la mano del motoclub &#8220;Buitres Leonaos&#8220;, para \u00e9sta edici\u00f3n tendr\u00e1 lugar del 18 al 20 de septiembre. Una vez m\u00e1s tendr\u00e1 lugar en el recinto del cuartillo, C\u00e1ceres. All\u00ed tienen disponible\u00a0todas las comodidades [&hellip;]<!-- AddThis Advanced Settings generic via filter on get_the_excerpt --><!-- AddThis Share Buttons generic via filter on get_the_excerpt --><\/p>\n","protected":false},"author":49,"featured_media":1678,"comment_status":"open","ping_status":"closed","sticky":false,"template":"","format":"standard","meta":[],"categories":[13],"tags":[122,521,622,681],"_links":{"self":[{"href":"https:\/\/blogs.hoy.es\/moterosdehoy\/wp-json\/wp\/v2\/posts\/1675"}],"collection":[{"href":"https:\/\/blogs.hoy.es\/moterosdehoy\/wp-json\/wp\/v2\/posts"}],"about":[{"href":"https:\/\/blogs.hoy.es\/moterosdehoy\/wp-json\/wp\/v2\/types\/post"}],"author":[{"embeddable":true,"href":"https:\/\/blogs.hoy.es\/moterosdehoy\/wp-json\/wp\/v2\/users\/49"}],"replies":[{"embeddable":true,"href":"https:\/\/blogs.hoy.es\/moterosdehoy\/wp-json\/wp\/v2\/comments?post=1675"}],"version-history":[{"count":0,"href":"https:\/\/blogs.hoy.es\/moterosdehoy\/wp-json\/wp\/v2\/posts\/1675\/revisions"}],"wp:featuredmedia":[{"embeddable":true,"href":"https:\/\/blogs.hoy.es\/moterosdehoy\/wp-json\/wp\/v2\/media\/1678"}],"wp:attachment":[{"href":"https:\/\/blogs.hoy.es\/moterosdehoy\/wp-json\/wp\/v2\/media?parent=1675"}],"wp:term":[{"taxonomy":"category","embeddable":true,"href":"https:\/\/blogs.hoy.es\/moterosdehoy\/wp-json\/wp\/v2\/categories?post=1675"},{"taxonomy":"post_tag","embeddable":true,"href":"https:\/\/blogs.hoy.es\/moterosdehoy\/wp-json\/wp\/v2\/tags?post=1675"}],"curies":[{"name":"wp","href":"https:\/\/api.w.org\/{rel}","templated":true}]}}