{"id":168,"date":"2012-07-06T19:57:00","date_gmt":"2012-07-06T19:57:00","guid":{"rendered":"http:\/\/blogs.hoy.es\/moterosdehoy\/?p=168"},"modified":"2012-07-06T19:57:00","modified_gmt":"2012-07-06T19:57:00","slug":"xxiv-concentracion-motera-en-yuncler-toledo","status":"publish","type":"post","link":"https:\/\/blogs.hoy.es\/moterosdehoy\/2012\/07\/06\/xxiv-concentracion-motera-en-yuncler-toledo\/","title":{"rendered":"XXIV Concentraci\u00f3n motera en Yuncler (Toledo)"},"content":{"rendered":"<p style=\"text-align: justify;\">El fin de semana <strong>del 6 al 8 de julio<\/strong> de 2012, tendr\u00e1 lugar la <strong>24\u00aa Concentraci\u00f3n Motera de Yuncler (Toledo)<\/strong>, el lugar de reuni\u00f3n ser\u00e1 en la acampada del recinto ferial, sito en el km 47,600 de la carretera A-42 (Autov\u00eda Madrid- Toledo) y la pe\u00f1a que lo organiza es el <a href=\"http:\/\/www.motoclubyuncler.com\/\" target=\"_blank\" rel=\"external nofollow\">motoclub Yuncler<\/a>.\u00a0<a href=\"\/moterosdehoy\/wp-content\/uploads\/sites\/45\/2012\/07\/2012-07-06-Yuncler.jpg\"><img loading=\"lazy\" class=\"alignright size-medium wp-image-169\" title=\"2012-07-06 Yuncler\" src=\"\/moterosdehoy\/wp-content\/uploads\/sites\/45\/2012\/07\/2012-07-06-Yuncler.jpg\" alt=\"\" width=\"211\" height=\"300\" srcset=\"https:\/\/static-blogs.hoy.es\/wp-content\/uploads\/sites\/45\/2012\/07\/2012-07-06-Yuncler.jpg 629w, https:\/\/static-blogs.hoy.es\/wp-content\/uploads\/sites\/45\/2012\/07\/2012-07-06-Yuncler-211x300.jpg 211w\" sizes=\"(max-width: 211px) 100vw, 211px\" \/><\/a><\/p>\n<p style=\"text-align: justify;\">El precio de las inscripciones ser\u00e1 de <strong>15 euros<\/strong> y con ello recibir\u00e1s una bolsa de bienvenida donde encontraras:<\/p>\n<p style=\"text-align: justify;\">\u2022 Camiseta y PIN conmemorativo<br \/>\n\u2022 Acceso a gratuito el s\u00e1bado y domingo a la Piscina municipal<br \/>\n\u2022 2 Consumiciones gratuitas en el bar de la zona de acampada<br \/>\n\u2022 Juegos Moteros el s\u00e1bado<br \/>\n\u2022 Sorteo de regalos el s\u00e1bado y domingo<br \/>\n\u2022 Migas Manchegas el Viernes<br \/>\n\u2022 Cena del s\u00e1bado<br \/>\n\u2022 Desayuno domingo (caf\u00e9, chocolate, zumo, churros y galletas)<br \/>\n\u2022 Tentempi\u00e9 y consumici\u00f3n en ruta del Domingo<\/p>\n<p>Adem\u00e1s con la inscripci\u00f3n se dispondr\u00e1 de los siguientes servicios:<br \/>\n\u2022 Zona de acampada de c\u00e9sped<br \/>\n\u2022 Parking para motos de inscritos<br \/>\n\u2022 Piscina situada a 50 metros de la zona de acampada<br \/>\n\u2022 Bar en zona de acampada con precios econ\u00f3micos<br \/>\n\u2022 Servicio de vigilancia el viernes y s\u00e1bado por la noche para la zona de acampada<br \/>\n\u2022 Zona reservada para inscritos en la exhibici\u00f3n<\/p>\n<p style=\"text-align: justify;\">\u00c9stos son los horarios que tienen previstos para que no se aburra el personal:<!--more--><\/p>\n<p style=\"text-align: justify;\">El\u00a0<strong>Viernes 6<\/strong> de Julio de 2012<br \/>\n\u2022 19:00 Apertura de Inscripci\u00f3n<br \/>\n\u2022 22:30 Degustaci\u00f3n de Migas Manchegas<br \/>\n\u2022 00:30 Discoteca<\/p>\n<p style=\"text-align: justify;\">El<strong>\u00a0S\u00e1bado 7<\/strong> de Julio de 2012<br \/>\n\u2022 10:00 Entrenamiento ni\u00f1os escuela motociclismo Lorenzo Competici\u00f3n<br \/>\n\u2022 11:00 Apertura de Inscripci\u00f3n<br \/>\n\u2022 12:00 Entrenamientos Gran Premio de Alemania<br \/>\n\u2022 12:30 Concurso MotoGP<br \/>\n\u2022 16:30 Juegos Moteros<br \/>\n\u2022 19:50 <strong>Ruta a Toledo<\/strong><br \/>\n\u2022 22:45 Recorrido Silencioso<br \/>\n\u2022 23:00 <strong>Cena en LOCAL CLIMATIZADO<\/strong><br \/>\n\u2022 00:15 <strong>Exhibici\u00f3n Motera<\/strong><a href=\"http:\/\/www.emiliozamora.com\/officialsite\/\" target=\"_blank\" rel=\"external nofollow\"> Stunt (Emilio Zamora)<\/a><br \/>\n\u2022 01:15 Discoteca<\/p>\n<p style=\"text-align: justify;\">El\u00a0<strong>Domingo 8<\/strong> de Julio de 2012<br \/>\n\u2022 08:45 Diana Floral<br \/>\n\u2022 09:15 Desayuno<br \/>\n\u2022 10:50 <strong>Ruta por la comarca de la Sagra<\/strong><br \/>\n\u2022 13:15 Degustaci\u00f3n Paella<br \/>\n\u2022 13:50 Gazpacho del pueblo<br \/>\n\u2022 14:00 Retrasmisi\u00f3n Gran Premio de Alemania<br \/>\n\u2022 14:10 Entrega de trofeos<br \/>\n\u2022 14:30 Sorteo Regalos<br \/>\n\u2022 15:00 Traca final y despedida<\/p>\n<p style=\"text-align: justify;\">Si necesitas m\u00e1s informaci\u00f3n la puedes obtener en su propia web o en el correo:\u00a0info@motoclubyuncler.com<\/p>\n<p style=\"text-align: justify;\"><strong>\u00a0 \u00a0Saludos y r\u00e1fagas.<\/strong><\/p>\n<p>&nbsp;<\/p>\n<!-- AddThis Advanced Settings generic via filter on the_content --><!-- AddThis Share Buttons generic via filter on the_content -->","protected":false},"excerpt":{"rendered":"<p>El fin de semana del 6 al 8 de julio de 2012, tendr\u00e1 lugar la 24\u00aa Concentraci\u00f3n Motera de Yuncler (Toledo), el lugar de reuni\u00f3n ser\u00e1 en la acampada del recinto ferial, sito en el km 47,600 de la carretera A-42 (Autov\u00eda Madrid- Toledo) y la pe\u00f1a que lo organiza es el motoclub Yuncler.\u00a0 El [&hellip;]<!-- AddThis Advanced Settings generic via filter on get_the_excerpt --><!-- AddThis Share Buttons generic via filter on get_the_excerpt --><\/p>\n","protected":false},"author":49,"featured_media":0,"comment_status":"open","ping_status":"closed","sticky":false,"template":"","format":"standard","meta":[],"categories":[13],"tags":[225,622,639],"_links":{"self":[{"href":"https:\/\/blogs.hoy.es\/moterosdehoy\/wp-json\/wp\/v2\/posts\/168"}],"collection":[{"href":"https:\/\/blogs.hoy.es\/moterosdehoy\/wp-json\/wp\/v2\/posts"}],"about":[{"href":"https:\/\/blogs.hoy.es\/moterosdehoy\/wp-json\/wp\/v2\/types\/post"}],"author":[{"embeddable":true,"href":"https:\/\/blogs.hoy.es\/moterosdehoy\/wp-json\/wp\/v2\/users\/49"}],"replies":[{"embeddable":true,"href":"https:\/\/blogs.hoy.es\/moterosdehoy\/wp-json\/wp\/v2\/comments?post=168"}],"version-history":[{"count":0,"href":"https:\/\/blogs.hoy.es\/moterosdehoy\/wp-json\/wp\/v2\/posts\/168\/revisions"}],"wp:attachment":[{"href":"https:\/\/blogs.hoy.es\/moterosdehoy\/wp-json\/wp\/v2\/media?parent=168"}],"wp:term":[{"taxonomy":"category","embeddable":true,"href":"https:\/\/blogs.hoy.es\/moterosdehoy\/wp-json\/wp\/v2\/categories?post=168"},{"taxonomy":"post_tag","embeddable":true,"href":"https:\/\/blogs.hoy.es\/moterosdehoy\/wp-json\/wp\/v2\/tags?post=168"}],"curies":[{"name":"wp","href":"https:\/\/api.w.org\/{rel}","templated":true}]}}