{"id":1680,"date":"2015-09-13T18:49:38","date_gmt":"2015-09-13T18:49:38","guid":{"rendered":"http:\/\/blogs.hoy.es\/moterosdehoy\/?p=1680"},"modified":"2015-09-13T18:49:38","modified_gmt":"2015-09-13T18:49:38","slug":"reunion-de-motos-policiales-en-badajoz","status":"publish","type":"post","link":"https:\/\/blogs.hoy.es\/moterosdehoy\/2015\/09\/13\/reunion-de-motos-policiales-en-badajoz\/","title":{"rendered":"Reuni\u00f3n de motos policiales en Badajoz"},"content":{"rendered":"<p>El Cuerpo de la <a title=\"Polic\u00eda Local de Badajoz\" href=\"http:\/\/www.aytobadajoz.es\/es\/ayto\/policialocal\" target=\"_blank\" rel=\"external nofollow\">Polic\u00eda Local de Badajoz<\/a> se encuentra de fiestas por su patrona la &#8220;Virgen de la Soledad&#8221;, y para ello, se ha unido en el paseo de San Francisco de Badajoz, a los otros cuerpos policiales de la ciudad, Guardia Civil y CNP, Cuerpo Nacional de Polic\u00eda, donde hoy domingo d\u00eda 13 de septiembre todos los que pasamos por all\u00ed pudimos disfrutar de una buena ma\u00f1ana.<\/p>\n<p><a href=\"\/moterosdehoy\/wp-content\/uploads\/sites\/45\/2015\/09\/Moteros-de-Hoy-Polic\u00eda-Local-14.jpg\"><img loading=\"lazy\" class=\"alignleft size-medium wp-image-1681\" title=\"Moteros de Hoy Polic\u00eda Local 14\" src=\"\/moterosdehoy\/wp-content\/uploads\/sites\/45\/2015\/09\/Moteros-de-Hoy-Polic\u00eda-Local-14.jpg\" alt=\"\" width=\"300\" height=\"225\" srcset=\"https:\/\/static-blogs.hoy.es\/wp-content\/uploads\/sites\/45\/2015\/09\/Moteros-de-Hoy-Polic\u00eda-Local-14.jpg 3264w, https:\/\/static-blogs.hoy.es\/wp-content\/uploads\/sites\/45\/2015\/09\/Moteros-de-Hoy-Polic\u00eda-Local-14-300x225.jpg 300w, https:\/\/static-blogs.hoy.es\/wp-content\/uploads\/sites\/45\/2015\/09\/Moteros-de-Hoy-Polic\u00eda-Local-14-768x576.jpg 768w, https:\/\/static-blogs.hoy.es\/wp-content\/uploads\/sites\/45\/2015\/09\/Moteros-de-Hoy-Polic\u00eda-Local-14-1024x768.jpg 1024w\" sizes=\"(max-width: 300px) 100vw, 300px\" \/><\/a>En el lugar hab\u00edan dotaciones de los tres cuerpos, con material y veh\u00edculos de distintas especialidades. Cabe destacar las exhibiciones caninas en b\u00fasqueda de drogas, entre ellos la perrita &#8220;Charca&#8221; rescatada de un contenedor y ahora con nueve meses ya est\u00e1 en la unidad antidrogas de la Polic\u00eda Local.<\/p>\n<p>Adem\u00e1s, tal y como aparece en la fotograf\u00eda, instalaron un circuito donde los m\u00e1s peque\u00f1os pudieron regular el tr\u00e1fico y a su vez rodar con sus bicicletas.<\/p>\n<p>Entre las dotaciones motorizadas se encontraban maxi-scooters y motocicletas trail de la Polic\u00eda Local. Motocicletas todo-terreno del SEPRONA, servicio de protecci\u00f3n de la naturaleza y la nueva BMW 1200 de Tr\u00e1fico, ambas de la Guardia Civil. As\u00ed como las Honda Deauville del CNP.<\/p>\n<p>Entre los distintos veh\u00edculos tambi\u00e9n se encontraban tres bicicletas pertenecientes a la Polic\u00eda Local. Lo que demuestra que la Polic\u00eda Local de Badajoz es un cuerpo que se implica con el respeto al medio ambiente.<\/p>\n<p>\u00c9ste d\u00eda de fiesta policial adem\u00e1s se vio acrecentado por la reciente toma de posesi\u00f3n en el cargo de su Jefe. El pasado d\u00eda 10 de septiembre Rub\u00e9n Mu\u00f1oz, quien ocupaba la plaza de Superintendente de modo interino tras sus oportunas pruebas ya tiene el cargo en posesi\u00f3n. Es de agradecer que gracias a su labor, los tres cuerpos policiales de la ciudad se vean unidos en \u00e9stos actos, hace a la polic\u00eda m\u00e1s cercana a sus vecinos y a su vez crea compa\u00f1erismo entre los cuerpos.<\/p>\n<p>Os dejo unas fotos de las motocicletas que se encontraban en el lugar:<\/p>\n\n\t\t<style type=\"text\/css\">\n\t\t\t#gallery-1 {\n\t\t\t\tmargin: auto;\n\t\t\t}\n\t\t\t#gallery-1 .gallery-item {\n\t\t\t\tfloat: left;\n\t\t\t\tmargin-top: 10px;\n\t\t\t\ttext-align: center;\n\t\t\t\twidth: 33%;\n\t\t\t}\n\t\t\t#gallery-1 img {\n\t\t\t\tborder: 2px solid #cfcfcf;\n\t\t\t}\n\t\t\t#gallery-1 .gallery-caption {\n\t\t\t\tmargin-left: 0;\n\t\t\t}\n\t\t\t\/* see gallery_shortcode() in wp-includes\/media.php *\/\n\t\t<\/style>\n\t\t<div id='gallery-1' class='gallery galleryid-1680 gallery-columns-3 gallery-size-thumbnail'><dl class='gallery-item'>\n\t\t\t<dt class='gallery-icon landscape'>\n\t\t\t\t<a href=\"https:\/\/static-blogs.hoy.es\/wp-content\/uploads\/sites\/45\/2015\/09\/Moteros-de-Hoy-Polic\u00eda-Local-14.jpg\"><img width=\"150\" height=\"150\" src=\"https:\/\/static-blogs.hoy.es\/wp-content\/uploads\/sites\/45\/2015\/09\/Moteros-de-Hoy-Polic\u00eda-Local-14-150x150.jpg\" class=\"attachment-thumbnail size-thumbnail\" alt=\"\" loading=\"lazy\" \/><\/a>\n\t\t\t<\/dt><\/dl><dl class='gallery-item'>\n\t\t\t<dt class='gallery-icon landscape'>\n\t\t\t\t<a href=\"https:\/\/static-blogs.hoy.es\/wp-content\/uploads\/sites\/45\/2015\/09\/Moteros-de-Hoy-Polic\u00eda-Local-01.jpg\"><img width=\"150\" height=\"150\" src=\"https:\/\/static-blogs.hoy.es\/wp-content\/uploads\/sites\/45\/2015\/09\/Moteros-de-Hoy-Polic\u00eda-Local-01-150x150.jpg\" class=\"attachment-thumbnail size-thumbnail\" alt=\"\" loading=\"lazy\" \/><\/a>\n\t\t\t<\/dt><\/dl><dl class='gallery-item'>\n\t\t\t<dt class='gallery-icon landscape'>\n\t\t\t\t<a href=\"https:\/\/static-blogs.hoy.es\/wp-content\/uploads\/sites\/45\/2015\/09\/Moteros-de-Hoy-Polic\u00eda-Local-02.jpg\"><img width=\"150\" height=\"150\" src=\"https:\/\/static-blogs.hoy.es\/wp-content\/uploads\/sites\/45\/2015\/09\/Moteros-de-Hoy-Polic\u00eda-Local-02-150x150.jpg\" class=\"attachment-thumbnail size-thumbnail\" alt=\"\" loading=\"lazy\" \/><\/a>\n\t\t\t<\/dt><\/dl><br style=\"clear: both\" \/><dl class='gallery-item'>\n\t\t\t<dt class='gallery-icon landscape'>\n\t\t\t\t<a href=\"https:\/\/static-blogs.hoy.es\/wp-content\/uploads\/sites\/45\/2015\/09\/Moteros-de-Hoy-Polic\u00eda-Local-03.jpg\"><img width=\"150\" height=\"150\" src=\"https:\/\/static-blogs.hoy.es\/wp-content\/uploads\/sites\/45\/2015\/09\/Moteros-de-Hoy-Polic\u00eda-Local-03-150x150.jpg\" class=\"attachment-thumbnail size-thumbnail\" alt=\"\" loading=\"lazy\" \/><\/a>\n\t\t\t<\/dt><\/dl><dl class='gallery-item'>\n\t\t\t<dt class='gallery-icon landscape'>\n\t\t\t\t<a href=\"https:\/\/static-blogs.hoy.es\/wp-content\/uploads\/sites\/45\/2015\/09\/Moteros-de-Hoy-Polic\u00eda-Local-04.jpg\"><img width=\"150\" height=\"150\" src=\"https:\/\/static-blogs.hoy.es\/wp-content\/uploads\/sites\/45\/2015\/09\/Moteros-de-Hoy-Polic\u00eda-Local-04-150x150.jpg\" class=\"attachment-thumbnail size-thumbnail\" alt=\"\" loading=\"lazy\" \/><\/a>\n\t\t\t<\/dt><\/dl><dl class='gallery-item'>\n\t\t\t<dt class='gallery-icon landscape'>\n\t\t\t\t<a href=\"https:\/\/static-blogs.hoy.es\/wp-content\/uploads\/sites\/45\/2015\/09\/Moteros-de-Hoy-Polic\u00eda-Local-05.jpg\"><img width=\"150\" height=\"150\" src=\"https:\/\/static-blogs.hoy.es\/wp-content\/uploads\/sites\/45\/2015\/09\/Moteros-de-Hoy-Polic\u00eda-Local-05-150x150.jpg\" class=\"attachment-thumbnail size-thumbnail\" alt=\"\" loading=\"lazy\" \/><\/a>\n\t\t\t<\/dt><\/dl><br style=\"clear: both\" \/><dl class='gallery-item'>\n\t\t\t<dt class='gallery-icon landscape'>\n\t\t\t\t<a href=\"https:\/\/static-blogs.hoy.es\/wp-content\/uploads\/sites\/45\/2015\/09\/Moteros-de-Hoy-Polic\u00eda-Local-07.jpg\"><img width=\"150\" height=\"150\" src=\"https:\/\/static-blogs.hoy.es\/wp-content\/uploads\/sites\/45\/2015\/09\/Moteros-de-Hoy-Polic\u00eda-Local-07-150x150.jpg\" class=\"attachment-thumbnail size-thumbnail\" alt=\"\" loading=\"lazy\" \/><\/a>\n\t\t\t<\/dt><\/dl><dl class='gallery-item'>\n\t\t\t<dt class='gallery-icon landscape'>\n\t\t\t\t<a href=\"https:\/\/static-blogs.hoy.es\/wp-content\/uploads\/sites\/45\/2015\/09\/Moteros-de-Hoy-Polic\u00eda-Local-09.jpg\"><img width=\"150\" height=\"150\" src=\"https:\/\/static-blogs.hoy.es\/wp-content\/uploads\/sites\/45\/2015\/09\/Moteros-de-Hoy-Polic\u00eda-Local-09-150x150.jpg\" class=\"attachment-thumbnail size-thumbnail\" alt=\"\" loading=\"lazy\" \/><\/a>\n\t\t\t<\/dt><\/dl><dl class='gallery-item'>\n\t\t\t<dt class='gallery-icon portrait'>\n\t\t\t\t<a href=\"https:\/\/static-blogs.hoy.es\/wp-content\/uploads\/sites\/45\/2015\/09\/Moteros-de-Hoy-Polic\u00eda-Local-10.jpg\"><img width=\"150\" height=\"150\" src=\"https:\/\/static-blogs.hoy.es\/wp-content\/uploads\/sites\/45\/2015\/09\/Moteros-de-Hoy-Polic\u00eda-Local-10-150x150.jpg\" class=\"attachment-thumbnail size-thumbnail\" alt=\"\" loading=\"lazy\" \/><\/a>\n\t\t\t<\/dt><\/dl><br style=\"clear: both\" \/><dl class='gallery-item'>\n\t\t\t<dt class='gallery-icon portrait'>\n\t\t\t\t<a href=\"https:\/\/static-blogs.hoy.es\/wp-content\/uploads\/sites\/45\/2015\/09\/Moteros-de-Hoy-Polic\u00eda-Local-11.jpg\"><img width=\"150\" height=\"150\" src=\"https:\/\/static-blogs.hoy.es\/wp-content\/uploads\/sites\/45\/2015\/09\/Moteros-de-Hoy-Polic\u00eda-Local-11-150x150.jpg\" class=\"attachment-thumbnail size-thumbnail\" alt=\"\" loading=\"lazy\" \/><\/a>\n\t\t\t<\/dt><\/dl><dl class='gallery-item'>\n\t\t\t<dt class='gallery-icon landscape'>\n\t\t\t\t<a href=\"https:\/\/static-blogs.hoy.es\/wp-content\/uploads\/sites\/45\/2015\/09\/Moteros-de-Hoy-Polic\u00eda-Local-12.jpg\"><img width=\"150\" height=\"150\" src=\"https:\/\/static-blogs.hoy.es\/wp-content\/uploads\/sites\/45\/2015\/09\/Moteros-de-Hoy-Polic\u00eda-Local-12-150x150.jpg\" class=\"attachment-thumbnail size-thumbnail\" alt=\"\" loading=\"lazy\" \/><\/a>\n\t\t\t<\/dt><\/dl><dl class='gallery-item'>\n\t\t\t<dt class='gallery-icon landscape'>\n\t\t\t\t<a href=\"https:\/\/static-blogs.hoy.es\/wp-content\/uploads\/sites\/45\/2015\/09\/Moteros-de-Hoy-Polic\u00eda-Local-13.jpg\"><img width=\"150\" height=\"150\" src=\"https:\/\/static-blogs.hoy.es\/wp-content\/uploads\/sites\/45\/2015\/09\/Moteros-de-Hoy-Polic\u00eda-Local-13-150x150.jpg\" class=\"attachment-thumbnail size-thumbnail\" alt=\"\" loading=\"lazy\" \/><\/a>\n\t\t\t<\/dt><\/dl><br style=\"clear: both\" \/>\n\t\t<\/div>\n\n<p>Saludos y r\u00e1fagas.<\/p>\n<p>&nbsp;<\/p>\n<!-- AddThis Advanced Settings generic via filter on the_content --><!-- AddThis Share Buttons generic via filter on the_content -->","protected":false},"excerpt":{"rendered":"<p>El Cuerpo de la Polic\u00eda Local de Badajoz se encuentra de fiestas por su patrona la &#8220;Virgen de la Soledad&#8221;, y para ello, se ha unido en el paseo de San Francisco de Badajoz, a los otros cuerpos policiales de la ciudad, Guardia Civil y CNP, Cuerpo Nacional de Polic\u00eda, donde hoy domingo d\u00eda 13 [&hellip;]<!-- AddThis Advanced Settings generic via filter on get_the_excerpt --><!-- AddThis Share Buttons generic via filter on get_the_excerpt --><\/p>\n","protected":false},"author":49,"featured_media":1681,"comment_status":"open","ping_status":"closed","sticky":false,"template":"","format":"standard","meta":[],"categories":[13],"tags":[322,622,708,756,790],"_links":{"self":[{"href":"https:\/\/blogs.hoy.es\/moterosdehoy\/wp-json\/wp\/v2\/posts\/1680"}],"collection":[{"href":"https:\/\/blogs.hoy.es\/moterosdehoy\/wp-json\/wp\/v2\/posts"}],"about":[{"href":"https:\/\/blogs.hoy.es\/moterosdehoy\/wp-json\/wp\/v2\/types\/post"}],"author":[{"embeddable":true,"href":"https:\/\/blogs.hoy.es\/moterosdehoy\/wp-json\/wp\/v2\/users\/49"}],"replies":[{"embeddable":true,"href":"https:\/\/blogs.hoy.es\/moterosdehoy\/wp-json\/wp\/v2\/comments?post=1680"}],"version-history":[{"count":0,"href":"https:\/\/blogs.hoy.es\/moterosdehoy\/wp-json\/wp\/v2\/posts\/1680\/revisions"}],"wp:featuredmedia":[{"embeddable":true,"href":"https:\/\/blogs.hoy.es\/moterosdehoy\/wp-json\/wp\/v2\/media\/1681"}],"wp:attachment":[{"href":"https:\/\/blogs.hoy.es\/moterosdehoy\/wp-json\/wp\/v2\/media?parent=1680"}],"wp:term":[{"taxonomy":"category","embeddable":true,"href":"https:\/\/blogs.hoy.es\/moterosdehoy\/wp-json\/wp\/v2\/categories?post=1680"},{"taxonomy":"post_tag","embeddable":true,"href":"https:\/\/blogs.hoy.es\/moterosdehoy\/wp-json\/wp\/v2\/tags?post=1680"}],"curies":[{"name":"wp","href":"https:\/\/api.w.org\/{rel}","templated":true}]}}