{"id":1695,"date":"2015-09-14T15:02:19","date_gmt":"2015-09-14T15:02:19","guid":{"rendered":"http:\/\/blogs.hoy.es\/moterosdehoy\/?p=1695"},"modified":"2015-09-14T15:02:19","modified_gmt":"2015-09-14T15:02:19","slug":"ii-encuentro-de-coches-y-motos-clasicas-en-oliva","status":"publish","type":"post","link":"https:\/\/blogs.hoy.es\/moterosdehoy\/2015\/09\/14\/ii-encuentro-de-coches-y-motos-clasicas-en-oliva\/","title":{"rendered":"II Encuentro de coches y motos cl\u00e1sicas en Oliva"},"content":{"rendered":"<p>El pr\u00f3ximo <strong>domingo d\u00eda 20 de septiembre<\/strong>, tendr\u00e1 lugar el segundo <strong>encuentro de veh\u00edculos cl\u00e1sicos<\/strong>, tanto coches como motos, en la localidad de <strong><a title=\"P\u00e1gina oficial del Ayuntamiento de Oliva de la Frontera\" href=\"http:\/\/olivafrontera.com\/\" target=\"_blank\" rel=\"external nofollow\">Oliva de la Frontera<\/a><\/strong> (Badajoz).<\/p>\n<p><a href=\"\/moterosdehoy\/wp-content\/uploads\/sites\/45\/2015\/09\/a7242cdd56c9f98115fe3938a8a4f495.jpg\"><img loading=\"lazy\" class=\"alignleft size-medium wp-image-1696\" title=\"Cl\u00e1sicos en Oliva de la Frontera\" src=\"\/moterosdehoy\/wp-content\/uploads\/sites\/45\/2015\/09\/a7242cdd56c9f98115fe3938a8a4f495.jpg\" alt=\"\" width=\"225\" height=\"300\" srcset=\"https:\/\/static-blogs.hoy.es\/wp-content\/uploads\/sites\/45\/2015\/09\/a7242cdd56c9f98115fe3938a8a4f495.jpg 1200w, https:\/\/static-blogs.hoy.es\/wp-content\/uploads\/sites\/45\/2015\/09\/a7242cdd56c9f98115fe3938a8a4f495-225x300.jpg 225w, https:\/\/static-blogs.hoy.es\/wp-content\/uploads\/sites\/45\/2015\/09\/a7242cdd56c9f98115fe3938a8a4f495-768x1024.jpg 768w\" sizes=\"(max-width: 225px) 100vw, 225px\" \/><\/a>El a\u00f1o pasado fue el primer encuentro y estuvo muy alto el nivel. Los ganadores fueron una motocicleta Harley Davidson de 1927, y en la categor\u00eda coche cl\u00e1sico un Ford de 1929. Adem\u00e1s hubieron muchos inscritos.<\/p>\n<p>Para la edici\u00f3n de \u00e9ste a\u00f1o esperan cerca de cien veh\u00edculos inscritos, lo que atraer\u00e1 a numeroso p\u00fablico. Adem\u00e1s la localidad se encuentra en fiestas y el encuentro ser\u00e1 otro tono m\u00e1s de color.<\/p>\n<p>Habr\u00e1n dos tipos de <strong>inscripciones<\/strong> una de <strong>15\u20ac<\/strong>, para conductor y veh\u00edculo, y otra de<strong> 5\u20ac<\/strong> para acompa\u00f1antes. Pudi\u00e9ndose sacar dichas inscripciones desde las 9 horas del mismo domingo d\u00eda 20 en la caseta municipal.<\/p>\n<p>Para los inscritos habr\u00e1 migas extreme\u00f1as, comida, y degustaci\u00f3n de jam\u00f3n y chorizo extreme\u00f1o. Adem\u00e1s de tapas y refrescos durante el recorrido, que ser\u00e1 de una longitud aproximada de 40 kil\u00f3metros, con hora de salida sobre las 11:30.<\/p>\n<p>Despu\u00e9s de la ruta y tras efectuar la comida habr\u00e1 entrega de trofeos y regalos, adem\u00e1s de tener verbena para amenizar la tarde.<\/p>\n<p>Si quer\u00e9is ver fotos de la <a title=\"Encuentro del 2014\" href=\"https:\/\/blogs.hoy.es\/moterosdehoy\/2014\/09\/23\/fotos-del-encuentro-de-clasicos-en-oliva-de-la-frontera\/\" target=\"_blank\">edici\u00f3n del a\u00f1o pasado clic aqu\u00ed<\/a>.<\/p>\n<p>Saludos y r\u00e1fagas.<\/p>\n<!-- AddThis Advanced Settings generic via filter on the_content --><!-- AddThis Share Buttons generic via filter on the_content -->","protected":false},"excerpt":{"rendered":"<p>El pr\u00f3ximo domingo d\u00eda 20 de septiembre, tendr\u00e1 lugar el segundo encuentro de veh\u00edculos cl\u00e1sicos, tanto coches como motos, en la localidad de Oliva de la Frontera (Badajoz). El a\u00f1o pasado fue el primer encuentro y estuvo muy alto el nivel. Los ganadores fueron una motocicleta Harley Davidson de 1927, y en la categor\u00eda coche [&hellip;]<!-- AddThis Advanced Settings generic via filter on get_the_excerpt --><!-- AddThis Share Buttons generic via filter on get_the_excerpt --><\/p>\n","protected":false},"author":49,"featured_media":0,"comment_status":"open","ping_status":"closed","sticky":false,"template":"","format":"standard","meta":[],"categories":[13],"tags":[174,482,622,745],"_links":{"self":[{"href":"https:\/\/blogs.hoy.es\/moterosdehoy\/wp-json\/wp\/v2\/posts\/1695"}],"collection":[{"href":"https:\/\/blogs.hoy.es\/moterosdehoy\/wp-json\/wp\/v2\/posts"}],"about":[{"href":"https:\/\/blogs.hoy.es\/moterosdehoy\/wp-json\/wp\/v2\/types\/post"}],"author":[{"embeddable":true,"href":"https:\/\/blogs.hoy.es\/moterosdehoy\/wp-json\/wp\/v2\/users\/49"}],"replies":[{"embeddable":true,"href":"https:\/\/blogs.hoy.es\/moterosdehoy\/wp-json\/wp\/v2\/comments?post=1695"}],"version-history":[{"count":0,"href":"https:\/\/blogs.hoy.es\/moterosdehoy\/wp-json\/wp\/v2\/posts\/1695\/revisions"}],"wp:attachment":[{"href":"https:\/\/blogs.hoy.es\/moterosdehoy\/wp-json\/wp\/v2\/media?parent=1695"}],"wp:term":[{"taxonomy":"category","embeddable":true,"href":"https:\/\/blogs.hoy.es\/moterosdehoy\/wp-json\/wp\/v2\/categories?post=1695"},{"taxonomy":"post_tag","embeddable":true,"href":"https:\/\/blogs.hoy.es\/moterosdehoy\/wp-json\/wp\/v2\/tags?post=1695"}],"curies":[{"name":"wp","href":"https:\/\/api.w.org\/{rel}","templated":true}]}}