{"id":1698,"date":"2015-09-15T09:24:56","date_gmt":"2015-09-15T09:24:56","guid":{"rendered":"http:\/\/blogs.hoy.es\/moterosdehoy\/?p=1698"},"modified":"2015-09-15T09:24:56","modified_gmt":"2015-09-15T09:24:56","slug":"i-quedada-motos-y-quads-en-fuenlabrada-de-los-montes","status":"publish","type":"post","link":"https:\/\/blogs.hoy.es\/moterosdehoy\/2015\/09\/15\/i-quedada-motos-y-quads-en-fuenlabrada-de-los-montes\/","title":{"rendered":"I quedada motos y quads en Fuenlabrada de los Montes"},"content":{"rendered":"<p>El pr\u00f3ximo s\u00e1bado d\u00eda <strong>19 de septiembre<\/strong> la localidad de <a title=\"P\u00e1gina oficial de Fuenlabrada de los Montes\" href=\"http:\/\/www.igneox.com\/fuenlabrada\/\" target=\"_blank\" rel=\"external nofollow\">Fuenlabrada de los Montes<\/a> (Badajoz) tendr\u00e1 su <strong>primer encuentro de motos y quads<\/strong>.<\/p>\n<p><a href=\"\/moterosdehoy\/wp-content\/uploads\/sites\/45\/2015\/09\/2015-septiembre-Fuenlabrada-de-los-Montes.jpg\"><img loading=\"lazy\" class=\"alignleft size-medium wp-image-1699\" title=\"2015 septiembre Fuenlabrada de los Montes\" src=\"\/moterosdehoy\/wp-content\/uploads\/sites\/45\/2015\/09\/2015-septiembre-Fuenlabrada-de-los-Montes.jpg\" alt=\"\" width=\"168\" height=\"300\" \/><\/a>En la localidad hay mucha afici\u00f3n a los veh\u00edculos quads dado que est\u00e1 rodeada de sierras, terreno ideal para \u00e9stos veh\u00edculos, y se han animado a realizar una quedada motera. Para ello tienen el apoyo del motoclub El Ciervo Alado, Deliada Club, de Herrera del Duque, por lo que con su colaboraci\u00f3n, y organizaci\u00f3n por parte del propio Ayuntamiento de Fuenlabrada tienen asegurada una buena fiesta.<\/p>\n<p>El nombre que le han puesto a la quedada &#8220;El Aguij\u00f3n&#8221; est\u00e1 claro de donde proviene, gran parte de la localidad obtiene sus ingresos de la <a title=\"Apicultura en wikipedia\" href=\"https:\/\/es.wikipedia.org\/wiki\/Apicultura\" target=\"_blank\" rel=\"external nofollow\">apicultura<\/a>.<\/p>\n<p>En muchas quedadas y concentraciones se ven veh\u00edculos quads en medio de las motocicletas y no suele gustar mucho, pero cuando se organizan quedadas con ambos veh\u00edculos juntos, hay que estar juntos pero no revueltos, y \u00e9ste es el caso. Habr\u00e1n dos rutas, una para quads y motos de campo, y otra para motos de carretera. En el cartel est\u00e1n disponibles ambas rutas, as\u00ed que todo el personal estar\u00e1 contento.<\/p>\n<p>Una buena opci\u00f3n para conocer esa preciosa zona, con buenas curvas y preciosas vistas.<\/p>\n<p>Saludos y r\u00e1fagas.<\/p>\n<!-- AddThis Advanced Settings generic via filter on the_content --><!-- AddThis Share Buttons generic via filter on the_content -->","protected":false},"excerpt":{"rendered":"<p>El pr\u00f3ximo s\u00e1bado d\u00eda 19 de septiembre la localidad de Fuenlabrada de los Montes (Badajoz) tendr\u00e1 su primer encuentro de motos y quads. En la localidad hay mucha afici\u00f3n a los veh\u00edculos quads dado que est\u00e1 rodeada de sierras, terreno ideal para \u00e9stos veh\u00edculos, y se han animado a realizar una quedada motera. Para ello [&hellip;]<!-- AddThis Advanced Settings generic via filter on get_the_excerpt --><!-- AddThis Share Buttons generic via filter on get_the_excerpt --><\/p>\n","protected":false},"author":49,"featured_media":0,"comment_status":"open","ping_status":"closed","sticky":false,"template":"","format":"standard","meta":[],"categories":[13],"tags":[613,622,624,826],"_links":{"self":[{"href":"https:\/\/blogs.hoy.es\/moterosdehoy\/wp-json\/wp\/v2\/posts\/1698"}],"collection":[{"href":"https:\/\/blogs.hoy.es\/moterosdehoy\/wp-json\/wp\/v2\/posts"}],"about":[{"href":"https:\/\/blogs.hoy.es\/moterosdehoy\/wp-json\/wp\/v2\/types\/post"}],"author":[{"embeddable":true,"href":"https:\/\/blogs.hoy.es\/moterosdehoy\/wp-json\/wp\/v2\/users\/49"}],"replies":[{"embeddable":true,"href":"https:\/\/blogs.hoy.es\/moterosdehoy\/wp-json\/wp\/v2\/comments?post=1698"}],"version-history":[{"count":0,"href":"https:\/\/blogs.hoy.es\/moterosdehoy\/wp-json\/wp\/v2\/posts\/1698\/revisions"}],"wp:attachment":[{"href":"https:\/\/blogs.hoy.es\/moterosdehoy\/wp-json\/wp\/v2\/media?parent=1698"}],"wp:term":[{"taxonomy":"category","embeddable":true,"href":"https:\/\/blogs.hoy.es\/moterosdehoy\/wp-json\/wp\/v2\/categories?post=1698"},{"taxonomy":"post_tag","embeddable":true,"href":"https:\/\/blogs.hoy.es\/moterosdehoy\/wp-json\/wp\/v2\/tags?post=1698"}],"curies":[{"name":"wp","href":"https:\/\/api.w.org\/{rel}","templated":true}]}}