{"id":1701,"date":"2015-09-15T11:15:12","date_gmt":"2015-09-15T11:15:12","guid":{"rendered":"http:\/\/blogs.hoy.es\/moterosdehoy\/?p=1701"},"modified":"2015-09-15T11:15:12","modified_gmt":"2015-09-15T11:15:12","slug":"v-concentracion-de-motos-buey-a-110","status":"publish","type":"post","link":"https:\/\/blogs.hoy.es\/moterosdehoy\/2015\/09\/15\/v-concentracion-de-motos-buey-a-110\/","title":{"rendered":"V Concentraci\u00f3n de motos Buey a 110"},"content":{"rendered":"<p>Para \u00e9ste fin de semana, d\u00edas 19 y 20 de septiembre la pe\u00f1a motera &#8220;Buey a 110&#8221; nos ha preparado su quinta concentraci\u00f3n de motos en su localidad, <a title=\"Cabeza del Buey en wikipedia\" href=\"https:\/\/es.wikipedia.org\/wiki\/Cabeza_del_Buey\" target=\"_blank\" rel=\"external nofollow\">Cabeza del Buey<\/a> (Badajoz).<\/p>\n<p><a href=\"\/moterosdehoy\/wp-content\/uploads\/sites\/45\/2015\/09\/2015-septiembre-Cabeza-del-Buey.jpg\"><img loading=\"lazy\" class=\"alignleft size-medium wp-image-1702\" title=\"2015 septiembre Cabeza del Buey\" src=\"\/moterosdehoy\/wp-content\/uploads\/sites\/45\/2015\/09\/2015-septiembre-Cabeza-del-Buey.jpg\" alt=\"\" width=\"180\" height=\"300\" srcset=\"https:\/\/static-blogs.hoy.es\/wp-content\/uploads\/sites\/45\/2015\/09\/2015-septiembre-Cabeza-del-Buey.jpg 576w, https:\/\/static-blogs.hoy.es\/wp-content\/uploads\/sites\/45\/2015\/09\/2015-septiembre-Cabeza-del-Buey-180x300.jpg 180w\" sizes=\"(max-width: 180px) 100vw, 180px\" \/><\/a>Como ellos mismos dicen: Una cita anual para todos los p\u00fablicos y sobre todo para los amantes de las dos ruedas.<\/p>\n<p><strong>Dentro del programa nos tienen preparado:<\/strong><\/p>\n<p><strong>S\u00e1bado d\u00eda 19:<\/strong><\/p>\n<p>18:00h. Apertura de inscripciones.<br \/>\n19:30h. Exibici\u00f3n de BIKE TRIAL a cargo de Jos\u00e9 Gutierrez.<br \/>\n21:30 Procesi\u00f3n de antorchas, donde se realizar\u00e1 un homenaje a uno de sus socios, Mario Mu\u00f1oz (Cartu).<br \/>\n22:30 Cena.<br \/>\nA partir de las 23:30h. Concierto de la Cover Band IN ROCK y mucha marcha hasta que el cuerpo aguante.<\/p>\n<p><strong>Domingo d\u00eda 20:<\/strong><\/p>\n<p>Apertura de inscripciones y desayunos a partir de las 10:30h.<br \/>\n11:30 Salida de la <strong>ruta por la Serena<\/strong> con aperitivo en ruta.<br \/>\n13:30 Exhibici\u00f3n de acrobacia en moto por LUIS NINO.<br \/>\n15:00 Comida en el Santuario de Bel\u00e9n, con entrega de premios y regalos.<\/p>\n<p>Buey 110, ha creado un <a title=\"Evento V concentraci\u00f3n de motos Buey a 110\" href=\"https:\/\/www.facebook.com\/events\/425086771008403\/\" target=\"_blank\" rel=\"external nofollow\">evento en facebook<\/a> donde ten\u00e9is disponibles tel\u00e9fonos de contacto para m\u00e1s informaci\u00f3n o reservar zona de acampada o lugar en el alberque. Para acceder al evento solo haz clic en el enlace.<\/p>\n<p>El lugar de encuentro es en La Nave del silo (lugar de costumbre).<\/p>\n<p>Para \u00e9sta ocasi\u00f3n habr\u00e1 dos tipos de <strong>inscripciones<\/strong>, una de<strong> 10 euros<\/strong> para un s\u00f3lo d\u00eda y otra de <strong>15 euros los dos d\u00edas<\/strong>.<\/p>\n<p>La fiesta motera est\u00e1 garantizada, p\u00e1sate y disfruta de un buen fin de semana.<\/p>\n<p>Saludos y r\u00e1fagas.<\/p>\n<!-- AddThis Advanced Settings generic via filter on the_content --><!-- AddThis Share Buttons generic via filter on the_content -->","protected":false},"excerpt":{"rendered":"<p>Para \u00e9ste fin de semana, d\u00edas 19 y 20 de septiembre la pe\u00f1a motera &#8220;Buey a 110&#8221; nos ha preparado su quinta concentraci\u00f3n de motos en su localidad, Cabeza del Buey (Badajoz). Como ellos mismos dicen: Una cita anual para todos los p\u00fablicos y sobre todo para los amantes de las dos ruedas. Dentro del [&hellip;]<!-- AddThis Advanced Settings generic via filter on get_the_excerpt --><!-- AddThis Share Buttons generic via filter on get_the_excerpt --><\/p>\n","protected":false},"author":49,"featured_media":0,"comment_status":"open","ping_status":"closed","sticky":false,"template":"","format":"standard","meta":[],"categories":[13],"tags":[119,611,622,624,967],"_links":{"self":[{"href":"https:\/\/blogs.hoy.es\/moterosdehoy\/wp-json\/wp\/v2\/posts\/1701"}],"collection":[{"href":"https:\/\/blogs.hoy.es\/moterosdehoy\/wp-json\/wp\/v2\/posts"}],"about":[{"href":"https:\/\/blogs.hoy.es\/moterosdehoy\/wp-json\/wp\/v2\/types\/post"}],"author":[{"embeddable":true,"href":"https:\/\/blogs.hoy.es\/moterosdehoy\/wp-json\/wp\/v2\/users\/49"}],"replies":[{"embeddable":true,"href":"https:\/\/blogs.hoy.es\/moterosdehoy\/wp-json\/wp\/v2\/comments?post=1701"}],"version-history":[{"count":0,"href":"https:\/\/blogs.hoy.es\/moterosdehoy\/wp-json\/wp\/v2\/posts\/1701\/revisions"}],"wp:attachment":[{"href":"https:\/\/blogs.hoy.es\/moterosdehoy\/wp-json\/wp\/v2\/media?parent=1701"}],"wp:term":[{"taxonomy":"category","embeddable":true,"href":"https:\/\/blogs.hoy.es\/moterosdehoy\/wp-json\/wp\/v2\/categories?post=1701"},{"taxonomy":"post_tag","embeddable":true,"href":"https:\/\/blogs.hoy.es\/moterosdehoy\/wp-json\/wp\/v2\/tags?post=1701"}],"curies":[{"name":"wp","href":"https:\/\/api.w.org\/{rel}","templated":true}]}}