{"id":1704,"date":"2015-09-23T07:41:12","date_gmt":"2015-09-23T07:41:12","guid":{"rendered":"http:\/\/blogs.hoy.es\/moterosdehoy\/?p=1704"},"modified":"2015-09-23T07:41:12","modified_gmt":"2015-09-23T07:41:12","slug":"transcurso-de-buitres-leonaos-2015","status":"publish","type":"post","link":"https:\/\/blogs.hoy.es\/moterosdehoy\/2015\/09\/23\/transcurso-de-buitres-leonaos-2015\/","title":{"rendered":"Transcurso de Buitres Leonaos 2015"},"content":{"rendered":"<p>El fin de semana del 18 al 20 de septiembre hemos tenido la <a title=\"IX Concentraci\u00f3n Motera Internacional Buitres Leonaos\" href=\"https:\/\/blogs.hoy.es\/moterosdehoy\/2015\/09\/11\/ix-concentracion-de-motos-buitres-leonaos\/\" target=\"_blank\">IX Concentraci\u00f3n Motera Internacional Buitres Leonaos<\/a>, en <a title=\"C\u00e1ceres en wikipedia\" href=\"https:\/\/es.wikipedia.org\/wiki\/C%C3%A1ceres\" target=\"_blank\" rel=\"external nofollow\">C\u00e1ceres<\/a>.<\/p>\n<p><a href=\"\/moterosdehoy\/wp-content\/uploads\/sites\/45\/2015\/09\/Buitres-Leonaos-2015.jpg\"><img loading=\"lazy\" class=\"alignleft size-medium wp-image-1705\" title=\"Buitres Leonaos 2015\" src=\"\/moterosdehoy\/wp-content\/uploads\/sites\/45\/2015\/09\/Buitres-Leonaos-2015.jpg\" alt=\"\" width=\"300\" height=\"225\" srcset=\"https:\/\/static-blogs.hoy.es\/wp-content\/uploads\/sites\/45\/2015\/09\/Buitres-Leonaos-2015.jpg 960w, https:\/\/static-blogs.hoy.es\/wp-content\/uploads\/sites\/45\/2015\/09\/Buitres-Leonaos-2015-300x225.jpg 300w, https:\/\/static-blogs.hoy.es\/wp-content\/uploads\/sites\/45\/2015\/09\/Buitres-Leonaos-2015-768x576.jpg 768w\" sizes=\"(max-width: 300px) 100vw, 300px\" \/><\/a>Ha sido una vez m\u00e1s una demostraci\u00f3n de como ha de ser una concentraci\u00f3n motera, con buen rollo, sin problemas, buena m\u00fasica, muchos refrescos y por supuesto buena acogida para todos, independientemente de que seas un free biker, motero que rueda por libre, o pertenezcas a alg\u00fan club, bien sea grande o peque\u00f1o.<\/p>\n<p>Durante el viernes, bienvenida al personal y conciertos por la noche.<\/p>\n<p>En la ma\u00f1ana del s\u00e1bado hubo una ruta por ciudad, durante ella se visit\u00f3 una exposici\u00f3n del Ejercito de Tierra y Aire, adem\u00e1s de la Guardia Civil. Hay que decir que el recorrido por ciudad estuvo muy bien estructurado, recorriendo muchas zonas y encabezados por la Polic\u00eda Local, que gracias a su labor y la ayuda de los <a title=\"P\u00e1gina oficial de Buitres Leonaos\" href=\"http:\/\/buitresleonaos.com\/\" target=\"_blank\" rel=\"external nofollow\">Buitres Leonaos<\/a> pudo circular todo el grupo de motos unido, y eso que hab\u00edan motos, muchas motos se super\u00f3 holgadamente el medio millar. Por la tarde juegos moteros, m\u00fasica y muchas fiesta.<\/p>\n<p>Para el domingo, a\u00fan m\u00e1s motos, ten\u00edan preparada una ruta por carretera a Ca\u00f1averal. De nuevo paseo por ciudad y luego por la nacional antigua hasta Ca\u00f1averal, algunas curvitas y buen ritmo. Ya en Ca\u00f1averal nos ten\u00edan preparada en la plaza una parada con refrigerio, y para finalizar regreso a la concentraci\u00f3n. Sorteos, entrega de premios, comida y despedida hasta el a\u00f1o que viene.<\/p>\n<p>El a\u00f1o que viene ser\u00e1 la edici\u00f3n n\u00famero diez, por lo que es de esperar que haya algo especial, aunque ser\u00e1 muy dif\u00edcil superar a la edici\u00f3n de \u00e9ste a\u00f1o, pues estuvo muy bien y tuvo su record de inscritos, superando las mil inscripciones, que unido a que la entrada al recinto es libre hizo que sobre todo la noche del s\u00e1bado acudieran muchos curiosos a compartir un rato con los moteros y ver los conciertos.<\/p>\n<div id=\"attachment_1706\" style=\"width: 310px\" class=\"wp-caption alignright\"><a href=\"\/moterosdehoy\/wp-content\/uploads\/sites\/45\/2015\/09\/Libro-Buitres-Leonaos.jpg\"><img aria-describedby=\"caption-attachment-1706\" loading=\"lazy\" class=\"size-medium wp-image-1706\" title=\"Libro Buitres Leonaos\" src=\"\/moterosdehoy\/wp-content\/uploads\/sites\/45\/2015\/09\/Libro-Buitres-Leonaos.jpg\" alt=\"\" width=\"300\" height=\"225\" srcset=\"https:\/\/static-blogs.hoy.es\/wp-content\/uploads\/sites\/45\/2015\/09\/Libro-Buitres-Leonaos.jpg 3264w, https:\/\/static-blogs.hoy.es\/wp-content\/uploads\/sites\/45\/2015\/09\/Libro-Buitres-Leonaos-300x225.jpg 300w, https:\/\/static-blogs.hoy.es\/wp-content\/uploads\/sites\/45\/2015\/09\/Libro-Buitres-Leonaos-768x576.jpg 768w, https:\/\/static-blogs.hoy.es\/wp-content\/uploads\/sites\/45\/2015\/09\/Libro-Buitres-Leonaos-1024x768.jpg 1024w\" sizes=\"(max-width: 300px) 100vw, 300px\" \/><\/a><p id=\"caption-attachment-1706\" class=\"wp-caption-text\">Kasti su escritora (en el centro), con Caipi y Moteros de Hoy<\/p><\/div>\n<p>Hay que a\u00f1adir que en la edici\u00f3n de \u00e9ste a\u00f1o ten\u00edan un libro, que bajo el t\u00edtulo &#8220;Buitres Leonaos. La moto como estilo de vida&#8221; y escrito por su amiga y periodista Kasti Gasc\u00eda S\u00e1nchez, muestra parte de la historia de un Club Motero, que tal y como cierra el libro <em>&#8220;&#8230; un club motero, que no sin esfuerzo consigui\u00f3 partir de la nada \u00a0y alcanzar las m\u00e1s altas cimas de un estilo de vida en el cual no es f\u00e1cil hacerse un hueco.&#8221;<\/em><\/p>\n<p>Pero como una imagen vale m\u00e1s que mil palabras os dejo un <strong><a title=\"V\u00eddeo de los Buitres Leonaos 2015\" href=\"https:\/\/youtu.be\/dKdwyepz3IA\" target=\"_blank\" rel=\"external nofollow\">V\u00cdDEO DEL TRANSCURSO<\/a><\/strong>.<\/p>\n<p>Saludos y r\u00e1fagas.<\/p>\n<!-- AddThis Advanced Settings generic via filter on the_content --><!-- AddThis Share Buttons generic via filter on the_content -->","protected":false},"excerpt":{"rendered":"<p>El fin de semana del 18 al 20 de septiembre hemos tenido la IX Concentraci\u00f3n Motera Internacional Buitres Leonaos, en C\u00e1ceres. Ha sido una vez m\u00e1s una demostraci\u00f3n de como ha de ser una concentraci\u00f3n motera, con buen rollo, sin problemas, buena m\u00fasica, muchos refrescos y por supuesto buena acogida para todos, independientemente de que [&hellip;]<!-- AddThis Advanced Settings generic via filter on get_the_excerpt --><!-- AddThis Share Buttons generic via filter on get_the_excerpt --><\/p>\n","protected":false},"author":49,"featured_media":0,"comment_status":"open","ping_status":"closed","sticky":false,"template":"","format":"standard","meta":[],"categories":[13],"tags":[536,571,611,613,622,624,681,942],"_links":{"self":[{"href":"https:\/\/blogs.hoy.es\/moterosdehoy\/wp-json\/wp\/v2\/posts\/1704"}],"collection":[{"href":"https:\/\/blogs.hoy.es\/moterosdehoy\/wp-json\/wp\/v2\/posts"}],"about":[{"href":"https:\/\/blogs.hoy.es\/moterosdehoy\/wp-json\/wp\/v2\/types\/post"}],"author":[{"embeddable":true,"href":"https:\/\/blogs.hoy.es\/moterosdehoy\/wp-json\/wp\/v2\/users\/49"}],"replies":[{"embeddable":true,"href":"https:\/\/blogs.hoy.es\/moterosdehoy\/wp-json\/wp\/v2\/comments?post=1704"}],"version-history":[{"count":0,"href":"https:\/\/blogs.hoy.es\/moterosdehoy\/wp-json\/wp\/v2\/posts\/1704\/revisions"}],"wp:attachment":[{"href":"https:\/\/blogs.hoy.es\/moterosdehoy\/wp-json\/wp\/v2\/media?parent=1704"}],"wp:term":[{"taxonomy":"category","embeddable":true,"href":"https:\/\/blogs.hoy.es\/moterosdehoy\/wp-json\/wp\/v2\/categories?post=1704"},{"taxonomy":"post_tag","embeddable":true,"href":"https:\/\/blogs.hoy.es\/moterosdehoy\/wp-json\/wp\/v2\/tags?post=1704"}],"curies":[{"name":"wp","href":"https:\/\/api.w.org\/{rel}","templated":true}]}}