{"id":1708,"date":"2015-09-23T15:12:30","date_gmt":"2015-09-23T15:12:30","guid":{"rendered":"http:\/\/blogs.hoy.es\/moterosdehoy\/?p=1708"},"modified":"2015-09-23T15:12:30","modified_gmt":"2015-09-23T15:12:30","slug":"concentracion-motera-en-elvas-portugal","status":"publish","type":"post","link":"https:\/\/blogs.hoy.es\/moterosdehoy\/2015\/09\/23\/concentracion-motera-en-elvas-portugal\/","title":{"rendered":"Concentraci\u00f3n motera en Elvas &#8211; Portugal"},"content":{"rendered":"<p>Bajo el t\u00edtulo &#8220;We are back&#8221;, estamos de vuelta. El <a title=\"M. C. Alentejano en facebook\" href=\"https:\/\/www.facebook.com\/mcalentejano.barconcerto?fref=ts\" target=\"_blank\" rel=\"external nofollow\">Moto Clube Alentejano<\/a>, de <a title=\"Elvas en wikipedia\" href=\"https:\/\/es.wikipedia.org\/wiki\/Elvas\" target=\"_blank\" rel=\"external nofollow\">Elvas<\/a>, nos trae un buen fin de semana motero.<\/p>\n<p><a href=\"\/moterosdehoy\/wp-content\/uploads\/sites\/45\/2015\/09\/2015-octubre_Elvas.jpg\"><img loading=\"lazy\" class=\"alignleft size-medium wp-image-1709\" title=\"2015 octubre_Elvas\" src=\"\/moterosdehoy\/wp-content\/uploads\/sites\/45\/2015\/09\/2015-octubre_Elvas.jpg\" alt=\"\" width=\"200\" height=\"300\" srcset=\"https:\/\/static-blogs.hoy.es\/wp-content\/uploads\/sites\/45\/2015\/09\/2015-octubre_Elvas.jpg 640w, https:\/\/static-blogs.hoy.es\/wp-content\/uploads\/sites\/45\/2015\/09\/2015-octubre_Elvas-200x300.jpg 200w\" sizes=\"(max-width: 200px) 100vw, 200px\" \/><\/a>Tendr\u00e1 lugar el fin de semana <strong>del 2 al 4 de octubre<\/strong> y ya nos tienen preparado el <strong>programa:<\/strong><\/p>\n<p><span style=\"text-decoration: underline;\"><em><strong>Viernes d\u00eda 2:<\/strong><\/em><\/span><\/p>\n<p>19:00 h Apertura de inscripciones.<\/p>\n<p>00:00 h Concierto Fast Eddie Nelson.<\/p>\n<p>01:30 h Concierto Blackallica. Seguido de DJ hasta las 06:00 h que tendr\u00e1 lugar el cierre.<\/p>\n<p><span style=\"text-decoration: underline;\"><em><strong>S\u00e1bado d\u00eda 3:<\/strong><\/em><\/span><\/p>\n<p>17:00 h Bike Show (Prize Money). Seguido de animaciones durante la tarde.<\/p>\n<p>23:00 h Ceremonia de apertura.<\/p>\n<p>23:30 h Entrega de premios Bike Show.<\/p>\n<p>00:00 h Cocierto Blu Connection-<\/p>\n<p>01:30 h Show burlesco.<\/p>\n<p>02:00 h Concierto Rock&#8217;n&#8217;roll Station.<\/p>\n<p>03:30 h Show er\u00f3tico. Seguido de DJ residente hasta las 07:00 h que tendr\u00e1 lugar el cierre.<\/p>\n<p><span style=\"text-decoration: underline;\"><em><strong>Domingo d\u00eda 4:<\/strong><\/em><\/span><\/p>\n<p>15:00 h Barbacoa, o como dicen ellos <strong>CHURRASCO<\/strong>.<\/p>\n<div id=\"attachment_1710\" style=\"width: 190px\" class=\"wp-caption alignright\"><a href=\"\/moterosdehoy\/wp-content\/uploads\/sites\/45\/2015\/09\/Logo-Moto-Clube-Alentejano.png\"><img aria-describedby=\"caption-attachment-1710\" loading=\"lazy\" class=\"size-full wp-image-1710\" title=\"Logo Moto Clube Alentejano\" src=\"\/moterosdehoy\/wp-content\/uploads\/sites\/45\/2015\/09\/Logo-Moto-Clube-Alentejano.png\" alt=\"\" width=\"180\" height=\"180\" srcset=\"https:\/\/static-blogs.hoy.es\/wp-content\/uploads\/sites\/45\/2015\/09\/Logo-Moto-Clube-Alentejano.png 180w, https:\/\/static-blogs.hoy.es\/wp-content\/uploads\/sites\/45\/2015\/09\/Logo-Moto-Clube-Alentejano-150x150.png 150w\" sizes=\"(max-width: 180px) 100vw, 180px\" \/><\/a><p id=\"caption-attachment-1710\" class=\"wp-caption-text\">Escudo M. C. Alentejano<\/p><\/div>\n<p>En la concentraci\u00f3n hay una <strong>inscripci\u00f3n de 10\u20ac<\/strong> por persona, lo que te dar\u00e1 derecho a poder participar en todo el programa de actividades y poder instalar tienda de campa\u00f1a en zona habilitada para ello.<\/p>\n<p>Est\u00e1 claro que ser\u00e1 todo un fin de semana cargado de buen ambiente, con buena m\u00fasica y buena compa\u00f1\u00eda. No dudes en pasar por all\u00ed y pasarlo bien junto a nuestros hermanos portugueses.<\/p>\n<p>Adem\u00e1s sino conoces la localidad de Elvas, te sorprender\u00e1. Con unos treinta mil habitantes actualmente, es Patrimonio de la Humanidad, y est\u00e1 en proyecto hacer algo en conjunto al respecto con la ciudad espa\u00f1ola de Badajoz, la cual, tan solo se encuentra a 22 kil\u00f3metros por carretera, 17 en l\u00ednea recta. Dentro de su arquitectura cuenta\u00a0con siete bastiones y las fortalezas de Santa Luzia y Nossa Senhora da Gra\u00e7a. Su catedral g\u00f3tica tard\u00eda, que muestra adem\u00e1s reminiscencias moriscas, data del reinado de Manuel I\u00a0(1495-1521). Pero sino es suficiente tambi\u00e9n cuenta con un acueducto\u00a0construido entre los a\u00f1os 1498 y 1622 que la abastec\u00eda de agua y que presenta una altura de hasta 40 m. Por lo que no olvides llevar la c\u00e1mara.<\/p>\n<p><a title=\"Facebook de Moteros de Hoy\" href=\"https:\/\/www.facebook.com\/moteroshoy\" target=\"_blank\" rel=\"external nofollow\">Saludos y r\u00e1fagas<\/a>.<\/p>\n<!-- AddThis Advanced Settings generic via filter on the_content --><!-- AddThis Share Buttons generic via filter on the_content -->","protected":false},"excerpt":{"rendered":"<p>Bajo el t\u00edtulo &#8220;We are back&#8221;, estamos de vuelta. El Moto Clube Alentejano, de Elvas, nos trae un buen fin de semana motero. Tendr\u00e1 lugar el fin de semana del 2 al 4 de octubre y ya nos tienen preparado el programa: Viernes d\u00eda 2: 19:00 h Apertura de inscripciones. 00:00 h Concierto Fast Eddie [&hellip;]<!-- AddThis Advanced Settings generic via filter on get_the_excerpt --><!-- AddThis Share Buttons generic via filter on get_the_excerpt --><\/p>\n","protected":false},"author":49,"featured_media":0,"comment_status":"open","ping_status":"closed","sticky":false,"template":"","format":"standard","meta":[],"categories":[13],"tags":[591,613,622,634,645,690],"_links":{"self":[{"href":"https:\/\/blogs.hoy.es\/moterosdehoy\/wp-json\/wp\/v2\/posts\/1708"}],"collection":[{"href":"https:\/\/blogs.hoy.es\/moterosdehoy\/wp-json\/wp\/v2\/posts"}],"about":[{"href":"https:\/\/blogs.hoy.es\/moterosdehoy\/wp-json\/wp\/v2\/types\/post"}],"author":[{"embeddable":true,"href":"https:\/\/blogs.hoy.es\/moterosdehoy\/wp-json\/wp\/v2\/users\/49"}],"replies":[{"embeddable":true,"href":"https:\/\/blogs.hoy.es\/moterosdehoy\/wp-json\/wp\/v2\/comments?post=1708"}],"version-history":[{"count":0,"href":"https:\/\/blogs.hoy.es\/moterosdehoy\/wp-json\/wp\/v2\/posts\/1708\/revisions"}],"wp:attachment":[{"href":"https:\/\/blogs.hoy.es\/moterosdehoy\/wp-json\/wp\/v2\/media?parent=1708"}],"wp:term":[{"taxonomy":"category","embeddable":true,"href":"https:\/\/blogs.hoy.es\/moterosdehoy\/wp-json\/wp\/v2\/categories?post=1708"},{"taxonomy":"post_tag","embeddable":true,"href":"https:\/\/blogs.hoy.es\/moterosdehoy\/wp-json\/wp\/v2\/tags?post=1708"}],"curies":[{"name":"wp","href":"https:\/\/api.w.org\/{rel}","templated":true}]}}