{"id":1711,"date":"2015-09-24T11:22:29","date_gmt":"2015-09-24T11:22:29","guid":{"rendered":"http:\/\/blogs.hoy.es\/moterosdehoy\/?p=1711"},"modified":"2015-09-24T11:22:29","modified_gmt":"2015-09-24T11:22:29","slug":"vi-ruta-motera-ciudad-de-trujillo","status":"publish","type":"post","link":"https:\/\/blogs.hoy.es\/moterosdehoy\/2015\/09\/24\/vi-ruta-motera-ciudad-de-trujillo\/","title":{"rendered":"VI Ruta motera ciudad de Trujillo"},"content":{"rendered":"<p>El grupo motero Turgalium, de <a title=\"Trujillo en wikipedia\" href=\"https:\/\/es.wikipedia.org\/wiki\/Trujillo_(Espa%C3%B1a)\" target=\"_blank\" rel=\"external nofollow\">Trujillo<\/a> (C\u00e1ceres), nos tiene preparada una concentraci\u00f3n motera con ruta para el pr\u00f3ximo <strong>domingo 27 de septiembre<\/strong>.<\/p>\n<p><a href=\"\/moterosdehoy\/wp-content\/uploads\/sites\/45\/2015\/09\/2015-septiembre-Trujillo.jpg\"><img loading=\"lazy\" class=\"alignleft size-medium wp-image-1712\" title=\"2015 septiembre Trujillo\" src=\"\/moterosdehoy\/wp-content\/uploads\/sites\/45\/2015\/09\/2015-septiembre-Trujillo.jpg\" alt=\"\" width=\"212\" height=\"300\" srcset=\"https:\/\/static-blogs.hoy.es\/wp-content\/uploads\/sites\/45\/2015\/09\/2015-septiembre-Trujillo.jpg 679w, https:\/\/static-blogs.hoy.es\/wp-content\/uploads\/sites\/45\/2015\/09\/2015-septiembre-Trujillo-212x300.jpg 212w\" sizes=\"(max-width: 212px) 100vw, 212px\" \/><\/a>El punto de encuentro ser\u00e1 en la Plaza Mayor de <a title=\"P\u00e1gina oficial de Trujillo\" href=\"http:\/\/www.trujillo.es\/\" target=\"_blank\" rel=\"external nofollow\">Trujillo<\/a>, concretamente en el restaurante &#8220;El Medievo&#8221;, lugar donde tendr\u00e1n disponibles las inscripciones desde las 09 hasta las 09:45 horas. Adem\u00e1s all\u00ed tendr\u00e1n a la venta camisetas y otros complementos del grupo motero.<\/p>\n<p>A las 10 horas iniciar\u00e1 la ruta por la carretera EX-208, pasando por localidades como Jaraicejo, Deleitosa y Garciaz, entre otras.<\/p>\n<p>Sobre las 12:15 horas, tras recorrer unos 120 kil\u00f3metros, habr\u00e1 un pincho en la cafeter\u00eda-bar &#8220;El Parador&#8221;, de Conquista de la Sierra, con un precio de 5 euros.<\/p>\n<p>A las 15:00 h. Comida en &#8220;La Venta El Napol\u00e9s&#8221;, con un precio de 15\u20ac para adultos y 7\u20ac para los ni\u00f1os. All\u00ed habr\u00e1 fiesta, baile con DJ, y castillos hinchables para los m\u00e1s peque\u00f1os. Adem\u00e1s entre los asistentes a la comida se realizar\u00e1n sorteos, entre ellos un jam\u00f3n y noche en un Hotel Rural.<\/p>\n<p>Una buena opci\u00f3n para conocer Trujillo y sus alrededores, de mano de sus lugare\u00f1os.<\/p>\n<p>Si necesitas m\u00e1s informaci\u00f3n en el propio cartel del evento dispones de un tel\u00e9fono de contacto.<\/p>\n<p>Saludos y r\u00e1fagas.<\/p>\n<!-- AddThis Advanced Settings generic via filter on the_content --><!-- AddThis Share Buttons generic via filter on the_content -->","protected":false},"excerpt":{"rendered":"<p>El grupo motero Turgalium, de Trujillo (C\u00e1ceres), nos tiene preparada una concentraci\u00f3n motera con ruta para el pr\u00f3ximo domingo 27 de septiembre. El punto de encuentro ser\u00e1 en la Plaza Mayor de Trujillo, concretamente en el restaurante &#8220;El Medievo&#8221;, lugar donde tendr\u00e1n disponibles las inscripciones desde las 09 hasta las 09:45 horas. Adem\u00e1s all\u00ed tendr\u00e1n [&hellip;]<!-- AddThis Advanced Settings generic via filter on get_the_excerpt --><!-- AddThis Share Buttons generic via filter on get_the_excerpt --><\/p>\n","protected":false},"author":49,"featured_media":0,"comment_status":"open","ping_status":"closed","sticky":false,"template":"","format":"standard","meta":[],"categories":[13],"tags":[442,611,622,624,715],"_links":{"self":[{"href":"https:\/\/blogs.hoy.es\/moterosdehoy\/wp-json\/wp\/v2\/posts\/1711"}],"collection":[{"href":"https:\/\/blogs.hoy.es\/moterosdehoy\/wp-json\/wp\/v2\/posts"}],"about":[{"href":"https:\/\/blogs.hoy.es\/moterosdehoy\/wp-json\/wp\/v2\/types\/post"}],"author":[{"embeddable":true,"href":"https:\/\/blogs.hoy.es\/moterosdehoy\/wp-json\/wp\/v2\/users\/49"}],"replies":[{"embeddable":true,"href":"https:\/\/blogs.hoy.es\/moterosdehoy\/wp-json\/wp\/v2\/comments?post=1711"}],"version-history":[{"count":0,"href":"https:\/\/blogs.hoy.es\/moterosdehoy\/wp-json\/wp\/v2\/posts\/1711\/revisions"}],"wp:attachment":[{"href":"https:\/\/blogs.hoy.es\/moterosdehoy\/wp-json\/wp\/v2\/media?parent=1711"}],"wp:term":[{"taxonomy":"category","embeddable":true,"href":"https:\/\/blogs.hoy.es\/moterosdehoy\/wp-json\/wp\/v2\/categories?post=1711"},{"taxonomy":"post_tag","embeddable":true,"href":"https:\/\/blogs.hoy.es\/moterosdehoy\/wp-json\/wp\/v2\/tags?post=1711"}],"curies":[{"name":"wp","href":"https:\/\/api.w.org\/{rel}","templated":true}]}}