{"id":1715,"date":"2015-09-24T15:38:33","date_gmt":"2015-09-24T15:38:33","guid":{"rendered":"http:\/\/blogs.hoy.es\/moterosdehoy\/?p=1715"},"modified":"2015-09-24T15:38:33","modified_gmt":"2015-09-24T15:38:33","slug":"v-reunion-motera-el-piston-bellotero","status":"publish","type":"post","link":"https:\/\/blogs.hoy.es\/moterosdehoy\/2015\/09\/24\/v-reunion-motera-el-piston-bellotero\/","title":{"rendered":"V Reuni\u00f3n Motera el Pist\u00f3n Bellotero"},"content":{"rendered":"<p>El <a title=\"p\u00e1gina oficial del Pist\u00f3n Bellotero\" href=\"http:\/\/elpistonbellotero.es\/\" target=\"_blank\" rel=\"external nofollow\">Motoclub Pist\u00f3n Bellotero<\/a>, de la localidad de <a title=\"Navalvillar de Pela en wikipedia\" href=\"https:\/\/es.wikipedia.org\/wiki\/Navalvillar_de_Pela\" target=\"_blank\" rel=\"external nofollow\">Navalvillar de Pela<\/a> (Badajoz), nos ha preparado su quinta reuni\u00f3n motera. Tal y como aparece en su cartel: V Reuni\u00f3n Motera el Pist\u00f3n Bellotero.<\/p>\n<p><a href=\"\/moterosdehoy\/wp-content\/uploads\/sites\/45\/2015\/09\/2015-septiembre-Navalvillar-de-Pela_.jpg\"><img loading=\"lazy\" class=\"alignleft size-medium wp-image-1716\" title=\"2015 septiembre Navalvillar de Pela_\" src=\"\/moterosdehoy\/wp-content\/uploads\/sites\/45\/2015\/09\/2015-septiembre-Navalvillar-de-Pela_.jpg\" alt=\"\" width=\"213\" height=\"300\" srcset=\"https:\/\/static-blogs.hoy.es\/wp-content\/uploads\/sites\/45\/2015\/09\/2015-septiembre-Navalvillar-de-Pela_.jpg 682w, https:\/\/static-blogs.hoy.es\/wp-content\/uploads\/sites\/45\/2015\/09\/2015-septiembre-Navalvillar-de-Pela_-213x300.jpg 213w\" sizes=\"(max-width: 213px) 100vw, 213px\" \/><\/a>Tendr\u00e1 lugar el <strong>domingo 27 de septiembre<\/strong>, con punto de reuni\u00f3n en el Bar Acuario, de su localidad, donde de 9 a 11 horas estar\u00e1n disponibles las inscripciones, que ser\u00e1n de 12\u20ac por persona.<\/p>\n<p>Dentro del programa tienen previsto el desayuno de 10 a 11 horas, con posterior pasacalles y doble ruta, una de campo para quads y motos de campo, y otra de carretera. En el trayecto de ambas rutas habr\u00e1 paradas con dos aperitivos.<\/p>\n<p>Posteriormente se unir\u00e1n para realizar el almuerzo en restaurante, donde se realizar\u00e1n sorteos y entrega de trofeos.<\/p>\n<p>Como indican ellos mismos en su cartel, excelente ambiente motero.<\/p>\n<p>Saludos y r\u00e1fagas.<\/p>\n<!-- AddThis Advanced Settings generic via filter on the_content --><!-- AddThis Share Buttons generic via filter on the_content -->","protected":false},"excerpt":{"rendered":"<p>El Motoclub Pist\u00f3n Bellotero, de la localidad de Navalvillar de Pela (Badajoz), nos ha preparado su quinta reuni\u00f3n motera. Tal y como aparece en su cartel: V Reuni\u00f3n Motera el Pist\u00f3n Bellotero. Tendr\u00e1 lugar el domingo 27 de septiembre, con punto de reuni\u00f3n en el Bar Acuario, de su localidad, donde de 9 a 11 [&hellip;]<!-- AddThis Advanced Settings generic via filter on get_the_excerpt --><!-- AddThis Share Buttons generic via filter on get_the_excerpt --><\/p>\n","protected":false},"author":49,"featured_media":0,"comment_status":"open","ping_status":"closed","sticky":false,"template":"","format":"standard","meta":[],"categories":[13],"tags":[363,622,624,705,975],"_links":{"self":[{"href":"https:\/\/blogs.hoy.es\/moterosdehoy\/wp-json\/wp\/v2\/posts\/1715"}],"collection":[{"href":"https:\/\/blogs.hoy.es\/moterosdehoy\/wp-json\/wp\/v2\/posts"}],"about":[{"href":"https:\/\/blogs.hoy.es\/moterosdehoy\/wp-json\/wp\/v2\/types\/post"}],"author":[{"embeddable":true,"href":"https:\/\/blogs.hoy.es\/moterosdehoy\/wp-json\/wp\/v2\/users\/49"}],"replies":[{"embeddable":true,"href":"https:\/\/blogs.hoy.es\/moterosdehoy\/wp-json\/wp\/v2\/comments?post=1715"}],"version-history":[{"count":0,"href":"https:\/\/blogs.hoy.es\/moterosdehoy\/wp-json\/wp\/v2\/posts\/1715\/revisions"}],"wp:attachment":[{"href":"https:\/\/blogs.hoy.es\/moterosdehoy\/wp-json\/wp\/v2\/media?parent=1715"}],"wp:term":[{"taxonomy":"category","embeddable":true,"href":"https:\/\/blogs.hoy.es\/moterosdehoy\/wp-json\/wp\/v2\/categories?post=1715"},{"taxonomy":"post_tag","embeddable":true,"href":"https:\/\/blogs.hoy.es\/moterosdehoy\/wp-json\/wp\/v2\/tags?post=1715"}],"curies":[{"name":"wp","href":"https:\/\/api.w.org\/{rel}","templated":true}]}}