{"id":1718,"date":"2015-09-29T21:43:03","date_gmt":"2015-09-29T21:43:03","guid":{"rendered":"http:\/\/blogs.hoy.es\/moterosdehoy\/?p=1718"},"modified":"2015-09-29T21:43:03","modified_gmt":"2015-09-29T21:43:03","slug":"iv-encuentro-motero-berrea-en-monfrague","status":"publish","type":"post","link":"https:\/\/blogs.hoy.es\/moterosdehoy\/2015\/09\/29\/iv-encuentro-motero-berrea-en-monfrague\/","title":{"rendered":"IV Encuentro Motero Berrea en Monfrag\u00fce"},"content":{"rendered":"<p>Del <strong>2 al 4 de octubre<\/strong> el Camping Monfrag\u00fce de <a title=\"Malpartida de Plasencia en wikipedia\" href=\"https:\/\/es.wikipedia.org\/wiki\/Malpartida_de_Plasencia\" target=\"_blank\" rel=\"external nofollow\">Malpartida de Plasencia<\/a> (C\u00e1ceres), nos ha preparado un fin de semana motero.<\/p>\n<p><a href=\"\/moterosdehoy\/wp-content\/uploads\/sites\/45\/2015\/09\/2015-octubre-Monfrag\u00fce.jpg\"><img loading=\"lazy\" class=\"alignleft size-medium wp-image-1719\" title=\"2015 octubre Monfrag\u00fce\" src=\"\/moterosdehoy\/wp-content\/uploads\/sites\/45\/2015\/09\/2015-octubre-Monfrag\u00fce.jpg\" alt=\"\" width=\"212\" height=\"300\" srcset=\"https:\/\/static-blogs.hoy.es\/wp-content\/uploads\/sites\/45\/2015\/09\/2015-octubre-Monfrag\u00fce.jpg 679w, https:\/\/static-blogs.hoy.es\/wp-content\/uploads\/sites\/45\/2015\/09\/2015-octubre-Monfrag\u00fce-212x300.jpg 212w\" sizes=\"(max-width: 212px) 100vw, 212px\" \/><\/a>Dentro del programa tienen todo lo necesario para que sea una buena concentraci\u00f3n motera, rutas, m\u00fasica, fiesta, acampada y duraci\u00f3n de varios d\u00edas, para que de tiempo de hacer nuevas amistades. En el cartel del evento est\u00e1 disponible todo el programa con sus horarios.<\/p>\n<p>Para \u00e9sta edici\u00f3n han cambiado el recorrido para la ruta del s\u00e1bado por la ma\u00f1ana, teniendo lugar por la zona menos transitada de la Reserva de la Biosfera de <a title=\"Monfrag\u00fce en wikipedia\" href=\"https:\/\/es.wikipedia.org\/wiki\/Parque_nacional_de_Monfrag%C3%BCe\" target=\"_blank\" rel=\"external nofollow\">Monfrag\u00fce<\/a>. Carreteras secundarias, curvas y preciosos paisajes, entre el recorrido habr\u00e1 una parada en el famoso Salto del Gitano.<\/p>\n<p>Todo ello con una <strong>inscripci\u00f3n de 30 euros<\/strong>, si est\u00e1s decidido a asistir tambi\u00e9n tienes la posibilidad de utilizar los bungalows del camping, dispones de el contacto de los organizadores en el cartel.<\/p>\n<p>Saludos y r\u00e1fagas.<\/p>\n<!-- AddThis Advanced Settings generic via filter on the_content --><!-- AddThis Share Buttons generic via filter on the_content -->","protected":false},"excerpt":{"rendered":"<p>Del 2 al 4 de octubre el Camping Monfrag\u00fce de Malpartida de Plasencia (C\u00e1ceres), nos ha preparado un fin de semana motero. Dentro del programa tienen todo lo necesario para que sea una buena concentraci\u00f3n motera, rutas, m\u00fasica, fiesta, acampada y duraci\u00f3n de varios d\u00edas, para que de tiempo de hacer nuevas amistades. En el [&hellip;]<!-- AddThis Advanced Settings generic via filter on get_the_excerpt --><!-- AddThis Share Buttons generic via filter on get_the_excerpt --><\/p>\n","protected":false},"author":49,"featured_media":0,"comment_status":"open","ping_status":"closed","sticky":false,"template":"","format":"standard","meta":[],"categories":[13],"tags":[138,622,624,703],"_links":{"self":[{"href":"https:\/\/blogs.hoy.es\/moterosdehoy\/wp-json\/wp\/v2\/posts\/1718"}],"collection":[{"href":"https:\/\/blogs.hoy.es\/moterosdehoy\/wp-json\/wp\/v2\/posts"}],"about":[{"href":"https:\/\/blogs.hoy.es\/moterosdehoy\/wp-json\/wp\/v2\/types\/post"}],"author":[{"embeddable":true,"href":"https:\/\/blogs.hoy.es\/moterosdehoy\/wp-json\/wp\/v2\/users\/49"}],"replies":[{"embeddable":true,"href":"https:\/\/blogs.hoy.es\/moterosdehoy\/wp-json\/wp\/v2\/comments?post=1718"}],"version-history":[{"count":0,"href":"https:\/\/blogs.hoy.es\/moterosdehoy\/wp-json\/wp\/v2\/posts\/1718\/revisions"}],"wp:attachment":[{"href":"https:\/\/blogs.hoy.es\/moterosdehoy\/wp-json\/wp\/v2\/media?parent=1718"}],"wp:term":[{"taxonomy":"category","embeddable":true,"href":"https:\/\/blogs.hoy.es\/moterosdehoy\/wp-json\/wp\/v2\/categories?post=1718"},{"taxonomy":"post_tag","embeddable":true,"href":"https:\/\/blogs.hoy.es\/moterosdehoy\/wp-json\/wp\/v2\/tags?post=1718"}],"curies":[{"name":"wp","href":"https:\/\/api.w.org\/{rel}","templated":true}]}}