{"id":1721,"date":"2015-10-01T19:35:50","date_gmt":"2015-10-01T19:35:50","guid":{"rendered":"http:\/\/blogs.hoy.es\/moterosdehoy\/?p=1721"},"modified":"2015-10-01T19:35:50","modified_gmt":"2015-10-01T19:35:50","slug":"v-fiesta-motera-villa-de-la-zarza","status":"publish","type":"post","link":"https:\/\/blogs.hoy.es\/moterosdehoy\/2015\/10\/01\/v-fiesta-motera-villa-de-la-zarza\/","title":{"rendered":"V Fiesta motera villa de La Zarza"},"content":{"rendered":"<p>El s\u00e1bado d\u00eda<strong> 3 de octubre<\/strong> la Pe\u00f1a Motera &#8220;El Calvario&#8221; de <a title=\"La Zarza en wikipedia\" href=\"https:\/\/es.wikipedia.org\/wiki\/La_Zarza_(Badajoz)\" target=\"_blank\" rel=\"external nofollow\">La Zarza<\/a> (Badajoz), nos tiene preparada su quinta fiesta motera, por supuesto tendr\u00e1 lugar en el recinto ferial de su localidad.<\/p>\n<p><a href=\"\/moterosdehoy\/wp-content\/uploads\/sites\/45\/2015\/10\/2015-octubre-La-Zarza_.jpg\"><img loading=\"lazy\" class=\"alignleft size-medium wp-image-1722\" title=\"2015 octubre La Zarza_\" src=\"\/moterosdehoy\/wp-content\/uploads\/sites\/45\/2015\/10\/2015-octubre-La-Zarza_.jpg\" alt=\"\" width=\"212\" height=\"300\" srcset=\"https:\/\/static-blogs.hoy.es\/wp-content\/uploads\/sites\/45\/2015\/10\/2015-octubre-La-Zarza_.jpg 509w, https:\/\/static-blogs.hoy.es\/wp-content\/uploads\/sites\/45\/2015\/10\/2015-octubre-La-Zarza_-212x300.jpg 212w\" sizes=\"(max-width: 212px) 100vw, 212px\" \/><\/a>Se trata de una concentraci\u00f3n motera en la que sus asistentes en la mayor\u00eda son de la propia localidad y alrededores, sobre todo por los horarios del programa. Que aunque desde las 12:00h ya estar\u00e1 abierta, el plato fuerte ser\u00e1 por la tarde.<\/p>\n<p>El programa que nos tienen preparado incluye comida y cena por<strong> 5 euros<\/strong> \u00a0de la inscripci\u00f3n.<\/p>\n<p>La comida tendr\u00e1 lugar a las 15:00h, para iniciar una ruta a las 16:00h, algo peculiar, pues despu\u00e9s de la comida parece que lo que m\u00e1s apetece es descansar un rato.<\/p>\n<p>A las 19:30h tendr\u00e1 lugar una exhibici\u00f3n de car-cross por Juanma Santos.<\/p>\n<p>22:00h cena y a las 23:00h concierto del grupo &#8220;Dos sin Tres&#8221; y todo ello amenizado por DJ Lulu.<\/p>\n<p>Es una concentraci\u00f3n en la que hay muchos aficionados a motos de tipo &#8220;R&#8221;, aunque claro est\u00e1 que hay de todo, y como ellos mismos dicen en el cartel &#8220;muy buen ambiente motero&#8221;.<\/p>\n<p>Saludos y r\u00e1fagas.<\/p>\n<!-- AddThis Advanced Settings generic via filter on the_content --><!-- AddThis Share Buttons generic via filter on the_content -->","protected":false},"excerpt":{"rendered":"<p>El s\u00e1bado d\u00eda 3 de octubre la Pe\u00f1a Motera &#8220;El Calvario&#8221; de La Zarza (Badajoz), nos tiene preparada su quinta fiesta motera, por supuesto tendr\u00e1 lugar en el recinto ferial de su localidad. Se trata de una concentraci\u00f3n motera en la que sus asistentes en la mayor\u00eda son de la propia localidad y alrededores, sobre [&hellip;]<!-- AddThis Advanced Settings generic via filter on get_the_excerpt --><!-- AddThis Share Buttons generic via filter on get_the_excerpt --><\/p>\n","protected":false},"author":49,"featured_media":0,"comment_status":"open","ping_status":"closed","sticky":false,"template":"","format":"standard","meta":[],"categories":[13],"tags":[622,624,700,762],"_links":{"self":[{"href":"https:\/\/blogs.hoy.es\/moterosdehoy\/wp-json\/wp\/v2\/posts\/1721"}],"collection":[{"href":"https:\/\/blogs.hoy.es\/moterosdehoy\/wp-json\/wp\/v2\/posts"}],"about":[{"href":"https:\/\/blogs.hoy.es\/moterosdehoy\/wp-json\/wp\/v2\/types\/post"}],"author":[{"embeddable":true,"href":"https:\/\/blogs.hoy.es\/moterosdehoy\/wp-json\/wp\/v2\/users\/49"}],"replies":[{"embeddable":true,"href":"https:\/\/blogs.hoy.es\/moterosdehoy\/wp-json\/wp\/v2\/comments?post=1721"}],"version-history":[{"count":0,"href":"https:\/\/blogs.hoy.es\/moterosdehoy\/wp-json\/wp\/v2\/posts\/1721\/revisions"}],"wp:attachment":[{"href":"https:\/\/blogs.hoy.es\/moterosdehoy\/wp-json\/wp\/v2\/media?parent=1721"}],"wp:term":[{"taxonomy":"category","embeddable":true,"href":"https:\/\/blogs.hoy.es\/moterosdehoy\/wp-json\/wp\/v2\/categories?post=1721"},{"taxonomy":"post_tag","embeddable":true,"href":"https:\/\/blogs.hoy.es\/moterosdehoy\/wp-json\/wp\/v2\/tags?post=1721"}],"curies":[{"name":"wp","href":"https:\/\/api.w.org\/{rel}","templated":true}]}}