{"id":1726,"date":"2015-10-03T11:28:30","date_gmt":"2015-10-03T11:28:30","guid":{"rendered":"http:\/\/blogs.hoy.es\/moterosdehoy\/?p=1726"},"modified":"2015-10-03T11:28:30","modified_gmt":"2015-10-03T11:28:30","slug":"transcurso-del-easy-biker-de-elvas","status":"publish","type":"post","link":"https:\/\/blogs.hoy.es\/moterosdehoy\/2015\/10\/03\/transcurso-del-easy-biker-de-elvas\/","title":{"rendered":"Transcurso del Easy Biker de Elvas"},"content":{"rendered":"<p>El recinto abaluartado de <a title=\"Elvas en wikipedia\" href=\"https:\/\/es.wikipedia.org\/wiki\/Elvas\" target=\"_blank\" rel=\"external nofollow\">Elvas<\/a> (Portugal) se encuentra de fiesta con el <a title=\"Easy Biker MC Alentejano\" href=\"https:\/\/blogs.hoy.es\/moterosdehoy\/2015\/09\/23\/concentracion-motera-en-elvas-portugal\/\" target=\"_blank\">Easy Biker del MC Alentejano<\/a>.<\/p>\n<p>Entre sus murallas y los veh\u00edculos de su museo militar hay cientos de moteros con ganas de fiesta, una situaci\u00f3n muy peculiar y digna de visitar.<\/p>\n<p>Durante los d\u00edas dos, tres y cuatro de octubre, hay conciertos y mucha fiesta motera. Es extra\u00f1o disponer de una fiesta de \u00e9sta magnitud tan cerca de casa y parecer que est\u00e1s a cientos o miles de kil\u00f3metros de casa, Otro idioma, otras costumbres, otras caras&#8230; pero al final todos iguales, todos moteros, todos amigos y todos hermanos.<\/p>\n<p>Os animo a disfrutar de una gran fiesta motera, diferente a las que estamos acostumbrados, pero con el mismo objetivo, pasarlo bien.<\/p>\n<p>Os dejo unas fotos del evento en su primer d\u00eda.<\/p>\n\n\t\t<style type=\"text\/css\">\n\t\t\t#gallery-1 {\n\t\t\t\tmargin: auto;\n\t\t\t}\n\t\t\t#gallery-1 .gallery-item {\n\t\t\t\tfloat: left;\n\t\t\t\tmargin-top: 10px;\n\t\t\t\ttext-align: center;\n\t\t\t\twidth: 25%;\n\t\t\t}\n\t\t\t#gallery-1 img {\n\t\t\t\tborder: 2px solid #cfcfcf;\n\t\t\t}\n\t\t\t#gallery-1 .gallery-caption {\n\t\t\t\tmargin-left: 0;\n\t\t\t}\n\t\t\t\/* see gallery_shortcode() in wp-includes\/media.php *\/\n\t\t<\/style>\n\t\t<div id='gallery-1' class='gallery galleryid-1726 gallery-columns-4 gallery-size-thumbnail'><dl class='gallery-item'>\n\t\t\t<dt class='gallery-icon landscape'>\n\t\t\t\t<a href=\"https:\/\/static-blogs.hoy.es\/wp-content\/uploads\/sites\/45\/2015\/10\/Elvas-01.jpg\"><img width=\"150\" height=\"150\" src=\"https:\/\/static-blogs.hoy.es\/wp-content\/uploads\/sites\/45\/2015\/10\/Elvas-01-150x150.jpg\" class=\"attachment-thumbnail size-thumbnail\" alt=\"\" loading=\"lazy\" \/><\/a>\n\t\t\t<\/dt><\/dl><dl class='gallery-item'>\n\t\t\t<dt class='gallery-icon landscape'>\n\t\t\t\t<a href=\"https:\/\/static-blogs.hoy.es\/wp-content\/uploads\/sites\/45\/2015\/10\/Elvas-02.jpg\"><img width=\"150\" height=\"150\" src=\"https:\/\/static-blogs.hoy.es\/wp-content\/uploads\/sites\/45\/2015\/10\/Elvas-02-150x150.jpg\" class=\"attachment-thumbnail size-thumbnail\" alt=\"\" loading=\"lazy\" \/><\/a>\n\t\t\t<\/dt><\/dl><dl class='gallery-item'>\n\t\t\t<dt class='gallery-icon landscape'>\n\t\t\t\t<a href=\"https:\/\/static-blogs.hoy.es\/wp-content\/uploads\/sites\/45\/2015\/10\/Elvas-03.jpg\"><img width=\"150\" height=\"150\" src=\"https:\/\/static-blogs.hoy.es\/wp-content\/uploads\/sites\/45\/2015\/10\/Elvas-03-150x150.jpg\" class=\"attachment-thumbnail size-thumbnail\" alt=\"\" loading=\"lazy\" \/><\/a>\n\t\t\t<\/dt><\/dl><dl class='gallery-item'>\n\t\t\t<dt class='gallery-icon landscape'>\n\t\t\t\t<a href=\"https:\/\/static-blogs.hoy.es\/wp-content\/uploads\/sites\/45\/2015\/10\/Elvas-04.jpg\"><img width=\"150\" height=\"150\" src=\"https:\/\/static-blogs.hoy.es\/wp-content\/uploads\/sites\/45\/2015\/10\/Elvas-04-150x150.jpg\" class=\"attachment-thumbnail size-thumbnail\" alt=\"\" loading=\"lazy\" \/><\/a>\n\t\t\t<\/dt><\/dl><br style=\"clear: both\" \/><dl class='gallery-item'>\n\t\t\t<dt class='gallery-icon landscape'>\n\t\t\t\t<a href=\"https:\/\/static-blogs.hoy.es\/wp-content\/uploads\/sites\/45\/2015\/10\/Elvas-06.jpg\"><img width=\"150\" height=\"150\" src=\"https:\/\/static-blogs.hoy.es\/wp-content\/uploads\/sites\/45\/2015\/10\/Elvas-06-150x150.jpg\" class=\"attachment-thumbnail size-thumbnail\" alt=\"\" loading=\"lazy\" \/><\/a>\n\t\t\t<\/dt><\/dl><dl class='gallery-item'>\n\t\t\t<dt class='gallery-icon portrait'>\n\t\t\t\t<a href=\"https:\/\/static-blogs.hoy.es\/wp-content\/uploads\/sites\/45\/2015\/10\/Elvas-07.jpg\"><img width=\"150\" height=\"150\" src=\"https:\/\/static-blogs.hoy.es\/wp-content\/uploads\/sites\/45\/2015\/10\/Elvas-07-150x150.jpg\" class=\"attachment-thumbnail size-thumbnail\" alt=\"\" loading=\"lazy\" \/><\/a>\n\t\t\t<\/dt><\/dl><dl class='gallery-item'>\n\t\t\t<dt class='gallery-icon landscape'>\n\t\t\t\t<a href=\"https:\/\/static-blogs.hoy.es\/wp-content\/uploads\/sites\/45\/2015\/10\/Elvas-08.jpg\"><img width=\"150\" height=\"150\" src=\"https:\/\/static-blogs.hoy.es\/wp-content\/uploads\/sites\/45\/2015\/10\/Elvas-08-150x150.jpg\" class=\"attachment-thumbnail size-thumbnail\" alt=\"\" loading=\"lazy\" \/><\/a>\n\t\t\t<\/dt><\/dl><dl class='gallery-item'>\n\t\t\t<dt class='gallery-icon landscape'>\n\t\t\t\t<a href=\"https:\/\/static-blogs.hoy.es\/wp-content\/uploads\/sites\/45\/2015\/10\/Elvas-05.jpg\"><img width=\"150\" height=\"150\" src=\"https:\/\/static-blogs.hoy.es\/wp-content\/uploads\/sites\/45\/2015\/10\/Elvas-05-150x150.jpg\" class=\"attachment-thumbnail size-thumbnail\" alt=\"\" loading=\"lazy\" \/><\/a>\n\t\t\t<\/dt><\/dl><br style=\"clear: both\" \/>\n\t\t<\/div>\n\n<p>Saludos y r\u00e1fagas.<\/p>\n<!-- AddThis Advanced Settings generic via filter on the_content --><!-- AddThis Share Buttons generic via filter on the_content -->","protected":false},"excerpt":{"rendered":"<p>El recinto abaluartado de Elvas (Portugal) se encuentra de fiesta con el Easy Biker del MC Alentejano. Entre sus murallas y los veh\u00edculos de su museo militar hay cientos de moteros con ganas de fiesta, una situaci\u00f3n muy peculiar y digna de visitar. Durante los d\u00edas dos, tres y cuatro de octubre, hay conciertos y [&hellip;]<!-- AddThis Advanced Settings generic via filter on get_the_excerpt --><!-- AddThis Share Buttons generic via filter on get_the_excerpt --><\/p>\n","protected":false},"author":49,"featured_media":1728,"comment_status":"open","ping_status":"closed","sticky":false,"template":"","format":"standard","meta":[],"categories":[13],"tags":[354,591,622,690],"_links":{"self":[{"href":"https:\/\/blogs.hoy.es\/moterosdehoy\/wp-json\/wp\/v2\/posts\/1726"}],"collection":[{"href":"https:\/\/blogs.hoy.es\/moterosdehoy\/wp-json\/wp\/v2\/posts"}],"about":[{"href":"https:\/\/blogs.hoy.es\/moterosdehoy\/wp-json\/wp\/v2\/types\/post"}],"author":[{"embeddable":true,"href":"https:\/\/blogs.hoy.es\/moterosdehoy\/wp-json\/wp\/v2\/users\/49"}],"replies":[{"embeddable":true,"href":"https:\/\/blogs.hoy.es\/moterosdehoy\/wp-json\/wp\/v2\/comments?post=1726"}],"version-history":[{"count":0,"href":"https:\/\/blogs.hoy.es\/moterosdehoy\/wp-json\/wp\/v2\/posts\/1726\/revisions"}],"wp:featuredmedia":[{"embeddable":true,"href":"https:\/\/blogs.hoy.es\/moterosdehoy\/wp-json\/wp\/v2\/media\/1728"}],"wp:attachment":[{"href":"https:\/\/blogs.hoy.es\/moterosdehoy\/wp-json\/wp\/v2\/media?parent=1726"}],"wp:term":[{"taxonomy":"category","embeddable":true,"href":"https:\/\/blogs.hoy.es\/moterosdehoy\/wp-json\/wp\/v2\/categories?post=1726"},{"taxonomy":"post_tag","embeddable":true,"href":"https:\/\/blogs.hoy.es\/moterosdehoy\/wp-json\/wp\/v2\/tags?post=1726"}],"curies":[{"name":"wp","href":"https:\/\/api.w.org\/{rel}","templated":true}]}}