{"id":1736,"date":"2015-10-04T19:03:39","date_gmt":"2015-10-04T19:03:39","guid":{"rendered":"http:\/\/blogs.hoy.es\/moterosdehoy\/?p=1736"},"modified":"2015-10-04T19:03:39","modified_gmt":"2015-10-04T19:03:39","slug":"ruta-motera-solidaria-sierra-de-gata","status":"publish","type":"post","link":"https:\/\/blogs.hoy.es\/moterosdehoy\/2015\/10\/04\/ruta-motera-solidaria-sierra-de-gata\/","title":{"rendered":"Ruta motera solidaria Sierra de Gata"},"content":{"rendered":"<p>El pasado mes de agosto no fue un mes grato de recordar para habitantes y amigos de la Sierra de Gata, al norte de C\u00e1ceres.<\/p>\n<p><a href=\"\/moterosdehoy\/wp-content\/uploads\/sites\/45\/2015\/10\/2015-octubre-Sierra-de-Gata1.jpg\"><img loading=\"lazy\" class=\"alignleft size-medium wp-image-1738\" title=\"2015 octubre Sierra de Gata\" src=\"\/moterosdehoy\/wp-content\/uploads\/sites\/45\/2015\/10\/2015-octubre-Sierra-de-Gata1.jpg\" alt=\"\" width=\"215\" height=\"300\" srcset=\"https:\/\/static-blogs.hoy.es\/wp-content\/uploads\/sites\/45\/2015\/10\/2015-octubre-Sierra-de-Gata1.jpg 540w, https:\/\/static-blogs.hoy.es\/wp-content\/uploads\/sites\/45\/2015\/10\/2015-octubre-Sierra-de-Gata1-215x300.jpg 215w\" sizes=\"(max-width: 215px) 100vw, 215px\" \/><\/a>Tuvo lugar un<a title=\"Incendio de Sierra de Gata\" href=\"http:\/\/www.hoy.es\/extremadura\/201508\/11\/incendio-sierra-gata-arrasa-20150811002436-v.html\" target=\"_blank\" rel=\"external nofollow\"> macro incendio<\/a> que desol\u00f3 el 6% del territorio de la comarca, nada menos que 8.237 hect\u00e1reas, hay que recordar que dentro de \u00e9sta mancomunidad se encuentran ubicados nada menos que 19 municipios.<\/p>\n<p>Unos contin\u00faan buscando culpables, otros intentan recuperarse, otros intentan ayudar, y aqu\u00ed llega un grupo de habitantes de la zona afectada que uni\u00e9ndose entre s\u00ed est\u00e1n llevando la organizaci\u00f3n de una &#8220;Ruta Motera Solidaria&#8221;. Dicha ruta tendr\u00e1 lugar el<strong> 11 de octubre<\/strong> y su recorrido transcurrir\u00e1 por la Sierra de Gata, evidentemente no recorrer\u00e1 toda la zona afectada, pues la ruta es de una ma\u00f1ana, pero tendr\u00e1 su salida de <a title=\"Coria en wikipedia\" href=\"https:\/\/es.wikipedia.org\/wiki\/Coria\" target=\"_blank\" rel=\"external nofollow\">Coria<\/a>, pasar\u00e1 por <a title=\"Cilleros en wikipedia\" href=\"https:\/\/es.wikipedia.org\/wiki\/Cilleros\" target=\"_blank\" rel=\"external nofollow\">Cilleros<\/a>, <a title=\"Perales del Puerto en wikipedia\" href=\"https:\/\/es.wikipedia.org\/wiki\/Perales_del_Puerto\" target=\"_blank\" rel=\"external nofollow\">Perales del Puerto<\/a>,\u00a0<a title=\"Acebo en wikipedia\" href=\"https:\/\/es.wikipedia.org\/wiki\/Acebo_(C%C3%A1ceres)\" target=\"_blank\" rel=\"external nofollow\">Acebo<\/a> y finalizar\u00e1 en <a title=\"Hoyos en wikipedia\" href=\"https:\/\/es.wikipedia.org\/wiki\/Hoyos_(C%C3%A1ceres)\" target=\"_blank\" rel=\"external nofollow\">Hoyos<\/a>. Todas ellas poblaciones muy afectadas,<\/p>\n<p>La ruta tendr\u00e1 una <strong>inscripci\u00f3n de 10 euros<\/strong> por persona, d\u00e1ndote derecho a desayuno, 5 ca\u00f1as y comida, cuatro de las ca\u00f1as durante la ruta.<\/p>\n<p>La ruta tendr\u00e1 su punto de reuni\u00f3n desde las <strong>09 horas<\/strong> en el Bar Paquino de Coria, donde seguir\u00e1n disponibles las inscripciones, que ya se pueden realizar por el evento creado en facebook, o haciendo el ingreso en Caja de Extremadura, con n\u00famero de cuenta 2048 1204 12 3000017203, donde habr\u00e1 que indicar el nombre y DNI de la persona que se inscribe, pues ya hay m\u00e1s de doscientos inscritos. Aunque en el evento del facebook aparecen m\u00e1s de cuatrocientos que indican que asistir\u00e1n.<\/p>\n<p>Sobre las <strong>10:30 tendr\u00e1 lugar la salida de la ruta<\/strong> con direcci\u00f3n a Cilleros donde se har\u00e1 una parada con actuaci\u00f3n de baile para todos los asistentes. La siguiente parada tendr\u00e1 lugar en Perales del Puerto, para continuar hasta Acebo y finalizar en Hoyos, donde tendr\u00e1 lugar la comida y a continuaci\u00f3n un festival para todas aquellas personas que quieran seguir.<\/p>\n<p>Para el evento que est\u00e1 teniendo muy buena aceptaci\u00f3n, ya hay personas que han confirmado su visita desde muy diferentes puntos, entre ellos andaluces, madrile\u00f1os e incluso de Barcelona, que con la idea de poder disfrutar de la fiesta han preguntado d\u00f3nde alojarse y les han indicado el Hotel Restaurante El Redoble. Os dejo un <a title=\"Evento Ruta Motera Solidaria Sierra de Gata\" href=\"https:\/\/www.facebook.com\/events\/446376092208223\/\" target=\"_blank\" rel=\"external nofollow\">enlace a su evento en facebook<\/a> para mayor informaci\u00f3n.<\/p>\n<p>Una muestra m\u00e1s de que el colectivo motero es solidario. En caso de que no puedas asistir, dispones del n\u00famero de cuenta donde puedes hacer el aporte que puedas, un poco de cada uno es una cantidad muy grande de todos.<\/p>\n<p><a title=\"facebook de Moteros de Hoy\" href=\"https:\/\/www.facebook.com\/moteroshoy\" target=\"_blank\" rel=\"external nofollow\">Saludos y r\u00e1fagas<\/a>.<\/p>\n<!-- AddThis Advanced Settings generic via filter on the_content --><!-- AddThis Share Buttons generic via filter on the_content -->","protected":false},"excerpt":{"rendered":"<p>El pasado mes de agosto no fue un mes grato de recordar para habitantes y amigos de la Sierra de Gata, al norte de C\u00e1ceres. Tuvo lugar un macro incendio que desol\u00f3 el 6% del territorio de la comarca, nada menos que 8.237 hect\u00e1reas, hay que recordar que dentro de \u00e9sta mancomunidad se encuentran ubicados [&hellip;]<!-- AddThis Advanced Settings generic via filter on get_the_excerpt --><!-- AddThis Share Buttons generic via filter on get_the_excerpt --><\/p>\n","protected":false},"author":49,"featured_media":0,"comment_status":"open","ping_status":"closed","sticky":false,"template":"","format":"standard","meta":[],"categories":[13],"tags":[622,624,871],"_links":{"self":[{"href":"https:\/\/blogs.hoy.es\/moterosdehoy\/wp-json\/wp\/v2\/posts\/1736"}],"collection":[{"href":"https:\/\/blogs.hoy.es\/moterosdehoy\/wp-json\/wp\/v2\/posts"}],"about":[{"href":"https:\/\/blogs.hoy.es\/moterosdehoy\/wp-json\/wp\/v2\/types\/post"}],"author":[{"embeddable":true,"href":"https:\/\/blogs.hoy.es\/moterosdehoy\/wp-json\/wp\/v2\/users\/49"}],"replies":[{"embeddable":true,"href":"https:\/\/blogs.hoy.es\/moterosdehoy\/wp-json\/wp\/v2\/comments?post=1736"}],"version-history":[{"count":0,"href":"https:\/\/blogs.hoy.es\/moterosdehoy\/wp-json\/wp\/v2\/posts\/1736\/revisions"}],"wp:attachment":[{"href":"https:\/\/blogs.hoy.es\/moterosdehoy\/wp-json\/wp\/v2\/media?parent=1736"}],"wp:term":[{"taxonomy":"category","embeddable":true,"href":"https:\/\/blogs.hoy.es\/moterosdehoy\/wp-json\/wp\/v2\/categories?post=1736"},{"taxonomy":"post_tag","embeddable":true,"href":"https:\/\/blogs.hoy.es\/moterosdehoy\/wp-json\/wp\/v2\/tags?post=1736"}],"curies":[{"name":"wp","href":"https:\/\/api.w.org\/{rel}","templated":true}]}}