{"id":1740,"date":"2015-10-13T14:30:22","date_gmt":"2015-10-13T14:30:22","guid":{"rendered":"http:\/\/blogs.hoy.es\/moterosdehoy\/?p=1740"},"modified":"2015-10-13T14:30:22","modified_gmt":"2015-10-13T14:30:22","slug":"vi-convivencia-motera-en-millanes-caceres","status":"publish","type":"post","link":"https:\/\/blogs.hoy.es\/moterosdehoy\/2015\/10\/13\/vi-convivencia-motera-en-millanes-caceres\/","title":{"rendered":"VI Convivencia motera en Millanes (C\u00e1ceres)"},"content":{"rendered":"<p>La Sierra de Gata est\u00e1 en el objetivo de los moteros, y tras la ruta por la Sierra de Gata del fin de semana pasado ahora nos viene otra, \u00e9sta vez con el slogan &#8220;<strong>Solidarios con la Sierra de Gata. Un inscrito = un \u00e1rbol<\/strong>&#8221;<\/p>\n<p><a href=\"\/moterosdehoy\/wp-content\/uploads\/sites\/45\/2015\/10\/2015-octubre-Millanes.jpg\"><img loading=\"lazy\" class=\"alignleft size-medium wp-image-1741\" title=\"2015 octubre Millanes\" src=\"\/moterosdehoy\/wp-content\/uploads\/sites\/45\/2015\/10\/2015-octubre-Millanes.jpg\" alt=\"\" width=\"165\" height=\"300\" srcset=\"https:\/\/static-blogs.hoy.es\/wp-content\/uploads\/sites\/45\/2015\/10\/2015-octubre-Millanes.jpg 528w, https:\/\/static-blogs.hoy.es\/wp-content\/uploads\/sites\/45\/2015\/10\/2015-octubre-Millanes-165x300.jpg 165w\" sizes=\"(max-width: 165px) 100vw, 165px\" \/><\/a>Tendr\u00e1 lugar el <strong>domingo d\u00eda 18 de octubre<\/strong>, en la localidad cacere\u00f1a de <a title=\"Millanes en wikipedia\" href=\"https:\/\/es.wikipedia.org\/wiki\/Millanes\" target=\"_blank\" rel=\"external nofollow\">Millanes<\/a>.<\/p>\n<p>Desde la organizaci\u00f3n han tomado la iniciativa de donar un arbol por cada inscrito que tengan en la convivencia, y todo el que quiera aunque no pueda asistir, puede colaborar econ\u00f3micamente a trav\u00e9s del n\u00famero de cuenta \u00a0ES21 3009 0089 73 2434260812, con el concepto &#8220;Donativo repoblaci\u00f3n Sierra de Gata&#8221;. El dinero que se recaude sera entregado a la Mancomunidad para sufragar los gastos e inversiones que se hagan en la zona.\u00a0Los arboles los recoger\u00e1n en la semana siguiente de la concentraci\u00f3n y ser\u00e1n plantados por colegios de la zona afectada que se han ofrecido a ello.<\/p>\n<p>En ese mismo numero de cuenta se pueden abonar las<strong> inscripciones de 10\u20ac<\/strong> por anticipado, poniendo en el concepto nombre, \u00a0apellidos y DNI.<\/p>\n<p>Dentro del programa tienen preparado:<\/p>\n<p>De 10 a 11 horas, inscripciones en &#8220;Bar las Tinajas&#8221; de Millanes, que tendr\u00e1n el mismo precio que en venta anticipada (diez euros). Con ella obtendr\u00e1s tres consuminiones, comida, bolsa conmemorativa y sorteo de regalos.<\/p>\n<p>11 a 13 h. Ruta por la zona de los Ibores, con pincho y refrigerio en Navalmoral de la Mata. A\u00a0la salida de la ruta habr\u00e1 un homenaje a Natalio, un chico de la localidad que fat\u00eddicamente fallecio en un accidente laboral hace dos semanas.<\/p>\n<p>13 a 14:30 h. Ruta bar\u00edtima, dentro de Millanes, y durante la convivencia exhibici\u00f3n de &#8220;<a title=\"Facebook de Dario Casta\u00f1ares\" href=\"https:\/\/www.facebook.com\/dario.castanartesmunoz\" target=\"_blank\" rel=\"external nofollow\">Dario Casta\u00f1ares<\/a>&#8220;.<\/p>\n<p>14:30 h. Comida en &#8220;Bar las Tinajas&#8221;<\/p>\n<p>15:30 h. Sorteo de regalos.<\/p>\n<p>Una concentraci\u00f3n que adem\u00e1s de tener su ideal de pasar un buen rato entre amigos, e incluso hacer nuevas amistades, tiene su trasfondo solidario. An\u00edmate a asistir y pasar un buen rato.<\/p>\n<p><a title=\"Otras concentraciones de octubre\" href=\"http:\/\/www.moterosdehoy.es\/2015\/09\/28\/concentraciones-y-kdds-moteras-en-octubre-2015\/\" target=\"_blank\" rel=\"external nofollow\">Saludos y r\u00e1fagas<\/a>.<\/p>\n<!-- AddThis Advanced Settings generic via filter on the_content --><!-- AddThis Share Buttons generic via filter on the_content -->","protected":false},"excerpt":{"rendered":"<p>La Sierra de Gata est\u00e1 en el objetivo de los moteros, y tras la ruta por la Sierra de Gata del fin de semana pasado ahora nos viene otra, \u00e9sta vez con el slogan &#8220;Solidarios con la Sierra de Gata. Un inscrito = un \u00e1rbol&#8221; Tendr\u00e1 lugar el domingo d\u00eda 18 de octubre, en la [&hellip;]<!-- AddThis Advanced Settings generic via filter on get_the_excerpt --><!-- AddThis Share Buttons generic via filter on get_the_excerpt --><\/p>\n","protected":false},"author":49,"featured_media":0,"comment_status":"open","ping_status":"closed","sticky":false,"template":"","format":"standard","meta":[],"categories":[13],"tags":[622,624,702,998],"_links":{"self":[{"href":"https:\/\/blogs.hoy.es\/moterosdehoy\/wp-json\/wp\/v2\/posts\/1740"}],"collection":[{"href":"https:\/\/blogs.hoy.es\/moterosdehoy\/wp-json\/wp\/v2\/posts"}],"about":[{"href":"https:\/\/blogs.hoy.es\/moterosdehoy\/wp-json\/wp\/v2\/types\/post"}],"author":[{"embeddable":true,"href":"https:\/\/blogs.hoy.es\/moterosdehoy\/wp-json\/wp\/v2\/users\/49"}],"replies":[{"embeddable":true,"href":"https:\/\/blogs.hoy.es\/moterosdehoy\/wp-json\/wp\/v2\/comments?post=1740"}],"version-history":[{"count":0,"href":"https:\/\/blogs.hoy.es\/moterosdehoy\/wp-json\/wp\/v2\/posts\/1740\/revisions"}],"wp:attachment":[{"href":"https:\/\/blogs.hoy.es\/moterosdehoy\/wp-json\/wp\/v2\/media?parent=1740"}],"wp:term":[{"taxonomy":"category","embeddable":true,"href":"https:\/\/blogs.hoy.es\/moterosdehoy\/wp-json\/wp\/v2\/categories?post=1740"},{"taxonomy":"post_tag","embeddable":true,"href":"https:\/\/blogs.hoy.es\/moterosdehoy\/wp-json\/wp\/v2\/tags?post=1740"}],"curies":[{"name":"wp","href":"https:\/\/api.w.org\/{rel}","templated":true}]}}