{"id":1750,"date":"2015-10-23T22:31:43","date_gmt":"2015-10-23T22:31:43","guid":{"rendered":"http:\/\/blogs.hoy.es\/moterosdehoy\/?p=1750"},"modified":"2015-10-23T22:31:43","modified_gmt":"2015-10-23T22:31:43","slug":"concentracion-motera-en-ribera-del-fresno","status":"publish","type":"post","link":"https:\/\/blogs.hoy.es\/moterosdehoy\/2015\/10\/23\/concentracion-motera-en-ribera-del-fresno\/","title":{"rendered":"Concentraci\u00f3n motera en Ribera del Fresno"},"content":{"rendered":"<p>El fin de semana del <strong>24 y 25 de octubre<\/strong> tenemos la s\u00e9ptima concentraci\u00f3n motera &#8220;Los Compadres&#8221; en<strong> <a title=\"Ribera del Fresno en wikipedia\" href=\"https:\/\/es.wikipedia.org\/wiki\/Ribera_del_Fresno\" target=\"_blank\" rel=\"external nofollow\">Ribera del Fresno<\/a><\/strong>\u00a0(Badajoz).<\/p>\n<p><a href=\"\/moterosdehoy\/wp-content\/uploads\/sites\/45\/2015\/10\/2015-octubre-Ribera-del-Fresno.jpg\"><img loading=\"lazy\" class=\"alignleft size-medium wp-image-1751\" title=\"2015 octubre Ribera del Fresno\" src=\"\/moterosdehoy\/wp-content\/uploads\/sites\/45\/2015\/10\/2015-octubre-Ribera-del-Fresno.jpg\" alt=\"\" width=\"213\" height=\"300\" srcset=\"https:\/\/static-blogs.hoy.es\/wp-content\/uploads\/sites\/45\/2015\/10\/2015-octubre-Ribera-del-Fresno.jpg 682w, https:\/\/static-blogs.hoy.es\/wp-content\/uploads\/sites\/45\/2015\/10\/2015-octubre-Ribera-del-Fresno-213x300.jpg 213w\" sizes=\"(max-width: 213px) 100vw, 213px\" \/><\/a>El s\u00e1bado d\u00eda 24 la concentraci\u00f3n comenzar\u00e1 por la tarde a las 17:00 horas, continuando con ruta bar\u00edtima, cena y conciertos. Ser\u00e1 como una abrir de boca para el domingo, d\u00eda grande de la concentraci\u00f3n.<\/p>\n<p>Para el domingo nos tienen preparada una ruta por la comarca del Matachel, y despu\u00e9s de la comida su famosa quema del compadre.<\/p>\n<p>En el cartel del evento ten\u00e9is todo el programa, con sus horarios.<\/p>\n<p>Habr\u00e1n dos tipos de <strong>inscripciones<\/strong>, una de un d\u00eda (s\u00e1bado o domingo) por <strong>7\u20ac y<\/strong> una de fin de semana de <strong>12\u20ac<\/strong>, lo que te dar\u00e1 acceso a acampada dentro de zona cerrada.<\/p>\n<p>Ser\u00e1 todo un fin de semana cargado de buen ambiente y fiesta motera, p\u00e1sate y no te arrepentir\u00e1s.<\/p>\n<p>Saludos y r\u00e1fagas.<\/p>\n<!-- AddThis Advanced Settings generic via filter on the_content --><!-- AddThis Share Buttons generic via filter on the_content -->","protected":false},"excerpt":{"rendered":"<p>El fin de semana del 24 y 25 de octubre tenemos la s\u00e9ptima concentraci\u00f3n motera &#8220;Los Compadres&#8221; en Ribera del Fresno\u00a0(Badajoz). El s\u00e1bado d\u00eda 24 la concentraci\u00f3n comenzar\u00e1 por la tarde a las 17:00 horas, continuando con ruta bar\u00edtima, cena y conciertos. Ser\u00e1 como una abrir de boca para el domingo, d\u00eda grande de la [&hellip;]<!-- AddThis Advanced Settings generic via filter on get_the_excerpt --><!-- AddThis Share Buttons generic via filter on get_the_excerpt --><\/p>\n","protected":false},"author":49,"featured_media":0,"comment_status":"open","ping_status":"closed","sticky":false,"template":"","format":"standard","meta":[],"categories":[13],"tags":[33,613,622,626,694],"_links":{"self":[{"href":"https:\/\/blogs.hoy.es\/moterosdehoy\/wp-json\/wp\/v2\/posts\/1750"}],"collection":[{"href":"https:\/\/blogs.hoy.es\/moterosdehoy\/wp-json\/wp\/v2\/posts"}],"about":[{"href":"https:\/\/blogs.hoy.es\/moterosdehoy\/wp-json\/wp\/v2\/types\/post"}],"author":[{"embeddable":true,"href":"https:\/\/blogs.hoy.es\/moterosdehoy\/wp-json\/wp\/v2\/users\/49"}],"replies":[{"embeddable":true,"href":"https:\/\/blogs.hoy.es\/moterosdehoy\/wp-json\/wp\/v2\/comments?post=1750"}],"version-history":[{"count":0,"href":"https:\/\/blogs.hoy.es\/moterosdehoy\/wp-json\/wp\/v2\/posts\/1750\/revisions"}],"wp:attachment":[{"href":"https:\/\/blogs.hoy.es\/moterosdehoy\/wp-json\/wp\/v2\/media?parent=1750"}],"wp:term":[{"taxonomy":"category","embeddable":true,"href":"https:\/\/blogs.hoy.es\/moterosdehoy\/wp-json\/wp\/v2\/categories?post=1750"},{"taxonomy":"post_tag","embeddable":true,"href":"https:\/\/blogs.hoy.es\/moterosdehoy\/wp-json\/wp\/v2\/tags?post=1750"}],"curies":[{"name":"wp","href":"https:\/\/api.w.org\/{rel}","templated":true}]}}