{"id":1753,"date":"2015-10-28T07:17:37","date_gmt":"2015-10-28T07:17:37","guid":{"rendered":"http:\/\/blogs.hoy.es\/moterosdehoy\/?p=1753"},"modified":"2015-10-28T07:17:37","modified_gmt":"2015-10-28T07:17:37","slug":"concentracion-nacional-contra-los-guardarrailes-asesinos","status":"publish","type":"post","link":"https:\/\/blogs.hoy.es\/moterosdehoy\/2015\/10\/28\/concentracion-nacional-contra-los-guardarrailes-asesinos\/","title":{"rendered":"Concentraci\u00f3n nacional contra los Guardarrailes Asesinos"},"content":{"rendered":"<p>Muchos motoclubs de Espa\u00f1a liderados por Volando Bajito Madrid y apoyados por la reci\u00e9n creada IMU (Uni\u00f3n Internacional para la defensa del Motociclista), han organizado para \u00e9ste domingo una macro concentraci\u00f3n motera en Madrid, para reclamar la instalaci\u00f3n de guardarra\u00edles seguros en nuestras carreteras.<\/p>\n<p><a href=\"\/moterosdehoy\/wp-content\/uploads\/sites\/45\/2015\/10\/Guardarrailes-asesinos.jpg\"><img loading=\"lazy\" class=\"alignleft size-medium wp-image-1754\" title=\"Guardarrailes asesinos\" src=\"\/moterosdehoy\/wp-content\/uploads\/sites\/45\/2015\/10\/Guardarrailes-asesinos.jpg\" alt=\"\" width=\"168\" height=\"300\" srcset=\"https:\/\/static-blogs.hoy.es\/wp-content\/uploads\/sites\/45\/2015\/10\/Guardarrailes-asesinos.jpg 1012w, https:\/\/static-blogs.hoy.es\/wp-content\/uploads\/sites\/45\/2015\/10\/Guardarrailes-asesinos-768x1365.jpg 768w, https:\/\/static-blogs.hoy.es\/wp-content\/uploads\/sites\/45\/2015\/10\/Guardarrailes-asesinos-576x1024.jpg 576w\" sizes=\"(max-width: 168px) 100vw, 168px\" \/><\/a>Para ello, desde muchos y muy distintos puntos de toda la geograf\u00eda espa\u00f1ola, se est\u00e1n convocando quedadas para asistir unidos el <strong>domingo d\u00eda uno de noviembre en Madrid<\/strong>. La idea es estar frente al Santiago Bernabeu para a las 12:30 iniciar una marcha.<\/p>\n<p>La uni\u00f3n hace la fuerza y por ello es necesario que nos unamos. Son muchos a\u00f1os de lucha contra los guardarra\u00edles que no cumplen con nuestra seguridad y el derecho a nuestra vida es un compromiso de todos.<\/p>\n<p>Acudir en grupos o de modo individual, como m\u00e1s os guste, pero acudir, habr\u00e1n muuuuuchas motos y pondr\u00e1s tu granito de arena por la causa.<\/p>\n<p>Si quieres m\u00e1s <a title=\"Convocatoria en facebook\" href=\"https:\/\/www.facebook.com\/guardarrailes.asesinos\" target=\"_blank\" rel=\"external nofollow\">informaci\u00f3n clic aqu\u00ed<\/a>.<\/p>\n<p>Saludos y r\u00e1fagas.<\/p>\n<!-- AddThis Advanced Settings generic via filter on the_content --><!-- AddThis Share Buttons generic via filter on the_content -->","protected":false},"excerpt":{"rendered":"<p>Muchos motoclubs de Espa\u00f1a liderados por Volando Bajito Madrid y apoyados por la reci\u00e9n creada IMU (Uni\u00f3n Internacional para la defensa del Motociclista), han organizado para \u00e9ste domingo una macro concentraci\u00f3n motera en Madrid, para reclamar la instalaci\u00f3n de guardarra\u00edles seguros en nuestras carreteras. Para ello, desde muchos y muy distintos puntos de toda la [&hellip;]<!-- AddThis Advanced Settings generic via filter on get_the_excerpt --><!-- AddThis Share Buttons generic via filter on get_the_excerpt --><\/p>\n","protected":false},"author":49,"featured_media":0,"comment_status":"open","ping_status":"closed","sticky":false,"template":"","format":"standard","meta":[],"categories":[13],"tags":[444,446,622],"_links":{"self":[{"href":"https:\/\/blogs.hoy.es\/moterosdehoy\/wp-json\/wp\/v2\/posts\/1753"}],"collection":[{"href":"https:\/\/blogs.hoy.es\/moterosdehoy\/wp-json\/wp\/v2\/posts"}],"about":[{"href":"https:\/\/blogs.hoy.es\/moterosdehoy\/wp-json\/wp\/v2\/types\/post"}],"author":[{"embeddable":true,"href":"https:\/\/blogs.hoy.es\/moterosdehoy\/wp-json\/wp\/v2\/users\/49"}],"replies":[{"embeddable":true,"href":"https:\/\/blogs.hoy.es\/moterosdehoy\/wp-json\/wp\/v2\/comments?post=1753"}],"version-history":[{"count":0,"href":"https:\/\/blogs.hoy.es\/moterosdehoy\/wp-json\/wp\/v2\/posts\/1753\/revisions"}],"wp:attachment":[{"href":"https:\/\/blogs.hoy.es\/moterosdehoy\/wp-json\/wp\/v2\/media?parent=1753"}],"wp:term":[{"taxonomy":"category","embeddable":true,"href":"https:\/\/blogs.hoy.es\/moterosdehoy\/wp-json\/wp\/v2\/categories?post=1753"},{"taxonomy":"post_tag","embeddable":true,"href":"https:\/\/blogs.hoy.es\/moterosdehoy\/wp-json\/wp\/v2\/tags?post=1753"}],"curies":[{"name":"wp","href":"https:\/\/api.w.org\/{rel}","templated":true}]}}