{"id":1755,"date":"2015-11-03T12:21:15","date_gmt":"2015-11-03T12:21:15","guid":{"rendered":"http:\/\/blogs.hoy.es\/moterosdehoy\/?p=1755"},"modified":"2015-11-03T12:21:15","modified_gmt":"2015-11-03T12:21:15","slug":"gran-inauguracion-de-un-nuevo-bar-motero-en-badajoz","status":"publish","type":"post","link":"https:\/\/blogs.hoy.es\/moterosdehoy\/2015\/11\/03\/gran-inauguracion-de-un-nuevo-bar-motero-en-badajoz\/","title":{"rendered":"Gran Inauguraci\u00f3n de un nuevo BAR MOTERO en Badajoz"},"content":{"rendered":"<p>Badajoz a pesar de ser una gran ciudad y en la que tenemos mucha afici\u00f3n motera, no dispon\u00edamos de un Bar Motero con todas sus letras. Si es cierto que hay varios que por su configuraci\u00f3n, sus due\u00f1os moteros&#8230; tiene su car\u00e1cter motero, como el Pub Refugio, el Restaurante Laguna Seca, o El B\u00e1 de Fran, pero por fin dispondremos de uno desde el que poder desayunar para partir antes de las rutas, regresar a \u00e9l una vez de vuelta, para las ca\u00f1as o comidas, ir de marcha por las noches, y utilizarlo como sede si es necesario.<\/p>\n<p><a href=\"\/moterosdehoy\/wp-content\/uploads\/sites\/45\/2015\/11\/Cafe-Bar-RUTA-3_24.jpg\"><img loading=\"lazy\" class=\"alignleft size-medium wp-image-1758\" title=\"Cafe Bar RUTA 3_24\" src=\"\/moterosdehoy\/wp-content\/uploads\/sites\/45\/2015\/11\/Cafe-Bar-RUTA-3_24.jpg\" alt=\"\" width=\"196\" height=\"300\" srcset=\"https:\/\/static-blogs.hoy.es\/wp-content\/uploads\/sites\/45\/2015\/11\/Cafe-Bar-RUTA-3_24.jpg 422w, https:\/\/static-blogs.hoy.es\/wp-content\/uploads\/sites\/45\/2015\/11\/Cafe-Bar-RUTA-3_24-196x300.jpg 196w\" sizes=\"(max-width: 196px) 100vw, 196px\" \/><\/a>Para todo ello, \u00e9ste s\u00e1bado d\u00eda 07 de noviembre tendr\u00e1 su apertura y gran fiesta de inauguraci\u00f3n el <strong>CAF\u00c9 BAR &#8211; RUTA 3.24 &#8211; ROCK &#038; FOOD<\/strong>.<\/p>\n<p>El nuevo local se encuentra en el Pol\u00edgono el Nevero, de Badajoz, concretamente en la Avd. Joaqu\u00edn S\u00e1nchez Valverde, en su esquina con la Avd. Manuel Pi\u00f1ero, antigua localizaci\u00f3n de un after.<\/p>\n<p>Para poder realizar una inauguraci\u00f3n como corresponde, se ha organizado una concentraci\u00f3n motera, que tiene el siguiente PROGRAMA:<\/p>\n<p>09:00 a 10:00 h. Desayuno en <a title=\"Bar restaurante El B\u00e1 de Fran\" href=\"http:\/\/www.badajozdirecto.com\/empresas\/p23\/index.php?pag=1&#038;id=228&#038;sector=277&#038;p=23&#038;ruta_promoweb=\" target=\"_blank\" rel=\"external nofollow\">El B\u00e1 de Fran<\/a>, <strong>migas y caf\u00e9 por UN EURO<\/strong>. El B\u00e1 de Fran est\u00e1 situado en el parque de San Fernando, de Badajoz, C\/ Somoza Rivera, 16.<\/p>\n<p>10:05 h. RUTA de unos 50 kil\u00f3metros, partiendo direcci\u00f3n Valverde de Legan\u00e9s, T\u00e1liga y <a title=\"P\u00e1gina oficial de Alconchel\" href=\"http:\/\/www.alconchel.es\/\" target=\"_blank\" rel=\"external nofollow\">Alconchel<\/a>, lugar donde se visitar\u00e1 el <a title=\"Castillo de Miraflores\" href=\"http:\/\/turismoextremadura.com\/viajar\/turismo\/es\/explora\/Castillo-de-Miraflores_1924203554\/\" target=\"_blank\" rel=\"external nofollow\">Castillo de Miraflores<\/a>. La ruta a\u00fan est\u00e1 en estudio y pudiera tener cambios, de ser as\u00ed ya se publicar\u00eda.<\/p>\n<p>12:15 h. RUTA de otros 50 kil\u00f3metros, pasando por Olivenza y llegada a Badajoz, para poder estar presentes en el nuevo local para la hora de las ca\u00f1as. All\u00ed habr\u00e1 <strong>PAELLA y CALDERETA<\/strong>. Sorteo de regalos y por supuesto buena m\u00fasica y fiesta motera durante toda la tarde.<\/p>\n<p>Para poder acudir al evento <strong>NO HAY INSCRIPCI\u00d3N<\/strong>, pero sus organizadores te agradecer\u00e1n tanto tu asistencia como divulgaci\u00f3n.<\/p>\n<p>All\u00ed nos vemos el d\u00eda siete.<\/p>\n<p>Saludos y r\u00e1fagas.<\/p>\n<!-- AddThis Advanced Settings generic via filter on the_content --><!-- AddThis Share Buttons generic via filter on the_content -->","protected":false},"excerpt":{"rendered":"<p>Badajoz a pesar de ser una gran ciudad y en la que tenemos mucha afici\u00f3n motera, no dispon\u00edamos de un Bar Motero con todas sus letras. Si es cierto que hay varios que por su configuraci\u00f3n, sus due\u00f1os moteros&#8230; tiene su car\u00e1cter motero, como el Pub Refugio, el Restaurante Laguna Seca, o El B\u00e1 de [&hellip;]<!-- AddThis Advanced Settings generic via filter on get_the_excerpt --><!-- AddThis Share Buttons generic via filter on get_the_excerpt --><\/p>\n","protected":false},"author":49,"featured_media":0,"comment_status":"open","ping_status":"closed","sticky":false,"template":"","format":"standard","meta":[],"categories":[13],"tags":[128,356,613,622,844,848],"_links":{"self":[{"href":"https:\/\/blogs.hoy.es\/moterosdehoy\/wp-json\/wp\/v2\/posts\/1755"}],"collection":[{"href":"https:\/\/blogs.hoy.es\/moterosdehoy\/wp-json\/wp\/v2\/posts"}],"about":[{"href":"https:\/\/blogs.hoy.es\/moterosdehoy\/wp-json\/wp\/v2\/types\/post"}],"author":[{"embeddable":true,"href":"https:\/\/blogs.hoy.es\/moterosdehoy\/wp-json\/wp\/v2\/users\/49"}],"replies":[{"embeddable":true,"href":"https:\/\/blogs.hoy.es\/moterosdehoy\/wp-json\/wp\/v2\/comments?post=1755"}],"version-history":[{"count":0,"href":"https:\/\/blogs.hoy.es\/moterosdehoy\/wp-json\/wp\/v2\/posts\/1755\/revisions"}],"wp:attachment":[{"href":"https:\/\/blogs.hoy.es\/moterosdehoy\/wp-json\/wp\/v2\/media?parent=1755"}],"wp:term":[{"taxonomy":"category","embeddable":true,"href":"https:\/\/blogs.hoy.es\/moterosdehoy\/wp-json\/wp\/v2\/categories?post=1755"},{"taxonomy":"post_tag","embeddable":true,"href":"https:\/\/blogs.hoy.es\/moterosdehoy\/wp-json\/wp\/v2\/tags?post=1755"}],"curies":[{"name":"wp","href":"https:\/\/api.w.org\/{rel}","templated":true}]}}