{"id":1782,"date":"2015-11-30T19:37:32","date_gmt":"2015-11-30T19:37:32","guid":{"rendered":"http:\/\/blogs.hoy.es\/moterosdehoy\/?p=1782"},"modified":"2015-11-30T19:37:32","modified_gmt":"2015-11-30T19:37:32","slug":"potitos-solidarios-en-plasencia","status":"publish","type":"post","link":"https:\/\/blogs.hoy.es\/moterosdehoy\/2015\/11\/30\/potitos-solidarios-en-plasencia\/","title":{"rendered":"Potitos solidarios en Plasencia"},"content":{"rendered":"<p>El s\u00e1bado d\u00eda <strong>5 de diciembre<\/strong> tenemos otra buena causa solidaria en <strong><a title=\"Potitos Solidarios en Plasencia\" href=\"https:\/\/es.wikipedia.org\/wiki\/Plasencia\" target=\"_blank\" rel=\"external nofollow\">Plasencia<\/a><\/strong> (C\u00e1ceres).<\/p>\n<p><a href=\"\/moterosdehoy\/wp-content\/uploads\/sites\/45\/2015\/11\/2015-diciembre-Plasencia.jpg\"><img loading=\"lazy\" class=\"alignleft size-medium wp-image-1783\" title=\"2015 diciembre Plasencia\" src=\"\/moterosdehoy\/wp-content\/uploads\/sites\/45\/2015\/11\/2015-diciembre-Plasencia.jpg\" alt=\"\" width=\"203\" height=\"300\" srcset=\"https:\/\/static-blogs.hoy.es\/wp-content\/uploads\/sites\/45\/2015\/11\/2015-diciembre-Plasencia.jpg 652w, https:\/\/static-blogs.hoy.es\/wp-content\/uploads\/sites\/45\/2015\/11\/2015-diciembre-Plasencia-204x300.jpg 204w\" sizes=\"(max-width: 203px) 100vw, 203px\" \/><\/a>Los Clubes Moteros de Plasencia en colaboraci\u00f3n con las Administraciones P\u00fablicas y los Cuerpos de Seguridad efectuar\u00e1n una recogida de potitos, pa\u00f1ales, alimentaci\u00f3n y enseres de primera necesidad para beb\u00e9s a beneficio de Red Madre Plasencia.<\/p>\n<p>El encuentro y recogida tendr\u00e1 lugar <strong>a las 12:00 horas<\/strong> en la Plaza Mayor de Plasencia,<\/p>\n<p>No dudes en mostrar tu apoyo, presencia y colaboraci\u00f3n. Adem\u00e1s podr\u00e1s disfrutar de una localidad llena de historia y como no, circular por nuestra preciosa <a title=\"Ruta V\u00eda de la Plata\" href=\"http:\/\/www.rutadelaplata.com\/es\" target=\"_blank\" rel=\"external nofollow\">V\u00eda de la Plata<\/a>.<\/p>\n<p>Saludos y r\u00e1fagas.<\/p>\n<!-- AddThis Advanced Settings generic via filter on the_content --><!-- AddThis Share Buttons generic via filter on the_content -->","protected":false},"excerpt":{"rendered":"<p>El s\u00e1bado d\u00eda 5 de diciembre tenemos otra buena causa solidaria en Plasencia (C\u00e1ceres). Los Clubes Moteros de Plasencia en colaboraci\u00f3n con las Administraciones P\u00fablicas y los Cuerpos de Seguridad efectuar\u00e1n una recogida de potitos, pa\u00f1ales, alimentaci\u00f3n y enseres de primera necesidad para beb\u00e9s a beneficio de Red Madre Plasencia. El encuentro y recogida tendr\u00e1 [&hellip;]<!-- AddThis Advanced Settings generic via filter on get_the_excerpt --><!-- AddThis Share Buttons generic via filter on get_the_excerpt --><\/p>\n","protected":false},"author":49,"featured_media":1783,"comment_status":"open","ping_status":"closed","sticky":false,"template":"","format":"standard","meta":[],"categories":[13],"tags":[622,624,707,794,882],"_links":{"self":[{"href":"https:\/\/blogs.hoy.es\/moterosdehoy\/wp-json\/wp\/v2\/posts\/1782"}],"collection":[{"href":"https:\/\/blogs.hoy.es\/moterosdehoy\/wp-json\/wp\/v2\/posts"}],"about":[{"href":"https:\/\/blogs.hoy.es\/moterosdehoy\/wp-json\/wp\/v2\/types\/post"}],"author":[{"embeddable":true,"href":"https:\/\/blogs.hoy.es\/moterosdehoy\/wp-json\/wp\/v2\/users\/49"}],"replies":[{"embeddable":true,"href":"https:\/\/blogs.hoy.es\/moterosdehoy\/wp-json\/wp\/v2\/comments?post=1782"}],"version-history":[{"count":0,"href":"https:\/\/blogs.hoy.es\/moterosdehoy\/wp-json\/wp\/v2\/posts\/1782\/revisions"}],"wp:featuredmedia":[{"embeddable":true,"href":"https:\/\/blogs.hoy.es\/moterosdehoy\/wp-json\/wp\/v2\/media\/1783"}],"wp:attachment":[{"href":"https:\/\/blogs.hoy.es\/moterosdehoy\/wp-json\/wp\/v2\/media?parent=1782"}],"wp:term":[{"taxonomy":"category","embeddable":true,"href":"https:\/\/blogs.hoy.es\/moterosdehoy\/wp-json\/wp\/v2\/categories?post=1782"},{"taxonomy":"post_tag","embeddable":true,"href":"https:\/\/blogs.hoy.es\/moterosdehoy\/wp-json\/wp\/v2\/tags?post=1782"}],"curies":[{"name":"wp","href":"https:\/\/api.w.org\/{rel}","templated":true}]}}