{"id":1787,"date":"2015-12-10T22:53:35","date_gmt":"2015-12-10T22:53:35","guid":{"rendered":"http:\/\/blogs.hoy.es\/moterosdehoy\/?p=1787"},"modified":"2015-12-10T22:53:35","modified_gmt":"2015-12-10T22:53:35","slug":"toy-run-2015-badajoz","status":"publish","type":"post","link":"https:\/\/blogs.hoy.es\/moterosdehoy\/2015\/12\/10\/toy-run-2015-badajoz\/","title":{"rendered":"TOY RUN 2015 Badajoz"},"content":{"rendered":"<p>Todo indicaba que \u00e9ste a\u00f1o Badajoz no tendr\u00eda su encuentro motero para cerrar el a\u00f1o y que en \u00e9stos tres \u00faltimos a\u00f1os, fue denominado Encuentro Motero Solidario de Badajoz.<\/p>\n<p><a href=\"\/moterosdehoy\/wp-content\/uploads\/sites\/45\/2015\/12\/Toy-Run-2015-Badajoz1.jpg\"><img loading=\"lazy\" class=\"alignleft size-medium wp-image-1794\" title=\"Toy Run 2015 Badajoz\" src=\"\/moterosdehoy\/wp-content\/uploads\/sites\/45\/2015\/12\/Toy-Run-2015-Badajoz1.jpg\" alt=\"\" width=\"212\" height=\"300\" srcset=\"https:\/\/static-blogs.hoy.es\/wp-content\/uploads\/sites\/45\/2015\/12\/Toy-Run-2015-Badajoz1.jpg 3508w, https:\/\/static-blogs.hoy.es\/wp-content\/uploads\/sites\/45\/2015\/12\/Toy-Run-2015-Badajoz1-212x300.jpg 212w, https:\/\/static-blogs.hoy.es\/wp-content\/uploads\/sites\/45\/2015\/12\/Toy-Run-2015-Badajoz1-768x1086.jpg 768w, https:\/\/static-blogs.hoy.es\/wp-content\/uploads\/sites\/45\/2015\/12\/Toy-Run-2015-Badajoz1-724x1024.jpg 724w\" sizes=\"(max-width: 212px) 100vw, 212px\" \/><\/a>Pero <a title=\"Enlace al facebook de Moteros de Hoy\" href=\"https:\/\/www.facebook.com\/moteroshoy\/\" target=\"_blank\" rel=\"external nofollow\">Moteros de Hoy<\/a>, fundado como Asociaci\u00f3n en \u00e9ste a\u00f1o y de cuyos integrantes, dos de ellos ya participaron en esas tres ediciones, no quer\u00edan dejar pasar el a\u00f1o sin organizar algo, y aunque tendr\u00e1 un car\u00e1cter mucho m\u00e1s humilde, no ser\u00e1n menos las ganas de que todo transcurra bien.<\/p>\n<p>Para evitar toda la organizaci\u00f3n que necesita un evento de \u00e9ste tipo y <!--more-->ayudados por la reciente incorporaci\u00f3n en la ciudad del <a title=\"Enlace al facebook del Ruta 3.24\" href=\"https:\/\/www.facebook.com\/RUTA-324-1703706703243872\/\" target=\"_blank\" rel=\"external nofollow\">Caf\u00e9 Bar Ruta 3.24 Rock &#038; Food<\/a>, motero 100 %, contactamos con ellos y nos pusimos de acuerdo en organizar un evento motero, dicho evento tiene el nombre de TOY RUN 2015 BADAJOZ.<\/p>\n<p>El evento, de cierta manera est\u00e1 en funcionamiento desde el mismo d\u00eda en que se decidi\u00f3 realizarlo, pues se trata de una recogida de ropa y juguetes, que se har\u00e1 entrega el d\u00eda 19 de diciembre a la Asociaci\u00f3n Grupo Joven, de Suerte de Saavedra, Badajoz. Del mismo modo tambi\u00e9n se est\u00e1 recogiendo dinero que ser\u00e1 entregado a la Asociaci\u00f3n Oncol\u00f3gica de Extremadura, <a title=\"P\u00e1gina oficial de AOEX\" href=\"http:\/\/www.aoex.es\/\" target=\"_blank\" rel=\"external nofollow\">AOEx<\/a>. Por la entrega de ropa, juguetes o se aporten m\u00e1s de dos euros para AOEx, se recibir\u00e1 una papeleta para entrar en sorteos de cena para dos personas en el propio Caf\u00e9 Bar Ruta 3.24 Rock &#038; Food, El B\u00e1 de Fran (sito en el parque de San Fernando, Badajoz), y Cervecer\u00eda El Pilar (sita en Valdepasillas, cerca de la Jefatura Provincial de Tr\u00e1fico, JPT, de Badajoz). En dichos locales puedes realizar la entrega de las donaciones.<\/p>\n<p>Otro establecimiento que se ofreci\u00f3 como punto de recogida es el Mes\u00f3n Tentud\u00eda, situado tambi\u00e9n pr\u00f3ximo a la JPT.<\/p>\n<p>Adem\u00e1s tambi\u00e9n se sortear\u00e1n tres pantalones moteros donados para la ocasi\u00f3n por <a title=\"BMW Motorrad Extrauto en la red\" href=\"https:\/\/extrautobmw.wordpress.com\/tag\/bmw-motorrad\/\" target=\"_blank\" rel=\"external nofollow\">BMW Motorrad \u2013 Extrauto<\/a>, y habr\u00e1 un sorteo estrella de una noche con pensi\u00f3n completa en el <a title=\"P\u00e1gina oficial del Gran Hotel Aqualange\" href=\"http:\/\/www.balneariodealange.com\/hotel_aqualange.html\" target=\"_blank\" rel=\"external nofollow\">Gran Hotel Aqualange<\/a>, de cuatro estrellas, acompa\u00f1ado de un circuito de balneoterapia en el <a title=\"Web del Balneario de Alange\" href=\"http:\/\/www.balneariodealange.com\/\" target=\"_blank\" rel=\"external nofollow\">Balneario de Alange<\/a>, todo ello para dos personas. Todo un lujo en unas Termas Romanas Patrimonio Mundial.<\/p>\n<p>Hay que se\u00f1alar que la Asociaci\u00f3n Grupo Joven, a quien se har\u00e1 entrega de la ropa y juguetes donados, es una asociaci\u00f3n que trabaja en forma de cooperativa, por lo que no se beneficiar\u00e1n solamente los del barrio de Suerte de Saavedra, lugar donde tienen su sede, sino a todos los que lo necesiten.<\/p>\n<p>El evento tendr\u00e1 el siguiente <strong>PROGRAMA<\/strong>:<\/p>\n<p>Desde las 09:00 horas CAF\u00c9 Y MIGAS POR UN EURO, en El B\u00e1 de Fran, y en Caf\u00e9 Bar Ruta 3.24.<\/p>\n<p>10:30 h, concentraci\u00f3n en el Caf\u00e9 Bar Ruta 3.24, para salir de ruta por ciudad a las 11:00 h. Realizando una parada en el Puente de Palmas para realizar una fotograf\u00eda de grupo.<\/p>\n<p>11:30h, llegada a parque de Suerte de Saavedra, lugar de entrega de ropa y juguetes a la Asociaci\u00f3n Grupo Joven, y donde se compartir\u00e1 algunos momentos distendidos con los ni\u00f1os de la asociaci\u00f3n, para que vean las motos.<a href=\"\/moterosdehoy\/wp-content\/uploads\/sites\/45\/2015\/12\/Interior-Autobus-restaurante.jpg\"><img loading=\"lazy\" class=\"alignright size-medium wp-image-1789\" title=\"Interior Autobus restaurante\" src=\"\/moterosdehoy\/wp-content\/uploads\/sites\/45\/2015\/12\/Interior-Autobus-restaurante.jpg\" alt=\"\" width=\"216\" height=\"300\" srcset=\"https:\/\/static-blogs.hoy.es\/wp-content\/uploads\/sites\/45\/2015\/12\/Interior-Autobus-restaurante.jpg 682w, https:\/\/static-blogs.hoy.es\/wp-content\/uploads\/sites\/45\/2015\/12\/Interior-Autobus-restaurante-217x300.jpg 217w\" sizes=\"(max-width: 216px) 100vw, 216px\" \/><\/a><\/p>\n<p>12:30 h, inicio de la ruta de regreso al Ruta 3.24, con hora de llegada sobre las 13 h. All\u00ed ser\u00e1 la comida, consistente en paella y barbacoa. Adem\u00e1s estar\u00e1 \u201c<a title=\"Facebook de Rock n' Doll Caffe\" href=\"https:\/\/www.facebook.com\/rockndollcaffe\/?fref=ts\" target=\"_blank\" rel=\"external nofollow\">Rock n&#8217; Doll Caffe<\/a>\u201d, para los que no lo conozcan se trata de un autob\u00fas-restaurante, el tendr\u00e1 disponible hamburguesas, tostas de metro y sopa de pedra, caldito para entrar en calor.<\/p>\n<p>Durante la tarde habr\u00e1 m\u00fasica dentro del local, con la posibilidad de que sea en directo, a\u00fan por confirmar los grupos, y adem\u00e1s sorteos.<\/p>\n<p><a href=\"\/moterosdehoy\/wp-content\/uploads\/sites\/45\/2015\/12\/Recogida-de-ropa-y-juguetes-en-Ruta-3.24.jpg\"><img loading=\"lazy\" class=\"alignleft size-medium wp-image-1790\" title=\"Recogida de ropa y juguetes en Ruta 3.24\" src=\"\/moterosdehoy\/wp-content\/uploads\/sites\/45\/2015\/12\/Recogida-de-ropa-y-juguetes-en-Ruta-3.24.jpg\" alt=\"\" width=\"300\" height=\"225\" srcset=\"https:\/\/static-blogs.hoy.es\/wp-content\/uploads\/sites\/45\/2015\/12\/Recogida-de-ropa-y-juguetes-en-Ruta-3.24.jpg 960w, https:\/\/static-blogs.hoy.es\/wp-content\/uploads\/sites\/45\/2015\/12\/Recogida-de-ropa-y-juguetes-en-Ruta-3.24-300x225.jpg 300w, https:\/\/static-blogs.hoy.es\/wp-content\/uploads\/sites\/45\/2015\/12\/Recogida-de-ropa-y-juguetes-en-Ruta-3.24-768x576.jpg 768w\" sizes=\"(max-width: 300px) 100vw, 300px\" \/><\/a>Est\u00e1 claro que ser\u00e1 un gran d\u00eda solidario, <strong>no olvides llevar ropa o juguetes antes del d\u00eda 18 de diciembre<\/strong>, para que podamos gestionar el modo de llevarlo a la entrega. Ya hay muchos que van pasando por all\u00ed.<\/p>\n<p>Acu\u00e9rdate tambi\u00e9n que colaboraremos con AOEx, para lo que se aceptan donativos, incluso durante el propio d\u00eda del evento.<\/p>\n<p>Para la ruta iremos con traje de Pap\u00e1 Noel, que no se te olvide llevarlo, como m\u00ednimo gorro, y para los que no se hayan enterado habr\u00e1n algunos a la venta. Si quieres m\u00e1s informaci\u00f3n se ha creado un <a title=\"TOY RUN 2015 Badajoz\" href=\"https:\/\/www.facebook.com\/events\/866156016832977\/\" target=\"_blank\" rel=\"external nofollow\">evento en facebook<\/a>.<\/p>\n<p>Saludos y r\u00e1fagas.<\/p>\n<!-- AddThis Advanced Settings generic via filter on the_content --><!-- AddThis Share Buttons generic via filter on the_content -->","protected":false},"excerpt":{"rendered":"<p>Todo indicaba que \u00e9ste a\u00f1o Badajoz no tendr\u00eda su encuentro motero para cerrar el a\u00f1o y que en \u00e9stos tres \u00faltimos a\u00f1os, fue denominado Encuentro Motero Solidario de Badajoz. Pero Moteros de Hoy, fundado como Asociaci\u00f3n en \u00e9ste a\u00f1o y de cuyos integrantes, dos de ellos ya participaron en esas tres ediciones, no quer\u00edan dejar [&hellip;]<!-- AddThis Advanced Settings generic via filter on get_the_excerpt --><!-- AddThis Share Buttons generic via filter on get_the_excerpt --><\/p>\n","protected":false},"author":49,"featured_media":1794,"comment_status":"open","ping_status":"closed","sticky":false,"template":"","format":"standard","meta":[],"categories":[13],"tags":[69,129,622,624,637,677,938],"_links":{"self":[{"href":"https:\/\/blogs.hoy.es\/moterosdehoy\/wp-json\/wp\/v2\/posts\/1787"}],"collection":[{"href":"https:\/\/blogs.hoy.es\/moterosdehoy\/wp-json\/wp\/v2\/posts"}],"about":[{"href":"https:\/\/blogs.hoy.es\/moterosdehoy\/wp-json\/wp\/v2\/types\/post"}],"author":[{"embeddable":true,"href":"https:\/\/blogs.hoy.es\/moterosdehoy\/wp-json\/wp\/v2\/users\/49"}],"replies":[{"embeddable":true,"href":"https:\/\/blogs.hoy.es\/moterosdehoy\/wp-json\/wp\/v2\/comments?post=1787"}],"version-history":[{"count":0,"href":"https:\/\/blogs.hoy.es\/moterosdehoy\/wp-json\/wp\/v2\/posts\/1787\/revisions"}],"wp:featuredmedia":[{"embeddable":true,"href":"https:\/\/blogs.hoy.es\/moterosdehoy\/wp-json\/wp\/v2\/media\/1794"}],"wp:attachment":[{"href":"https:\/\/blogs.hoy.es\/moterosdehoy\/wp-json\/wp\/v2\/media?parent=1787"}],"wp:term":[{"taxonomy":"category","embeddable":true,"href":"https:\/\/blogs.hoy.es\/moterosdehoy\/wp-json\/wp\/v2\/categories?post=1787"},{"taxonomy":"post_tag","embeddable":true,"href":"https:\/\/blogs.hoy.es\/moterosdehoy\/wp-json\/wp\/v2\/tags?post=1787"}],"curies":[{"name":"wp","href":"https:\/\/api.w.org\/{rel}","templated":true}]}}