{"id":1796,"date":"2016-01-04T12:01:37","date_gmt":"2016-01-04T12:01:37","guid":{"rendered":"http:\/\/blogs.hoy.es\/moterosdehoy\/?p=1796"},"modified":"2016-01-04T12:01:37","modified_gmt":"2016-01-04T12:01:37","slug":"transcurso-del-toy-run-2015-badajoz","status":"publish","type":"post","link":"https:\/\/blogs.hoy.es\/moterosdehoy\/2016\/01\/04\/transcurso-del-toy-run-2015-badajoz\/","title":{"rendered":"Transcurso del TOY RUN 2015 Badajoz"},"content":{"rendered":"<p>Ya hace quince d\u00edas del <a title=\"TOY RUN 2015 Badajoz\" href=\"https:\/\/blogs.hoy.es\/moterosdehoy\/2015\/12\/10\/toy-run-2015-badajoz\/\" target=\"_blank\">TOY RUN 2015 Badajoz<\/a> y a\u00fan se sigue hablando de \u00e9l en el colectivo motero de <a title=\"Turismo en Badajoz\" href=\"http:\/\/www.turismobadajoz.es\/\" target=\"_blank\" rel=\"external nofollow\">Badajoz<\/a>.<\/p>\n<div id=\"attachment_1798\" style=\"width: 310px\" class=\"wp-caption alignleft\"><a href=\"\/moterosdehoy\/wp-content\/uploads\/sites\/45\/2016\/01\/Moteros-de-Hoy-con-Asociaci\u00f3n-Grupo-Joven1.jpg\"><img aria-describedby=\"caption-attachment-1798\" loading=\"lazy\" class=\"size-medium wp-image-1798\" title=\"Moteros de Hoy con Asociaci\u00f3n Grupo Joven\" src=\"\/moterosdehoy\/wp-content\/uploads\/sites\/45\/2016\/01\/Moteros-de-Hoy-con-Asociaci\u00f3n-Grupo-Joven1.jpg\" alt=\"\" width=\"300\" height=\"162\" srcset=\"https:\/\/static-blogs.hoy.es\/wp-content\/uploads\/sites\/45\/2016\/01\/Moteros-de-Hoy-con-Asociaci\u00f3n-Grupo-Joven1.jpg 4272w, https:\/\/static-blogs.hoy.es\/wp-content\/uploads\/sites\/45\/2016\/01\/Moteros-de-Hoy-con-Asociaci\u00f3n-Grupo-Joven1-300x163.jpg 300w, https:\/\/static-blogs.hoy.es\/wp-content\/uploads\/sites\/45\/2016\/01\/Moteros-de-Hoy-con-Asociaci\u00f3n-Grupo-Joven1-768x417.jpg 768w, https:\/\/static-blogs.hoy.es\/wp-content\/uploads\/sites\/45\/2016\/01\/Moteros-de-Hoy-con-Asociaci\u00f3n-Grupo-Joven1-1024x556.jpg 1024w\" sizes=\"(max-width: 300px) 100vw, 300px\" \/><\/a><p id=\"caption-attachment-1798\" class=\"wp-caption-text\">Moteros de Hoy con chicos que asistieron<\/p><\/div>\n<p>El &#8220;Toy Run&#8221; consisti\u00f3 en una recogida de juguetes y ropa para donarlos a la Asociaci\u00f3n Grupo Joven, que a modo de cooperativa los restaura, dando trabajo y dignidad a las personas del barrio, que preparan y arreglan las ropas para luego venderlas a precios muy asequibles entre necesitados. Adem\u00e1s de <!--more-->recoger donaciones para <a title=\"Asociaci\u00f3n Oncol\u00f3gica Extreme\u00f1a\" href=\"http:\/\/www.aoex.es\/\" target=\"_blank\" rel=\"external nofollow\">AOEx<\/a> (Asociaci\u00f3n Oncol\u00f3gica Extreme\u00f1a) y que a\u00fan est\u00e1 pendiente de realizar la entrega. Hasta ah\u00ed cualquier persona que lo pueda leer dir\u00e1: una labor muy loable, y as\u00ed fue, se implic\u00f3 mucha gente no s\u00f3lo moteros, pues para donar cosas que ya no utilizamos y ser solidarios no es necesario tener una moto y mucho menos ser motero.<\/p>\n<p>Se consiguieron llenar dos furgonetas con ropa y sobre todo juguetes, de lo que una de ellas vino de la localidad portuguesa de Portalegre, donde el <a title=\"Enlace al facebook del GMNM\" href=\"https:\/\/www.facebook.com\/gmnovo.portalegre\/\" target=\"_blank\" rel=\"external nofollow\">Grupo Motard Novo Milenio<\/a> tuvo el d\u00eda 12 de diciembre su <a title=\"Desfile Pais Natals GMNM\" href=\"http:\/\/www.moterosdehoy.es\/2015\/12\/09\/campanha-solidaria-e-desfile-de-pais-natais-motard\/\" target=\"_blank\" rel=\"external nofollow\">desfile de Pap\u00e1s Noeles<\/a>, recibiendo tantos art\u00edculos que decidieron colaborar con el nuestro.<\/p>\n<div id=\"attachment_1799\" style=\"width: 310px\" class=\"wp-caption alignright\"><a href=\"\/moterosdehoy\/wp-content\/uploads\/sites\/45\/2016\/01\/Moteros-de-Hoy-con-GMNM.jpg\"><img aria-describedby=\"caption-attachment-1799\" loading=\"lazy\" class=\"size-medium wp-image-1799\" title=\"Moteros de Hoy con GMNM\" src=\"\/moterosdehoy\/wp-content\/uploads\/sites\/45\/2016\/01\/Moteros-de-Hoy-con-GMNM.jpg\" alt=\"\" width=\"300\" height=\"200\" srcset=\"https:\/\/static-blogs.hoy.es\/wp-content\/uploads\/sites\/45\/2016\/01\/Moteros-de-Hoy-con-GMNM.jpg 4272w, https:\/\/static-blogs.hoy.es\/wp-content\/uploads\/sites\/45\/2016\/01\/Moteros-de-Hoy-con-GMNM-300x200.jpg 300w, https:\/\/static-blogs.hoy.es\/wp-content\/uploads\/sites\/45\/2016\/01\/Moteros-de-Hoy-con-GMNM-768x512.jpg 768w, https:\/\/static-blogs.hoy.es\/wp-content\/uploads\/sites\/45\/2016\/01\/Moteros-de-Hoy-con-GMNM-1024x683.jpg 1024w\" sizes=\"(max-width: 300px) 100vw, 300px\" \/><\/a><p id=\"caption-attachment-1799\" class=\"wp-caption-text\">Moteros de Hoy con GMNM<\/p><\/div>\n<p>En la fotograf\u00eda aparecen integrantes del Grupo Motard Novo Milenio en la recogida de una placa conmemorativa por su participaci\u00f3n en el evento.<\/p>\n<p>De entre grandes grupos que asistieron de fuera tambi\u00e9n se personaron y participaron activamente, moteros del conocido motoclub &#8220;<a title=\"Motoclub Buitres Leonaos\" href=\"http:\/\/buitresleonaos.com\/\" target=\"_blank\" rel=\"external nofollow\">Buitres Leonaos<\/a>&#8220;.<\/p>\n<div id=\"attachment_1800\" style=\"width: 310px\" class=\"wp-caption alignleft\"><a href=\"\/moterosdehoy\/wp-content\/uploads\/sites\/45\/2016\/01\/Moteros-de-Hoy-con-Buitres-Leonaos.jpg\"><img aria-describedby=\"caption-attachment-1800\" loading=\"lazy\" class=\"size-medium wp-image-1800\" title=\"Moteros de Hoy con Buitres Leonaos\" src=\"\/moterosdehoy\/wp-content\/uploads\/sites\/45\/2016\/01\/Moteros-de-Hoy-con-Buitres-Leonaos.jpg\" alt=\"\" width=\"300\" height=\"200\" srcset=\"https:\/\/static-blogs.hoy.es\/wp-content\/uploads\/sites\/45\/2016\/01\/Moteros-de-Hoy-con-Buitres-Leonaos.jpg 4272w, https:\/\/static-blogs.hoy.es\/wp-content\/uploads\/sites\/45\/2016\/01\/Moteros-de-Hoy-con-Buitres-Leonaos-300x200.jpg 300w, https:\/\/static-blogs.hoy.es\/wp-content\/uploads\/sites\/45\/2016\/01\/Moteros-de-Hoy-con-Buitres-Leonaos-768x512.jpg 768w, https:\/\/static-blogs.hoy.es\/wp-content\/uploads\/sites\/45\/2016\/01\/Moteros-de-Hoy-con-Buitres-Leonaos-1024x683.jpg 1024w\" sizes=\"(max-width: 300px) 100vw, 300px\" \/><\/a><p id=\"caption-attachment-1800\" class=\"wp-caption-text\">Moteros de Hoy con Buitres Leonaos<\/p><\/div>\n<p>Dicho club tiene su sede en &#8220;El nido del buitre&#8221; C\u00e1ceres, y a pesar de que en a\u00f1os anteriores hab\u00edan realizado un TOY RUN en su ciudad, prefirieron acudir al nuestro y de ese modo hacer un gran evento en lugar de dos de menor entidad.<\/p>\n<p>El evento tuvo muy buena aceptaci\u00f3n por la mayor\u00eda de los grupos moteros de la ciudad, que a pesar de ser un s\u00e1bado previo a las fiestas navide\u00f1as y en el que hay muchas comidas de empresas y amigos, acudieron, participaron y colaboraron, pudiendo regresar despu\u00e9s a sus quehaceres.<\/p>\n<div id=\"attachment_1801\" style=\"width: 310px\" class=\"wp-caption aligncenter\"><a href=\"\/moterosdehoy\/wp-content\/uploads\/sites\/45\/2016\/01\/Moteros-de-Hoy-Toy-Run-2015-Badajoz.jpg\"><img aria-describedby=\"caption-attachment-1801\" loading=\"lazy\" class=\"size-medium wp-image-1801\" title=\"Moteros de Hoy Toy Run 2015 Badajoz\" src=\"\/moterosdehoy\/wp-content\/uploads\/sites\/45\/2016\/01\/Moteros-de-Hoy-Toy-Run-2015-Badajoz.jpg\" alt=\"\" width=\"300\" height=\"200\" srcset=\"https:\/\/static-blogs.hoy.es\/wp-content\/uploads\/sites\/45\/2016\/01\/Moteros-de-Hoy-Toy-Run-2015-Badajoz.jpg 4752w, https:\/\/static-blogs.hoy.es\/wp-content\/uploads\/sites\/45\/2016\/01\/Moteros-de-Hoy-Toy-Run-2015-Badajoz-300x200.jpg 300w, https:\/\/static-blogs.hoy.es\/wp-content\/uploads\/sites\/45\/2016\/01\/Moteros-de-Hoy-Toy-Run-2015-Badajoz-768x512.jpg 768w, https:\/\/static-blogs.hoy.es\/wp-content\/uploads\/sites\/45\/2016\/01\/Moteros-de-Hoy-Toy-Run-2015-Badajoz-1024x683.jpg 1024w\" sizes=\"(max-width: 300px) 100vw, 300px\" \/><\/a><p id=\"caption-attachment-1801\" class=\"wp-caption-text\">TOY RUN 2015 Badajoz<\/p><\/div>\n<p>Durante la ruta se realiz\u00f3 una parada en el Puente de Palmas, donde se realiz\u00f3 una fotograf\u00eda de grupo y en la que se pueden apreciar m\u00e1s de dos centenares de motocicletas que realizaron la ruta para entrega de las donaciones. La ruta estuvo precedida por una pareja de la <a title=\"P\u00e1gina oficial de la Guardia Civil\" href=\"http:\/\/www.guardiacivil.es\/es\/index.html\" target=\"_blank\" rel=\"external nofollow\">Guardia Civil de Tr\u00e1fico<\/a>, que adem\u00e1s de ayudar para que la comitiva no tuviera problemas en su trayecto, enfatiz\u00f3 el car\u00e1cter solidario del evento, y sac\u00f3 a relucir su bien merecido nombre de cuerpo benem\u00e9rito.<\/p>\n<p>Tambi\u00e9n cabe destacar el apoyo del Ayuntamiento de Badajoz, agilizando todos los tr\u00e1mites para poder tener un buen fin, incluso con el aporte de una patrulla de la <a title=\"Polic\u00eda Local de Badajoz\" href=\"http:\/\/www.aytobadajoz.es\/es\/ayto\/policialocal\" target=\"_blank\" rel=\"external nofollow\">Polic\u00eda Local<\/a>, que a pesar de no disponer de muchos efectivos por las fechas en la que se celebr\u00f3, pudieron colaborar situ\u00e1ndose en los puntos m\u00e1s peligrosos y as\u00ed evitar alg\u00fan posible problema.<\/p>\n<p><strong>Os dejo un <a title=\"Enlace a v\u00eddeo del TOY RUN 2015 Badajoz\" href=\"https:\/\/www.youtube.com\/watch?v=0QWVUVtFkwE\" target=\"_blank\" rel=\"external nofollow\">v\u00eddeo con fotograf\u00edas del evento<\/a>, pues dice m\u00e1s una imagen que cien palabras.<\/strong><\/p>\n<p style=\"text-align: center;\"><a href=\"https:\/\/www.youtube.com\/watch?v=0QWVUVtFkwE\" rel=\"external nofollow\">TOY RUN 2015 Badajoz<\/a><\/p>\n<p>Si tuviste la oportunidad de asistir, muchas gracias en nombre de todos, y en caso contrario pues no pasa nada, ya se realizar\u00e1n m\u00e1s eventos y tendr\u00e1s oportunidad de participar. En \u00e9sta ocasi\u00f3n se cre\u00f3 un <a title=\"Evento TOY RUN 2015 Badajoz\" href=\"https:\/\/www.facebook.com\/events\/866156016832977\/\" target=\"_blank\" rel=\"external nofollow\">evento en facebook<\/a> donde se fue colgando toda la informaci\u00f3n.<\/p>\n<p>En breve se realizar\u00e1 la entrega de dinero recibido a AOEx, de lo que se realizar\u00e1 un peque\u00f1o evento para conseguir m\u00e1s efectivo.<\/p>\n<p>Recordar que \u00e9ste evento se pudo realizar gracias a la colaboraci\u00f3n del <a title=\"Ruta 3.24 en facebook\" href=\"https:\/\/www.facebook.com\/RUTA-324-1703706703243872\/?fref=ts\" target=\"_blank\" rel=\"external nofollow\">Caf\u00e9 Bar Ruta 3.24 Rock &#038; Food<\/a>, que desde un principio apost\u00f3 por llevarlo a cabo. En dicho local motero, que se encuentra abierto desde el desayuno, pasando por las ca\u00f1as y comida, hasta cerrar cerca de media noche. Tienes disponible <strong>todos los domingos migas gratis<\/strong>, para iniciar con el est\u00f3mago lleno tus rutas moteras.<\/p>\n<p><a title=\"Enlace al facebook de Moteros de Hoy\" href=\"https:\/\/www.facebook.com\/moteroshoy\/\" target=\"_blank\" rel=\"external nofollow\">Saludos y r\u00e1fagas<\/a>.<\/p>\n<!-- AddThis Advanced Settings generic via filter on the_content --><!-- AddThis Share Buttons generic via filter on the_content -->","protected":false},"excerpt":{"rendered":"<p>Ya hace quince d\u00edas del TOY RUN 2015 Badajoz y a\u00fan se sigue hablando de \u00e9l en el colectivo motero de Badajoz. El &#8220;Toy Run&#8221; consisti\u00f3 en una recogida de juguetes y ropa para donarlos a la Asociaci\u00f3n Grupo Joven, que a modo de cooperativa los restaura, dando trabajo y dignidad a las personas del [&hellip;]<!-- AddThis Advanced Settings generic via filter on get_the_excerpt --><!-- AddThis Share Buttons generic via filter on get_the_excerpt --><\/p>\n","protected":false},"author":49,"featured_media":1801,"comment_status":"open","ping_status":"closed","sticky":false,"template":"","format":"standard","meta":[],"categories":[13],"tags":[76,102,120,430,441,622,624,938,941],"_links":{"self":[{"href":"https:\/\/blogs.hoy.es\/moterosdehoy\/wp-json\/wp\/v2\/posts\/1796"}],"collection":[{"href":"https:\/\/blogs.hoy.es\/moterosdehoy\/wp-json\/wp\/v2\/posts"}],"about":[{"href":"https:\/\/blogs.hoy.es\/moterosdehoy\/wp-json\/wp\/v2\/types\/post"}],"author":[{"embeddable":true,"href":"https:\/\/blogs.hoy.es\/moterosdehoy\/wp-json\/wp\/v2\/users\/49"}],"replies":[{"embeddable":true,"href":"https:\/\/blogs.hoy.es\/moterosdehoy\/wp-json\/wp\/v2\/comments?post=1796"}],"version-history":[{"count":0,"href":"https:\/\/blogs.hoy.es\/moterosdehoy\/wp-json\/wp\/v2\/posts\/1796\/revisions"}],"wp:featuredmedia":[{"embeddable":true,"href":"https:\/\/blogs.hoy.es\/moterosdehoy\/wp-json\/wp\/v2\/media\/1801"}],"wp:attachment":[{"href":"https:\/\/blogs.hoy.es\/moterosdehoy\/wp-json\/wp\/v2\/media?parent=1796"}],"wp:term":[{"taxonomy":"category","embeddable":true,"href":"https:\/\/blogs.hoy.es\/moterosdehoy\/wp-json\/wp\/v2\/categories?post=1796"},{"taxonomy":"post_tag","embeddable":true,"href":"https:\/\/blogs.hoy.es\/moterosdehoy\/wp-json\/wp\/v2\/tags?post=1796"}],"curies":[{"name":"wp","href":"https:\/\/api.w.org\/{rel}","templated":true}]}}