{"id":181,"date":"2012-07-09T16:19:23","date_gmt":"2012-07-09T16:19:23","guid":{"rendered":"http:\/\/blogs.hoy.es\/moterosdehoy\/?p=181"},"modified":"2012-07-09T16:19:23","modified_gmt":"2012-07-09T16:19:23","slug":"iii-concentracion-motera-en-valdebotoa","status":"publish","type":"post","link":"https:\/\/blogs.hoy.es\/moterosdehoy\/2012\/07\/09\/iii-concentracion-motera-en-valdebotoa\/","title":{"rendered":"III Concentraci\u00f3n motera en Valdebotoa"},"content":{"rendered":"<p style=\"text-align: justify;\"><a href=\"\/moterosdehoy\/wp-content\/uploads\/sites\/45\/2012\/07\/2012-07-14-Valdebotoa.jpg\"><img loading=\"lazy\" class=\"alignright size-medium wp-image-182\" title=\"2012-07-14 Valdebotoa\" src=\"\/moterosdehoy\/wp-content\/uploads\/sites\/45\/2012\/07\/2012-07-14-Valdebotoa.jpg\" alt=\"\" width=\"210\" height=\"300\" srcset=\"https:\/\/static-blogs.hoy.es\/wp-content\/uploads\/sites\/45\/2012\/07\/2012-07-14-Valdebotoa.jpg 674w, https:\/\/static-blogs.hoy.es\/wp-content\/uploads\/sites\/45\/2012\/07\/2012-07-14-Valdebotoa-211x300.jpg 211w\" sizes=\"(max-width: 210px) 100vw, 210px\" \/><\/a>Los d\u00edas <strong>14 y 15 de julio<\/strong> de 2012 se organiza la <strong>3\u00aa concentraci\u00f3n motera<\/strong> en la localidad de <strong><a href=\"http:\/\/valdebotoa.com\/\" target=\"_blank\" rel=\"external nofollow\">Valdebotoa<\/a><\/strong> (Badajoz), de la mano de la pe\u00f1a motera &#8220;<a href=\"http:\/\/losballones.blogspot.com.es\/\" target=\"_blank\" rel=\"external nofollow\">Los Ballones<\/a>&#8220;.<\/p>\n<p style=\"text-align: justify;\">Para ello nos tienen preparado lo siguiente:<\/p>\n<p style=\"text-align: justify;\"><strong>S\u00e1bado 14<\/strong><\/p>\n<ul>\n<li>Apertura de inscripciones a las 16:00h.<\/li>\n<li><strong>Ruta<\/strong> a las <strong>18:00h<\/strong> de Valdebotoa a Salvatierra de los Barros y regreso a Valdebotoa, <strong>con refrigerio<\/strong> durante la ruta.<\/li>\n<li>A las<strong> 23:00h<\/strong> <strong>actuaci\u00f3n<\/strong> de la Escuela de baile flamenco Esperanza Leiva <strong>y a continuaci\u00f3n concierto<\/strong> a cargo del grupo &#8220;Los Sustitutos&#8221;.<\/li>\n<\/ul>\n<p style=\"text-align: justify;\"><strong>Domingo 15<\/strong><\/p>\n<ul>\n<li>De nuevo apertura de <strong>inscripciones a las 09:00<\/strong>h<\/li>\n<li>A las <strong>10:30 ruta<\/strong>, partiendo de\u00a0Valdebotoa a Villar del Rey, pasando por la presa pe\u00f1a del\u00a0\u00e1guila,\u00a0hacia Alburquerque, donde posiblemente sea la parada con un refrigerio,\u00a0despu\u00e9s\u00a0hacia San Vicente de Alcantara y por ultimo a La Codosera con llegada prevista a Valdebotoa sobre las 14:30.<\/li>\n<li>Gran<strong> paellada desde las 15:00<\/strong>.<\/li>\n<li>A las <strong>17:00 sorteo<\/strong> de regalos y trofeos, entre ellos a la moto m\u00e1s antigua, a la m\u00e1s lejana y moto con m\u00e1s kil\u00f3metros.<\/li>\n<\/ul>\n<p style=\"text-align: justify;\">La <strong>inscripci\u00f3n<\/strong> son <strong>10 euros<\/strong> y con ello te har\u00e1n entrega de una\u00a0bolsa de bienvenida, en la que tendr\u00e1s una <strong>camiseta<\/strong> y si es posible alg\u00fan otro obsequio, que con la crisis est\u00e1 la cosa\u00a0dif\u00edcil. Adem\u00e1s encontrar\u00e1s unos <strong>ticket de consumici\u00f3n<\/strong> para una panceta, un plato de paella, tres cervezas (con o sin) y refresco en ambas rutas.<\/p>\n<p style=\"text-align: justify;\"><strong>\u00a0 \u00a0Saludos y r\u00e1fagas.<\/strong><\/p>\n<p style=\"text-align: justify;\">\n<!-- AddThis Advanced Settings generic via filter on the_content --><!-- AddThis Share Buttons generic via filter on the_content -->","protected":false},"excerpt":{"rendered":"<p>Los d\u00edas 14 y 15 de julio de 2012 se organiza la 3\u00aa concentraci\u00f3n motera en la localidad de Valdebotoa (Badajoz), de la mano de la pe\u00f1a motera &#8220;Los Ballones&#8220;. Para ello nos tienen preparado lo siguiente: S\u00e1bado 14 Apertura de inscripciones a las 16:00h. Ruta a las 18:00h de Valdebotoa a Salvatierra de los [&hellip;]<!-- AddThis Advanced Settings generic via filter on get_the_excerpt --><!-- AddThis Share Buttons generic via filter on get_the_excerpt --><\/p>\n","protected":false},"author":49,"featured_media":0,"comment_status":"open","ping_status":"closed","sticky":false,"template":"","format":"standard","meta":[],"categories":[13],"tags":[223,245,622,639],"_links":{"self":[{"href":"https:\/\/blogs.hoy.es\/moterosdehoy\/wp-json\/wp\/v2\/posts\/181"}],"collection":[{"href":"https:\/\/blogs.hoy.es\/moterosdehoy\/wp-json\/wp\/v2\/posts"}],"about":[{"href":"https:\/\/blogs.hoy.es\/moterosdehoy\/wp-json\/wp\/v2\/types\/post"}],"author":[{"embeddable":true,"href":"https:\/\/blogs.hoy.es\/moterosdehoy\/wp-json\/wp\/v2\/users\/49"}],"replies":[{"embeddable":true,"href":"https:\/\/blogs.hoy.es\/moterosdehoy\/wp-json\/wp\/v2\/comments?post=181"}],"version-history":[{"count":0,"href":"https:\/\/blogs.hoy.es\/moterosdehoy\/wp-json\/wp\/v2\/posts\/181\/revisions"}],"wp:attachment":[{"href":"https:\/\/blogs.hoy.es\/moterosdehoy\/wp-json\/wp\/v2\/media?parent=181"}],"wp:term":[{"taxonomy":"category","embeddable":true,"href":"https:\/\/blogs.hoy.es\/moterosdehoy\/wp-json\/wp\/v2\/categories?post=181"},{"taxonomy":"post_tag","embeddable":true,"href":"https:\/\/blogs.hoy.es\/moterosdehoy\/wp-json\/wp\/v2\/tags?post=181"}],"curies":[{"name":"wp","href":"https:\/\/api.w.org\/{rel}","templated":true}]}}