{"id":1813,"date":"2016-01-23T16:31:22","date_gmt":"2016-01-23T16:31:22","guid":{"rendered":"http:\/\/blogs.hoy.es\/moterosdehoy\/?p=1813"},"modified":"2016-01-23T16:31:22","modified_gmt":"2016-01-23T16:31:22","slug":"ruta-al-castillo-de-feria-badajoz","status":"publish","type":"post","link":"https:\/\/blogs.hoy.es\/moterosdehoy\/2016\/01\/23\/ruta-al-castillo-de-feria-badajoz\/","title":{"rendered":"Ruta al Castillo de Feria (Badajoz)"},"content":{"rendered":"<p>El <strong>s\u00e1bado d\u00eda 30 de enero<\/strong>, tendr\u00e1 lugar una ruta para visitar el Castillo de Feria, situado en la localidad de Feria (Badajoz).<\/p>\n<p><a href=\"\/moterosdehoy\/wp-content\/uploads\/sites\/45\/2016\/01\/Ruta-_-Castillo-de-Feria.jpg\"><img loading=\"lazy\" class=\"alignleft size-medium wp-image-1814\" title=\"Ruta _ Castillo de Feria\" src=\"\/moterosdehoy\/wp-content\/uploads\/sites\/45\/2016\/01\/Ruta-_-Castillo-de-Feria.jpg\" alt=\"\" width=\"201\" height=\"300\" srcset=\"https:\/\/static-blogs.hoy.es\/wp-content\/uploads\/sites\/45\/2016\/01\/Ruta-_-Castillo-de-Feria.jpg 2303w, https:\/\/static-blogs.hoy.es\/wp-content\/uploads\/sites\/45\/2016\/01\/Ruta-_-Castillo-de-Feria-202x300.jpg 202w, https:\/\/static-blogs.hoy.es\/wp-content\/uploads\/sites\/45\/2016\/01\/Ruta-_-Castillo-de-Feria-768x1142.jpg 768w, https:\/\/static-blogs.hoy.es\/wp-content\/uploads\/sites\/45\/2016\/01\/Ruta-_-Castillo-de-Feria-689x1024.jpg 689w\" sizes=\"(max-width: 201px) 100vw, 201px\" \/><\/a>La idea de la ruta es disfrutar de la moto, conocer nuevos amigos o disfrutar de los que ya se conocen y de paso visitar el Castillo de Feria, que est\u00e1 rehabilitado y tiene unas vistas m\u00e1s que impresionantes. <!--more-->El paisaje se pierde en el horizonte, y a tus pies puedes ver un peque\u00f1o pueblo con sus blancas casas y rojizos tejados. Es la localidad de Feria, de donde toma su nombre el castillo, coronado por la Torre del Homenaje, con nada menos que cuatro plantas y 40 metros de altura. Dentro de ella se encuentra actualmente el archivo hist\u00f3rico de los Suarez de Figueroa.<\/p>\n<p>Dicha construcci\u00f3n monumental data de mediados del siglo XV, aunque ya en el siglo XI los \u00e1rabes construyeron una importante fortaleza defensiva, y posteriormente tuvo varias reformas. En el exterior encontramos una muralla que sigue el trazado irregular del terreno e incorpora torres cil\u00edndricas de vigilancia, adem\u00e1s de un muro transversal en su interior que divide el castillo en dos partes. Todo ello formaliz\u00f3 que se utilizara como punto defensivo.<\/p>\n<p>Gracias a toda esa historia ahora podemos disfrutar de ella y aprovechar para pasar un gran d\u00eda, para ello los clubes moteros <a title=\"P\u00e1gina oficial de VRA Spain\" href=\"http:\/\/www.vraspain.org\/\" target=\"_blank\" rel=\"external nofollow\">VRA Spain<\/a> y <a title=\"Moteros de Hoy en facebook\" href=\"https:\/\/www.facebook.com\/moteroshoy\/\" target=\"_blank\" rel=\"external nofollow\">Moteros de Hoy<\/a>, nos han preparado el siguiente <strong>programa:<\/strong><\/p>\n<p>09:40h. Quedada en el <a title=\"Ruta 3.24 en facebook\" href=\"https:\/\/www.facebook.com\/RUTA-324-1703706703243872\/?fref=ts\" target=\"_blank\" rel=\"external nofollow\">Caf\u00e9 Bar Ruta 3.24<\/a><\/p>\n<p>10:10h. Ruta al <a title=\"Castillo de Feria en wikipedia\" href=\"https:\/\/es.wikipedia.org\/wiki\/Castillo_de_Feria\" target=\"_blank\" rel=\"external nofollow\">Castillo de Feria<\/a>. Badajoz \u2013 Valverde de Legan\u00e9s \u2013 Barcarrota \u2013 Salvatierra de los Barros \u2013 Feria. Total 81 kil\u00f3metros, con llegada aproximada al Castillo sobre 11:45h.<\/p>\n<p>Sobre 14:00h. Ruta a <a title=\"La Parra en wikipedia\" href=\"https:\/\/es.wikipedia.org\/wiki\/La_Parra_(Badajoz)\" target=\"_blank\" rel=\"external nofollow\">La Parra<\/a>, donde tendr\u00e1 lugar la comida. Unos 7 km de recorrido.<\/p>\n<p>Sobre 17:00h. Ruta de regreso a Badajoz. La Parra \u2013 Santa Marta \u2013 La Albuera \u2013 Badajoz. Unos 60 km.<\/p>\n<p>El organizar la ruta de visita al Castillo es para poder entrar como grupo, de ese modo los que acudan para visitarlo aunque no partan de Badajoz, una vez lleguen al Castillo que esperen a que estemos all\u00ed y de la organizaci\u00f3n demos paso a la visita. De ese modo tendr\u00e1 un precio cerrado de grupo de 2\u20ac por persona.<\/p>\n<p>Los que quieran quedarse a la comida, independientemente de que realicen la ruta o no, deben contactar con el tel\u00e9fono que figura en el cartel, dado que hay un men\u00fa de 8,50\u20ac por persona, con tres primeros y tres segundos platos a elegir, adem\u00e1s de postre casero y una consumici\u00f3n. Los que no contacten igual no pueden disponer de ese precio.<\/p>\n<p>En el cartel figuran dos logos de clubes moteros, el de Moteros de Hoy, y adem\u00e1s el de VRA Spain, para los que desconozcan ese grupo, se trata de Vulcan Raider Association Spain, o lo que es lo mismo club de propietarios de <a title=\"Im\u00e1genes de motocicletas Vulcan\" href=\"https:\/\/www.google.es\/search?q=vulcan&#038;espv=2&#038;biw=1366&#038;bih=667&#038;source=lnms&#038;tbm=isch&#038;sa=X&#038;ved=0ahUKEwj1zKeurcDKAhVCzRoKHZdUABMQ_AUIBigB#tbm=isch&#038;q=vulcan+motorcycle\" target=\"_blank\" rel=\"external nofollow\">motocicletas Vulcan<\/a> en Espa\u00f1a. Se trata de un club que aunque sea de marca, les gusta disfrutar de la compa\u00f1\u00eda de amigos moteros, independientemente del tipo o marca de la motocicleta que tengan. Lo importante es hacer rutas y pasarlo bien.<\/p>\n<p>Saludos y r\u00e1fagas.<\/p>\n<!-- AddThis Advanced Settings generic via filter on the_content --><!-- AddThis Share Buttons generic via filter on the_content -->","protected":false},"excerpt":{"rendered":"<p>El s\u00e1bado d\u00eda 30 de enero, tendr\u00e1 lugar una ruta para visitar el Castillo de Feria, situado en la localidad de Feria (Badajoz). La idea de la ruta es disfrutar de la moto, conocer nuevos amigos o disfrutar de los que ya se conocen y de paso visitar el Castillo de Feria, que est\u00e1 rehabilitado [&hellip;]<!-- AddThis Advanced Settings generic via filter on get_the_excerpt --><!-- AddThis Share Buttons generic via filter on get_the_excerpt --><\/p>\n","protected":false},"author":49,"featured_media":0,"comment_status":"open","ping_status":"closed","sticky":false,"template":"","format":"standard","meta":[],"categories":[13],"tags":[152,622,624,1020,1021],"_links":{"self":[{"href":"https:\/\/blogs.hoy.es\/moterosdehoy\/wp-json\/wp\/v2\/posts\/1813"}],"collection":[{"href":"https:\/\/blogs.hoy.es\/moterosdehoy\/wp-json\/wp\/v2\/posts"}],"about":[{"href":"https:\/\/blogs.hoy.es\/moterosdehoy\/wp-json\/wp\/v2\/types\/post"}],"author":[{"embeddable":true,"href":"https:\/\/blogs.hoy.es\/moterosdehoy\/wp-json\/wp\/v2\/users\/49"}],"replies":[{"embeddable":true,"href":"https:\/\/blogs.hoy.es\/moterosdehoy\/wp-json\/wp\/v2\/comments?post=1813"}],"version-history":[{"count":0,"href":"https:\/\/blogs.hoy.es\/moterosdehoy\/wp-json\/wp\/v2\/posts\/1813\/revisions"}],"wp:attachment":[{"href":"https:\/\/blogs.hoy.es\/moterosdehoy\/wp-json\/wp\/v2\/media?parent=1813"}],"wp:term":[{"taxonomy":"category","embeddable":true,"href":"https:\/\/blogs.hoy.es\/moterosdehoy\/wp-json\/wp\/v2\/categories?post=1813"},{"taxonomy":"post_tag","embeddable":true,"href":"https:\/\/blogs.hoy.es\/moterosdehoy\/wp-json\/wp\/v2\/tags?post=1813"}],"curies":[{"name":"wp","href":"https:\/\/api.w.org\/{rel}","templated":true}]}}