{"id":1815,"date":"2016-02-08T11:39:38","date_gmt":"2016-02-08T11:39:38","guid":{"rendered":"http:\/\/blogs.hoy.es\/moterosdehoy\/?p=1815"},"modified":"2016-02-08T11:39:38","modified_gmt":"2016-02-08T11:39:38","slug":"migas-kojoneras","status":"publish","type":"post","link":"https:\/\/blogs.hoy.es\/moterosdehoy\/2016\/02\/08\/migas-kojoneras\/","title":{"rendered":"Migas Kojoneras"},"content":{"rendered":"<p>La pe\u00f1a motera &#8220;<a title=\"Facebook de El Koyote Kojonero\" href=\"https:\/\/www.facebook.com\/elkoyotekojonero.miajadas?fref=ts\" target=\"_blank\" rel=\"external nofollow\">El Koyote Kojonero<\/a>&#8221; de la localidad de <a title=\"Miajadas en wikipedia\" href=\"https:\/\/es.wikipedia.org\/wiki\/Miajadas\" target=\"_blank\" rel=\"external nofollow\">Miajadas<\/a> (C\u00e1ceres), nos trae su s\u00e9ptimo encuentro &#8220;Migas Kojoneras&#8221;.<\/p>\n<p><a href=\"\/moterosdehoy\/wp-content\/uploads\/sites\/45\/2016\/02\/2016_02-Mijajadas.jpg\"><img loading=\"lazy\" class=\"alignleft size-medium wp-image-1816\" title=\"2016_02 Miajadas\" src=\"\/moterosdehoy\/wp-content\/uploads\/sites\/45\/2016\/02\/2016_02-Mijajadas.jpg\" alt=\"\" width=\"212\" height=\"300\" srcset=\"https:\/\/static-blogs.hoy.es\/wp-content\/uploads\/sites\/45\/2016\/02\/2016_02-Mijajadas.jpg 1131w, https:\/\/static-blogs.hoy.es\/wp-content\/uploads\/sites\/45\/2016\/02\/2016_02-Mijajadas-212x300.jpg 212w, https:\/\/static-blogs.hoy.es\/wp-content\/uploads\/sites\/45\/2016\/02\/2016_02-Mijajadas-768x1086.jpg 768w, https:\/\/static-blogs.hoy.es\/wp-content\/uploads\/sites\/45\/2016\/02\/2016_02-Mijajadas-724x1024.jpg 724w\" sizes=\"(max-width: 212px) 100vw, 212px\" \/><\/a>Tendr\u00e1 lugar el domingo 14 de febrero, y se reunir\u00e1n en el Bar el Paso, de Miajadas, para a las 09:30 horas iniciar una ruta por la comarca con un recorrido aproximado de 140 kil\u00f3metros.<!--more--><\/p>\n<p>Que mejor forma de celebrar San Valent\u00edn para los amantes de las motos que con su amada de dos ruedas. Aunque seguro que si ese d\u00eda te acompa\u00f1a tu pareja mucho mejor.<\/p>\n<p>En el cartel dispon\u00e9is de un contacto si necesit\u00e1is m\u00e1s informaci\u00f3n.<\/p>\n<p>Saludos y r\u00e1fagas.<\/p>\n<p>&nbsp;<\/p>\n<!-- AddThis Advanced Settings generic via filter on the_content --><!-- AddThis Share Buttons generic via filter on the_content -->","protected":false},"excerpt":{"rendered":"<p>La pe\u00f1a motera &#8220;El Koyote Kojonero&#8221; de la localidad de Miajadas (C\u00e1ceres), nos trae su s\u00e9ptimo encuentro &#8220;Migas Kojoneras&#8221;. Tendr\u00e1 lugar el domingo 14 de febrero, y se reunir\u00e1n en el Bar el Paso, de Miajadas, para a las 09:30 horas iniciar una ruta por la comarca con un recorrido aproximado de 140 kil\u00f3metros.<!-- AddThis Advanced Settings generic via filter on get_the_excerpt --><!-- AddThis Share Buttons generic via filter on get_the_excerpt --><\/p>\n","protected":false},"author":49,"featured_media":0,"comment_status":"open","ping_status":"closed","sticky":false,"template":"","format":"standard","meta":[],"categories":[13],"tags":[361,622,624,869],"_links":{"self":[{"href":"https:\/\/blogs.hoy.es\/moterosdehoy\/wp-json\/wp\/v2\/posts\/1815"}],"collection":[{"href":"https:\/\/blogs.hoy.es\/moterosdehoy\/wp-json\/wp\/v2\/posts"}],"about":[{"href":"https:\/\/blogs.hoy.es\/moterosdehoy\/wp-json\/wp\/v2\/types\/post"}],"author":[{"embeddable":true,"href":"https:\/\/blogs.hoy.es\/moterosdehoy\/wp-json\/wp\/v2\/users\/49"}],"replies":[{"embeddable":true,"href":"https:\/\/blogs.hoy.es\/moterosdehoy\/wp-json\/wp\/v2\/comments?post=1815"}],"version-history":[{"count":0,"href":"https:\/\/blogs.hoy.es\/moterosdehoy\/wp-json\/wp\/v2\/posts\/1815\/revisions"}],"wp:attachment":[{"href":"https:\/\/blogs.hoy.es\/moterosdehoy\/wp-json\/wp\/v2\/media?parent=1815"}],"wp:term":[{"taxonomy":"category","embeddable":true,"href":"https:\/\/blogs.hoy.es\/moterosdehoy\/wp-json\/wp\/v2\/categories?post=1815"},{"taxonomy":"post_tag","embeddable":true,"href":"https:\/\/blogs.hoy.es\/moterosdehoy\/wp-json\/wp\/v2\/tags?post=1815"}],"curies":[{"name":"wp","href":"https:\/\/api.w.org\/{rel}","templated":true}]}}