{"id":1817,"date":"2016-02-09T20:20:51","date_gmt":"2016-02-09T20:20:51","guid":{"rendered":"http:\/\/blogs.hoy.es\/moterosdehoy\/?p=1817"},"modified":"2016-02-09T20:20:51","modified_gmt":"2016-02-09T20:20:51","slug":"ruta-a-trujillo-con-extremadura-15-50","status":"publish","type":"post","link":"https:\/\/blogs.hoy.es\/moterosdehoy\/2016\/02\/09\/ruta-a-trujillo-con-extremadura-15-50\/","title":{"rendered":"Ruta a Trujillo, con Extremadura 15-50"},"content":{"rendered":"<p style=\"text-align: center;\"><span style=\"color: #ff0000;\"><strong>Ruta aplazada del d\u00eda 14 al d\u00eda 21, por meteorolog\u00eda adversa, los que se apuntaran deber\u00e1n hacerlo de nuevo.<\/strong><\/span><\/p>\n<p>En Extremadura tenemos muchos clubes de motos y de todos los formatos. MC&#8217;s, Motogroups, Moto clubs, Pe\u00f1as moteras, Asociaciones moteras&#8230; Pero todas tienen algo en com\u00fan, disfrutar de nuestra pasi\u00f3n motera en uni\u00f3n de nuestros amigos o hermanos.<\/p>\n<p><a href=\"\/moterosdehoy\/wp-content\/uploads\/sites\/45\/2016\/02\/Logo-Extremadura-15-50.jpg\"><img loading=\"lazy\" class=\"alignleft size-medium wp-image-1818\" title=\"Logo Extremadura 15-50\" src=\"\/moterosdehoy\/wp-content\/uploads\/sites\/45\/2016\/02\/Logo-Extremadura-15-50.jpg\" alt=\"\" width=\"300\" height=\"300\" srcset=\"https:\/\/static-blogs.hoy.es\/wp-content\/uploads\/sites\/45\/2016\/02\/Logo-Extremadura-15-50.jpg 304w, https:\/\/static-blogs.hoy.es\/wp-content\/uploads\/sites\/45\/2016\/02\/Logo-Extremadura-15-50-150x150.jpg 150w, https:\/\/static-blogs.hoy.es\/wp-content\/uploads\/sites\/45\/2016\/02\/Logo-Extremadura-15-50-300x300.jpg 300w\" sizes=\"(max-width: 300px) 100vw, 300px\" \/><\/a>En \u00e9sta ocasi\u00f3n os hablar\u00e9 de la asociaci\u00f3n motera <a title=\"p\u00e1gina oficial Extremadura 15-50\" href=\"http:\/\/extremadura15-50.es\/#inicio\" target=\"_blank\" rel=\"external nofollow\">Extremadura 15-50<\/a>. Son una asociaci\u00f3n nacida de una quedada de tres amigos en noviembre de 2013, donde decidieron quedar como m\u00ednimo una vez al mes para dar una vuelta en moto por los rincones de Extremadura y conocer mejor nuestra regi\u00f3n. Tras un a\u00f1o eran una veintena, y dos a\u00f1os despu\u00e9s rozaban los doscientos socios. Actualmente este grupo de amigos sigue crecido y desde su p\u00e1gina invitan a todo el que quiera compartir kil\u00f3metros, experiencia&#8230; <!--more-->Siempre fomentando el compa\u00f1erismo y el buen rollo.<\/p>\n<p>Dicha asociaci\u00f3n tiene su sede en C\u00e1ceres, concretamente en C\/. Altamira, 20, y en su web tienes disponible toda la informaci\u00f3n referente a ellos, rutas programadas y posibilidad de asociarte. Ten en cuenta que su sede es en C\u00e1ceres por lo que las rutas suelen partir y regresar de all\u00ed, pero si bien es cierto intentan recorrer toda Extremadura, por lo que en el rinc\u00f3n que te encuentres seguro que tienes alguna visita.<\/p>\n<p>Para el <strong>domingo 21 de febrero<\/strong>, tienen prevista una visita a la preciosa localidad de <strong><a title=\"Trujillo en wikipedia\" href=\"https:\/\/es.wikipedia.org\/wiki\/Trujillo_(Espa%C3%B1a)\" target=\"_blank\" rel=\"external nofollow\">Trujillo<\/a><\/strong>, la salida ser\u00e1 a las 10:00 h. desde la churrer\u00eda San Blas (C\u00e1ceres) y a las 10:05 h. desde el Temis. A la llegada a Trujillo ir\u00e1n directamente al castillo y despu\u00e9s a la Plaza Mayor, donde los recibir\u00e1 el Alcalde e invitar\u00e1n a tomar unas cervecillas. Despu\u00e9s habr\u00e1 un pincho ( 3 euros por persona) en el bar El Palomar el cual tambi\u00e9n invita a unas cervezas. Sobre las 13:00 regreso a C\u00e1ceres.<\/p>\n<p>Una vez en C\u00e1ceres ir\u00e1n al bar El Redoble donde por 3 euros por persona habr\u00e1 paella y de nuevo invitan a unas cervezas, tambi\u00e9n dispondr\u00e1n de dos paletas de jam\u00f3n. Desde la organizaci\u00f3n recuerdan que las consumiciones para los socios ese d\u00eda costar\u00e1n 0&#8217;50 euros menos de su precio normal.<\/p>\n<p>Si quieres asistir desde la organizaci\u00f3n y dado el n\u00famero elevado de socios, piden que lo <a title=\"Confirmar asistencia a ruta\" href=\"http:\/\/extremadura15-50.es\/#confirmacion\" target=\"_blank\" rel=\"external nofollow\">confirmes con antelaci\u00f3n<\/a>.<\/p>\n<p>Ya sabes, si andas perdido por ah\u00ed y no sabes con quien salir de ruta o simplemente quieres agregarte a otro grupo, aqu\u00ed tienes la oportunidad.<\/p>\n<p>Saludos y r\u00e1fagas.<\/p>\n<!-- AddThis Advanced Settings generic via filter on the_content --><!-- AddThis Share Buttons generic via filter on the_content -->","protected":false},"excerpt":{"rendered":"<p>Ruta aplazada del d\u00eda 14 al d\u00eda 21, por meteorolog\u00eda adversa, los que se apuntaran deber\u00e1n hacerlo de nuevo. En Extremadura tenemos muchos clubes de motos y de todos los formatos. MC&#8217;s, Motogroups, Moto clubs, Pe\u00f1as moteras, Asociaciones moteras&#8230; Pero todas tienen algo en com\u00fan, disfrutar de nuestra pasi\u00f3n motera en uni\u00f3n de nuestros amigos [&hellip;]<!-- AddThis Advanced Settings generic via filter on get_the_excerpt --><!-- AddThis Share Buttons generic via filter on get_the_excerpt --><\/p>\n","protected":false},"author":49,"featured_media":0,"comment_status":"open","ping_status":"closed","sticky":false,"template":"","format":"standard","meta":[],"categories":[13],"tags":[383,613,622,624,849,854],"_links":{"self":[{"href":"https:\/\/blogs.hoy.es\/moterosdehoy\/wp-json\/wp\/v2\/posts\/1817"}],"collection":[{"href":"https:\/\/blogs.hoy.es\/moterosdehoy\/wp-json\/wp\/v2\/posts"}],"about":[{"href":"https:\/\/blogs.hoy.es\/moterosdehoy\/wp-json\/wp\/v2\/types\/post"}],"author":[{"embeddable":true,"href":"https:\/\/blogs.hoy.es\/moterosdehoy\/wp-json\/wp\/v2\/users\/49"}],"replies":[{"embeddable":true,"href":"https:\/\/blogs.hoy.es\/moterosdehoy\/wp-json\/wp\/v2\/comments?post=1817"}],"version-history":[{"count":0,"href":"https:\/\/blogs.hoy.es\/moterosdehoy\/wp-json\/wp\/v2\/posts\/1817\/revisions"}],"wp:attachment":[{"href":"https:\/\/blogs.hoy.es\/moterosdehoy\/wp-json\/wp\/v2\/media?parent=1817"}],"wp:term":[{"taxonomy":"category","embeddable":true,"href":"https:\/\/blogs.hoy.es\/moterosdehoy\/wp-json\/wp\/v2\/categories?post=1817"},{"taxonomy":"post_tag","embeddable":true,"href":"https:\/\/blogs.hoy.es\/moterosdehoy\/wp-json\/wp\/v2\/tags?post=1817"}],"curies":[{"name":"wp","href":"https:\/\/api.w.org\/{rel}","templated":true}]}}